{"id":4367,"date":"2021-05-25T09:54:50","date_gmt":"2021-05-25T09:54:50","guid":{"rendered":"https:\/\/tintafresca.net\/?p=4367"},"modified":"2021-05-25T09:58:31","modified_gmt":"2021-05-25T09:58:31","slug":"problemas-ambientais-da-bacia-hidrografica-do-lis-chegam-ao-parlamento-europeu-e-comissao-europeia","status":"publish","type":"post","link":"https:\/\/tintafresca.net\/index.php\/2021\/05\/25\/problemas-ambientais-da-bacia-hidrografica-do-lis-chegam-ao-parlamento-europeu-e-comissao-europeia\/","title":{"rendered":"Problemas ambientais da bacia do Lis chegam ao Parlamento Europeu e Comiss\u00e3o Europeia"},"content":{"rendered":"<div id=\"attachment_4369\" style=\"width: 510px\" class=\"wp-caption alignleft\"><img loading=\"lazy\" decoding=\"async\" aria-describedby=\"caption-attachment-4369\" class=\"wp-image-4369 size-full\" src=\"https:\/\/tintafresca.net\/wp-content\/uploads\/2021\/05\/Batalha_VisitaEurodeputados_24maio_10.jpg\" alt=\"\" width=\"500\" height=\"375\" \/><p id=\"caption-attachment-4369\" class=\"wp-caption-text\">Paulo Rangel e Paulo Batista Santos junto a um ponto de polui\u00e7\u00e3o no Rio Lena<\/p><\/div>\n<p>Em visita de trabalho realizada esta segunda-feira, dia 24 de maio, \u00e0s margens do rio Lena, em plena vila da Batalha, com a presen\u00e7a dos eurodeputados Paulo Rangel, L\u00eddia Pereira e \u00c1lvaro Amaro, o autarca da Batalha voltou a criticar a recente decis\u00e3o do Ministro do Ambiente de suspender a constru\u00e7\u00e3o da esta\u00e7\u00e3o de tratamento de efluentes suin\u00edcolas (ETES) em Leiria, e apelou \u00e0 interven\u00e7\u00e3o da Comiss\u00e3o Europeia para for\u00e7ar o governo portugu\u00eas a concretizar na regi\u00e3o de Leiria a designada prioridade europeia da transi\u00e7\u00e3o ambiental justa.<\/p>\n<p>Os deputados eleitos no Parlamento Europeia t\u00eam a possibilidade de intervir na fiscaliza\u00e7\u00e3o da aplica\u00e7\u00e3o dos fundos europeus e tamb\u00e9m do Plano de Recupera\u00e7\u00e3o e Resili\u00eancia apresentado por Portugal, instrumentos financeiros que devem comtemplar a\u00e7\u00f5es concretas na valoriza\u00e7\u00e3o do ambiente e da qualidade de vida dos cidad\u00e3os. Na ocasi\u00e3o, o autarca da Batalha apresentou os dados atualizados do grave problema ambiental que persiste na regi\u00e3o.<\/p>\n<div id=\"attachment_4373\" style=\"width: 510px\" class=\"wp-caption alignleft\"><img loading=\"lazy\" decoding=\"async\" aria-describedby=\"caption-attachment-4373\" class=\"wp-image-4373\" src=\"https:\/\/tintafresca.net\/wp-content\/uploads\/2021\/05\/Batalha_VisitaEurodeputados_24maio_03.jpg\" alt=\"\" width=\"500\" height=\"667\" \/><p id=\"caption-attachment-4373\" class=\"wp-caption-text\">Deputados do Parlamento Europeu na Batalha<\/p><\/div>\n<p>Para o autarca Paulo Batista Santos, \u201co tratamento de efluentes suin\u00edcolas da regi\u00e3o de Leiria \u00e9 uma quest\u00e3o nacional e que dever\u00e1 merecer a aten\u00e7\u00e3o das institui\u00e7\u00f5es europeias, nem que n\u00e3o seja para evidenciar que o Minist\u00e9rio do Ambiente em Portugal funciona como uma for\u00e7a de bloqueio ao desenvolvimento sustent\u00e1vel e, por esquecimento ou mera incompet\u00eancia, continuar a ignorar as preocupa\u00e7\u00f5es dos cidad\u00e3os e das empresas agropecu\u00e1rias da regi\u00e3o de Leiria\u201d.<\/p>\n<p>Os representantes nacionais no Parlamento Europeu e deputados \u00e0 Assembleia da Rep\u00fablica presentes nesta visita ficaram em realizar a\u00e7\u00f5es concretas junto do Governo e da Comiss\u00e3o Europeia, no sentido de assegura-se uma resposta urgente aos problemas ambientais da bacia hidrogr\u00e1fica do Lis, que integra o rio Lena e outras ribeiras.<\/p>\n<p><strong>\u00a0 \u00a0 Fonte: MB<\/strong><\/p>\n","protected":false},"excerpt":{"rendered":"<p>Em visita de trabalho realizada esta segunda-feira, dia 24 de maio, \u00e0s margens do rio Lena, em plena vila da Batalha, com a presen\u00e7a dos eurodeputados Paulo Rangel, L\u00eddia Pereira e \u00c1lvaro Amaro, o autarca da Batalha voltou a criticar a recente decis\u00e3o do Ministro do Ambiente de suspender a constru\u00e7\u00e3o da esta\u00e7\u00e3o de tratamento [&hellip;]<\/p>\n","protected":false},"author":2,"featured_media":4370,"comment_status":"open","ping_status":"open","sticky":false,"template":"","format":"standard","meta":{"footnotes":""},"categories":[9],"tags":[],"class_list":["post-4367","post","type-post","status-publish","format-standard","has-post-thumbnail","hentry","category-ambiente"],"_links":{"self":[{"href":"https:\/\/tintafresca.net\/index.php\/wp-json\/wp\/v2\/posts\/4367","targetHints":{"allow":["GET"]}}],"collection":[{"href":"https:\/\/tintafresca.net\/index.php\/wp-json\/wp\/v2\/posts"}],"about":[{"href":"https:\/\/tintafresca.net\/index.php\/wp-json\/wp\/v2\/types\/post"}],"author":[{"embeddable":true,"href":"https:\/\/tintafresca.net\/index.php\/wp-json\/wp\/v2\/users\/2"}],"replies":[{"embeddable":true,"href":"https:\/\/tintafresca.net\/index.php\/wp-json\/wp\/v2\/comments?post=4367"}],"version-history":[{"count":5,"href":"https:\/\/tintafresca.net\/index.php\/wp-json\/wp\/v2\/posts\/4367\/revisions"}],"predecessor-version":[{"id":4375,"href":"https:\/\/tintafresca.net\/index.php\/wp-json\/wp\/v2\/posts\/4367\/revisions\/4375"}],"wp:featuredmedia":[{"embeddable":true,"href":"https:\/\/tintafresca.net\/index.php\/wp-json\/wp\/v2\/media\/4370"}],"wp:attachment":[{"href":"https:\/\/tintafresca.net\/index.php\/wp-json\/wp\/v2\/media?parent=4367"}],"wp:term":[{"taxonomy":"category","embeddable":true,"href":"https:\/\/tintafresca.net\/index.php\/wp-json\/wp\/v2\/categories?post=4367"},{"taxonomy":"post_tag","embeddable":true,"href":"https:\/\/tintafresca.net\/index.php\/wp-json\/wp\/v2\/tags?post=4367"}],"curies":[{"name":"wp","href":"https:\/\/api.w.org\/{rel}","templated":true}]}}