{"id":4408,"date":"2021-05-26T13:58:53","date_gmt":"2021-05-26T13:58:53","guid":{"rendered":"https:\/\/tintafresca.net\/?p=4408"},"modified":"2021-05-26T13:58:53","modified_gmt":"2021-05-26T13:58:53","slug":"municipio-de-leiria-lamenta-profundamente-falecimento-de-aluno-do-colegio-conciliar-de-maria-imaculada","status":"publish","type":"post","link":"https:\/\/tintafresca.net\/index.php\/2021\/05\/26\/municipio-de-leiria-lamenta-profundamente-falecimento-de-aluno-do-colegio-conciliar-de-maria-imaculada\/","title":{"rendered":"Munic\u00edpio de Leiria lamenta profundamente falecimento de aluno do Col\u00e9gio Conciliar de Maria Imaculada"},"content":{"rendered":"<div id=\"attachment_4411\" style=\"width: 510px\" class=\"wp-caption alignleft\"><img loading=\"lazy\" decoding=\"async\" aria-describedby=\"caption-attachment-4411\" class=\"wp-image-4411 size-full\" src=\"https:\/\/tintafresca.net\/wp-content\/uploads\/2021\/05\/Leiria_Hospital_Urgencia100.jpg\" alt=\"\" width=\"500\" height=\"375\" \/><p id=\"caption-attachment-4411\" class=\"wp-caption-text\">Entrada da Urg\u00eancia do Hospital de Santo Andr\u00e9<\/p><\/div>\n<p>O Munic\u00edpio de Leiria lamenta profundamente o falecimento de um aluno do Col\u00e9gio Conciliar de Maria Imaculada, na sequ\u00eancia de um tr\u00e1gico acidente ocorrido esta ter\u00e7a-feira, dia 25 de maio, naquele estabelecimento de ensino. Recorde-se que o aluno foi atingido por uma baliza, no espa\u00e7o do Col\u00e9gio Conciliar de Maria Imaculada. O rapaz, de 15 anos, foi transportado pelo INEM para a urg\u00eancia do Hospital de Santo Andr\u00e9, em Leiria, onde foi declarado o \u00f3bito.<\/p>\n<p>Na sequ\u00eancia do acidente o Munic\u00edpio disponibilizou os seus recursos ao n\u00edvel do apoio psicol\u00f3gico.<\/p>\n<p>Neste momento de profunda dor, o Munic\u00edpio de Leiria expressa o seu profundo pesar \u00e0 fam\u00edlia e comunidade educativa e associa-se ao luto perante esta tr\u00e1gica perda que est\u00e1 a sensibilizar toda a comunidade.<\/p>\n<p>&nbsp;<\/p>\n","protected":false},"excerpt":{"rendered":"<p>O Munic\u00edpio de Leiria lamenta profundamente o falecimento de um aluno do Col\u00e9gio Conciliar de Maria Imaculada, na sequ\u00eancia de um tr\u00e1gico acidente ocorrido esta ter\u00e7a-feira, dia 25 de maio, naquele estabelecimento de ensino. Recorde-se que o aluno foi atingido por uma baliza, no espa\u00e7o do Col\u00e9gio Conciliar de Maria Imaculada. O rapaz, de 15 [&hellip;]<\/p>\n","protected":false},"author":2,"featured_media":4412,"comment_status":"open","ping_status":"open","sticky":false,"template":"","format":"standard","meta":{"footnotes":""},"categories":[14,6],"tags":[],"class_list":["post-4408","post","type-post","status-publish","format-standard","has-post-thumbnail","hentry","category-educacao","category-saude"],"_links":{"self":[{"href":"https:\/\/tintafresca.net\/index.php\/wp-json\/wp\/v2\/posts\/4408","targetHints":{"allow":["GET"]}}],"collection":[{"href":"https:\/\/tintafresca.net\/index.php\/wp-json\/wp\/v2\/posts"}],"about":[{"href":"https:\/\/tintafresca.net\/index.php\/wp-json\/wp\/v2\/types\/post"}],"author":[{"embeddable":true,"href":"https:\/\/tintafresca.net\/index.php\/wp-json\/wp\/v2\/users\/2"}],"replies":[{"embeddable":true,"href":"https:\/\/tintafresca.net\/index.php\/wp-json\/wp\/v2\/comments?post=4408"}],"version-history":[{"count":3,"href":"https:\/\/tintafresca.net\/index.php\/wp-json\/wp\/v2\/posts\/4408\/revisions"}],"predecessor-version":[{"id":4413,"href":"https:\/\/tintafresca.net\/index.php\/wp-json\/wp\/v2\/posts\/4408\/revisions\/4413"}],"wp:featuredmedia":[{"embeddable":true,"href":"https:\/\/tintafresca.net\/index.php\/wp-json\/wp\/v2\/media\/4412"}],"wp:attachment":[{"href":"https:\/\/tintafresca.net\/index.php\/wp-json\/wp\/v2\/media?parent=4408"}],"wp:term":[{"taxonomy":"category","embeddable":true,"href":"https:\/\/tintafresca.net\/index.php\/wp-json\/wp\/v2\/categories?post=4408"},{"taxonomy":"post_tag","embeddable":true,"href":"https:\/\/tintafresca.net\/index.php\/wp-json\/wp\/v2\/tags?post=4408"}],"curies":[{"name":"wp","href":"https:\/\/api.w.org\/{rel}","templated":true}]}}