{"id":4433,"date":"2021-05-27T12:38:54","date_gmt":"2021-05-27T12:38:54","guid":{"rendered":"https:\/\/tintafresca.net\/?p=4433"},"modified":"2021-05-28T13:05:09","modified_gmt":"2021-05-28T13:05:09","slug":"politecnico-de-leiria-aposta-na-educacao-investigacao-e-inovacao-da-economia-azul-durante-a-proxima-decada","status":"publish","type":"post","link":"https:\/\/tintafresca.net\/index.php\/2021\/05\/27\/politecnico-de-leiria-aposta-na-educacao-investigacao-e-inovacao-da-economia-azul-durante-a-proxima-decada\/","title":{"rendered":"Polit\u00e9cnico de Leiria aposta na educa\u00e7\u00e3o, investiga\u00e7\u00e3o e inova\u00e7\u00e3o da economia azul"},"content":{"rendered":"<div id=\"attachment_4436\" style=\"width: 510px\" class=\"wp-caption alignleft\"><img loading=\"lazy\" decoding=\"async\" aria-describedby=\"caption-attachment-4436\" class=\"wp-image-4436 size-full\" src=\"https:\/\/tintafresca.net\/wp-content\/uploads\/2021\/05\/IPL_Rui-Pedrosa10.jpg\" alt=\"\" width=\"500\" height=\"333\" \/><p id=\"caption-attachment-4436\" class=\"wp-caption-text\">Rui Pedrosa<\/p><\/div>\n<p>\u00abA economia azul deve assumir um papel predominante na educa\u00e7\u00e3o, investiga\u00e7\u00e3o e inova\u00e7\u00e3o durante a pr\u00f3xima d\u00e9cada. Essa \u00e9 uma estrat\u00e9gia e compromisso do Polit\u00e9cnico de Leiria, inclu\u00eddos no plano estrat\u00e9gico 2020\/2030 da nossa institui\u00e7\u00e3o, e que encaixa perfeitamente na Estrat\u00e9gia Nacional para o Mar para o per\u00edodo 2021\/2030. Esta estrat\u00e9gia sublinha a import\u00e2ncia da economia azul, associada \u00e0 seguran\u00e7a alimentar, \u00e0 valoriza\u00e7\u00e3o da sustentabilidade dos recursos mar\u00edtimos, com a aquacultura, a biotecnologia marinha, entre outras atividades com impacto em v\u00e1rios setores\u00bb, afirmou Rui Pedrosa, presidente do Polit\u00e9cnico de Leiria, durante a abertura da confer\u00eancia internacional \u201cDo Mar \u00e0 Sociedade\u201d, realizada no dia 25 de maio.<\/p>\n<p>Promovida em parceria com o Minist\u00e9rio da Ci\u00eancia, Tecnologia e Ensino Superior e o Minist\u00e9rio do Mar, a confer\u00eancia internacional foi organizada sob a Presid\u00eancia Portuguesa do Conselho da Uni\u00e3o Europeia, e reuniu diversos especialistas, investigadores e atores da economia azul, para uma partilha e valoriza\u00e7\u00e3o de conhecimento e tecnologia para a sustentabilidade, valoriza\u00e7\u00e3o dos recursos marinhos e para o desenvolvimento socioecon\u00f3mico das comunidades costeiras.<\/p>\n<p>\u00abQuero destacar o grande investimento que o Polit\u00e9cnico de Leiria fez nos \u00faltimos 20 anos, como a constru\u00e7\u00e3o da Escola Superior de Turismo e Tecnologia do Mar (ESTM), com mais de 1.600 estudantes em v\u00e1rios cursos das \u00e1reas do Turismo, Sustentabilidade, Hospitalidade, Gastronomia, Biologia Marinha, Biotecnologia Marinha, Engenharia dos Alimentos e Aquacultura. E este ano vamos ter um novo e pioneiro mestrado em Economia Azul e Circular\u00bb, real\u00e7ou o presidente, destacando ainda a cria\u00e7\u00e3o da estrutura cient\u00edfica Cetemares e a cocria\u00e7\u00e3o do Smart Ocean, um parque de Ci\u00eancia e Tecnologia, em parceria com o munic\u00edpio de Peniche.<\/p>\n<p>Rui Pedrosa sublinhou o trabalho que tem vindo a ser desenvolvido na Universidade Europeia RUN-EU, liderada pelo Polit\u00e9cnico de Leiria, onde, al\u00e9m das estrat\u00e9gias principais associadas \u00e0 cria\u00e7\u00e3o de programas conjuntos de licenciaturas, mestrados e doutoramentos a n\u00edvel europeu, programas avan\u00e7ados de curta dura\u00e7\u00e3o, e o programa RUN-EU Discovery, foi proposta a cocria\u00e7\u00e3o de tr\u00eas hubs de inova\u00e7\u00e3o europeus, incluindo o hub de bioeconomia.<\/p>\n<p>\u00abCom esta confer\u00eancia pretendemos destacar uma forte ideia que ficou ainda mais vis\u00edvel durante este contexto pand\u00e9mico, que a ci\u00eancia e o conhecimento s\u00e3o globais, sem barreiras e completamente dependentes de redes nacionais e internacionais, com mais e mais contributos multidisciplinares, em contextos de cocria\u00e7\u00e3o. Apenas com redes globais de ci\u00eancia e conhecimento vai ser poss\u00edvel ultrapassar os desafios globais que enfrentamos atualmente, como as altera\u00e7\u00f5es clim\u00e1ticas\u00bb, afirmou Rui Pedrosa.<\/p>\n<p>A representar o Minist\u00e9rio do Mar esteve a diretora-geral da Pol\u00edtica do Mar, Helena Vieira, que come\u00e7ou por citar o primeiro-ministro Ant\u00f3nio Costa, ao afirmar: \u00abOutros deram prioridade \u00e0 lua e a Marte, mas a Europa tem que abra\u00e7ar os oceanos como uma causa e uma miss\u00e3o\u00bb. \u00abUma bioeconomia sustent\u00e1vel, circular e inclusiva vai beneficiar os oceanos. Mas apenas \u00e9 poss\u00edvel se for baseada nos fundamentos de um oceano saud\u00e1vel. Precisamos de mudar o nosso comportamento e as nossas pol\u00edticas para travar a degrada\u00e7\u00e3o do ecossistema marinho e desenvolver um ecossistema econ\u00f3mico que seja simultaneamente sustent\u00e1vel e competitivo\u00bb, defendeu Helena Vieira, focando-se na Estrat\u00e9gia Nacional para o Mar para o per\u00edodo 2021\/2030.<\/p>\n<p>\u00abEsta nova estrat\u00e9gia nacional coloca a sa\u00fade do nosso oceano como uma necessidade b\u00e1sica, para a qual o desenvolvimento tecnol\u00f3gico e a investiga\u00e7\u00e3o cient\u00edfica s\u00e3o colocados no centro do processo de decis\u00e3o. Este documento representa a principal refer\u00eancia para as pol\u00edticas portuguesas relacionadas com o oceano durante os pr\u00f3ximos 10 anos, onde a ci\u00eancia e a tecnologia est\u00e3o em destaque\u00bb, destacou a diretora-geral da Pol\u00edtica do Mar, apontando a cria\u00e7\u00e3o do \u201cHub Azul\u201d.<\/p>\n<p>\u00abEste hub vai permitir uma economia tecnol\u00f3gica, verde e azul, com um claro foco na prote\u00e7\u00e3o da biodiversidade. No polo de Peniche do Hub Azul, por exemplo, o investimento vai focar-se em desenvolver o Smart Ocean, para refor\u00e7ar a sua capacidade para suportar e apoiar start-ups, mas tamb\u00e9m projetos para melhorar instala\u00e7\u00f5es locais de realiza\u00e7\u00e3o de testes no oceano e ainda refor\u00e7ar a rela\u00e7\u00e3o com a comunidade local, que est\u00e1 fortemente ligada ao mar nesta regi\u00e3o. Vai ser uma boa representa\u00e7\u00e3o de como o oceano, ci\u00eancia e tecnologia podem impulsionar o desenvolvimento local, regional e nacional\u00bb, sublinhou Helena Vieira, que enalteceu ainda a dinamiza\u00e7\u00e3o da confer\u00eancia \u201cDo Mar \u00e0 Sociedade\u201d.<\/p>\n<p>\u00abUm evento como este, que se foca no desenvolvimento sustent\u00e1vel e inclusivo, no poder das parcerias entre ci\u00eancia e sociedade e na import\u00e2ncia da tecnologia, \u00e9 muito relevante no contexto nacional e internacional\u00bb, concluiu.<\/p>\n<p>Por sua vez, o ministro da Ci\u00eancia, Tecnologia e Ensino Superior come\u00e7ou por alertar que \u00aba deposi\u00e7\u00e3o de pl\u00e1stico no fundo do oceano tornou-se num dos assuntos mais cr\u00edticos associados com as altera\u00e7\u00f5es clim\u00e1ticas\u00bb. \u00abPrecisamos de cuidar dos oceanos. N\u00e3o h\u00e1 mais tempo para nos esquecermos disso. Os oceanos tornaram-se um elemento cr\u00edtico no nosso desenvolvimento sustent\u00e1vel e no nosso futuro comum\u00bb, refor\u00e7ou Manuel Heitor.<\/p>\n<p>\u00abO que sabemos \u00e9 que h\u00e1 tr\u00eas grandes assuntos a ter em aten\u00e7\u00e3o. O primeiro \u00e9 conhecimento novo. Precisamos de fazer mais pesquisa sobre como atingir a sustentabilidade da economia azul, sobretudo em termos de conhecimento transdisciplinar para melhor compreender a rela\u00e7\u00e3o entre os oceanos e a ci\u00eancia clim\u00e1tica, mas tamb\u00e9m como podemos aumentar a sustentabilidade dos oceanos. Em segundo lugar, \u00e9 necess\u00e1rio olhar para novas formas de colabora\u00e7\u00e3o entre os setores p\u00fablico e privado, entre investiga\u00e7\u00e3o e institui\u00e7\u00f5es acad\u00e9micas, tudo isto numa a\u00e7\u00e3o coletiva. Por fim, sabemos que precisamos de mais m\u00e9todos de observa\u00e7\u00e3o e de usar as oportunidades da digitaliza\u00e7\u00e3o da nossa sociedade, atrav\u00e9s da utiliza\u00e7\u00e3o de sensores e sat\u00e9lites\u00bb, frisou Manuel Heitor.<\/p>\n<p>Ap\u00f3s a sess\u00e3o de abertura seguiu-se a realiza\u00e7\u00e3o de dois pain\u00e9is de discuss\u00e3o online, o primeiro sobre a sustentabilidade apoiada no conhecimento e na import\u00e2ncia das redes colaborativas europeias para a bioeconomia azul, onde foi un\u00e2nime que a corpora\u00e7\u00e3o \u00e9 a chave para identificar solu\u00e7\u00f5es para os desafios globais. O debate contou com as interven\u00e7\u00f5es de Fidel Echevarr\u00eda, coordenador da Universidade Europeia dos Mares (SEA-EU), Nicolas Pade, diretor executivo do Centro Europeu de Recursos Biol\u00f3gicos Marinhos (EMBRC-ERIC), Matt Frost, presidente da Rede Europeia de Esta\u00e7\u00f5es Mar\u00edtimas (MARS); Patrizio Mariani, coordenador da Rede EuroMarine, Ana Rotter, presidente da COST Action Ocean4Biotech, e Miguel Bell\u00f3, CEO do Atlantic International Research Centre (AIR).<\/p>\n<p>A valoriza\u00e7\u00e3o das identidades costeiras na Europa associadas \u00e0 sustentabilidade dos recursos e \u00e0 resili\u00eancia social das comunidades piscat\u00f3rias foi a tem\u00e1tica do segundo painel, com destaque para a import\u00e2ncia de envolver as comunidades e os <em>stakeholders <\/em>na prote\u00e7\u00e3o dos oceanos. No painel participaram Han Brezet, da AAU Aalborg University (Dinamarca), Robin Teigland, da Chalmers University (Su\u00e9cia) e do Peniche Ocean Watch, Francisco Sp\u00ednola, diretor-geral da Liga Mundial de Surf (WSL) para a Europa, \u00c1frica e M\u00e9dio Oriente, Francisco Saraiva Gomes, CEO do Pontos Aqua, Ant\u00f3nio Jos\u00e9 Correia, do FORUM Oceano \u2013 Cluster do Mar Portugu\u00eas, Jorge Abrantes, da FLAG OESTE (Portugal), e Susanne Wedin-Schildt, do Ocean Community Challenge.<\/p>\n<p>Na sess\u00e3o de encerramento da confer\u00eancia, Carlos Figueiredo, administrador da Docapesca \u2013 Portos e Lotas, come\u00e7ou por salientar que, \u00abtendo uma posi\u00e7\u00e3o cr\u00edtica na nossa comunidade costeira, os portos de pesca portugueses s\u00e3o clusters de uma tradicional ind\u00fastria do oceano e atividades emergentes que providenciam um potencial para a inova\u00e7\u00e3o e desenvolvimento\u00bb. \u00abO centro Smart Ocean, do qual a Docapesca \u00e9 um membro fundador, \u00e9 um grande exemplo de como v\u00e1rias atividades se podem juntar na \u00e1rea do porto de pesca. Vai ser uma \u00e2ncora de desenvolvimento e melhoria do potencial de novas empresas para o neg\u00f3cio do peixe\u00bb, salientou.<\/p>\n<p>\u00abVemos os portos de pesca como instrumentos que se relacionam com os lugares e cidades onde est\u00e3o localizados, polos de inova\u00e7\u00e3o e tecnologia do futuro, autossustent\u00e1veis e capazes de atrair investimento e capital humano. O nosso objetivo para o futuro \u00e9 continuar o nosso crescimento e expandir estas atividades, atrav\u00e9s da cria\u00e7\u00e3o de hubs e outros portos de pesca. Manter o equil\u00edbrio entre os tr\u00eas pilares da sustentabilidade tem sido uma preocupa\u00e7\u00e3o da Docapesca nos \u00faltimos anos\u00bb, afirmou Carlos Figueiredo.<\/p>\n<p>J\u00e1 o vice-presidente da C\u00e2mara Municipal de Peniche, Mark Ministro, destacou que \u00abPeniche est\u00e1 a trabalhar fortemente para garantir uma heran\u00e7a do oceano e criar um legado enquanto destino para um futuro azul e sustent\u00e1vel\u00bb. \u00abH\u00e1 v\u00e1rios fatores que contribuem para esta vis\u00e3o que temos, sobretudo porque somos aben\u00e7oados pela nossa localiza\u00e7\u00e3o geogr\u00e1fica, rodeada pela natureza. Al\u00e9m disso, na hist\u00f3ria de Peniche h\u00e1 um antes e depois da ESTM. Passaram-se 20 anos desde a cria\u00e7\u00e3o da Escola e a vida em Peniche mudou significativamente, sendo que continuamos a desenvolver-nos com a presen\u00e7a da ESTM neste territ\u00f3rio\u00bb, real\u00e7ou Mark Ministro.<\/p>\n<p>\u00abQuem imaginaria que hoje Peniche aspirava ser uma refer\u00eancia internacional em termos de conhecimento sobre o oceano e uma economia azul e sustent\u00e1vel? Isto \u00e9 algo que seria inimagin\u00e1vel h\u00e1 20 anos. O Polit\u00e9cnico de Leiria e a ESTM desafiaram a comunidade a seguir em frente e a desenvolver-se. Conhecimento, tecnologia, inova\u00e7\u00e3o, economia azul, economia circular e economia sustent\u00e1vel s\u00e3o palavras-chave que hoje est\u00e3o bem presentes em Peniche\u00bb, afirmou o vice-presidente da autarquia.<\/p>\n<p>A encerrar a confer\u00eancia, Paulo Almeida, diretor da ESTM, enfatizou a \u00abimport\u00e2ncia que o conhecimento e a tecnologia assumem na gest\u00e3o e explora\u00e7\u00e3o dos recursos marinhos\u00bb. \u00abSabemos da import\u00e2ncia da ind\u00fastria azul e da inova\u00e7\u00e3o, e o poder das parcerias entre ci\u00eancia e sociedade. Queremos promover a sustentabilidade da rela\u00e7\u00e3o entre os humanos e o ecossistema marinho, pois \u00e9 uma responsabilidade que temos para as pr\u00f3ximas gera\u00e7\u00f5es\u00bb, destacou.<\/p>\n<p>\u00abSabemos o qu\u00e3o importante \u00e9 a rela\u00e7\u00e3o entre o desenvolvimento social e a sustentabilidade dos recursos. O Polit\u00e9cnico de Leiria est\u00e1 interessado neste bom uso dos recursos, associado a uma economia azul, e, nesse sentido, come\u00e7\u00e1mos a criar um novo mestrado, sobre Economia Azul e Circular, que esperamos poder coloc\u00e1-lo \u00e0 disposi\u00e7\u00e3o da comunidade j\u00e1 no pr\u00f3ximo ano\u00bb, apontou Paulo Almeida.<\/p>\n<p>No \u00e2mbito da confer\u00eancia internacional \u201cDo Mar \u00e0 Sociedade\u201d, a ESTM acolheu ainda algumas iniciativas culturais durante toda a tarde, nomeadamente um <em>show cooking<\/em> que ilustrou a gastronomia europeia com base nos recursos do mar, uma visita guiada \u00e0 exposi\u00e7\u00e3o fotogr\u00e1fica sobre os oceanos, intitulada \u201cM\u00e3e Nossa\u201d, o relan\u00e7amento do livro \u201cDo Mar ao Prato\u201d, editado em 2016 e que agora apresenta uma vers\u00e3o bilingue, e a inaugura\u00e7\u00e3o da exposi\u00e7\u00e3o \u201cIlha\u201d.<\/p>\n<p><strong>Fonte: <\/strong>Midlandcom<\/p>\n","protected":false},"excerpt":{"rendered":"<p>\u00abA economia azul deve assumir um papel predominante na educa\u00e7\u00e3o, investiga\u00e7\u00e3o e inova\u00e7\u00e3o durante a pr\u00f3xima d\u00e9cada. Essa \u00e9 uma estrat\u00e9gia e compromisso do Polit\u00e9cnico de Leiria, inclu\u00eddos no plano estrat\u00e9gico 2020\/2030 da nossa institui\u00e7\u00e3o, e que encaixa perfeitamente na Estrat\u00e9gia Nacional para o Mar para o per\u00edodo 2021\/2030. Esta estrat\u00e9gia sublinha a import\u00e2ncia da [&hellip;]<\/p>\n","protected":false},"author":2,"featured_media":4468,"comment_status":"open","ping_status":"open","sticky":false,"template":"","format":"standard","meta":{"footnotes":""},"categories":[9,7,14],"tags":[],"class_list":["post-4433","post","type-post","status-publish","format-standard","has-post-thumbnail","hentry","category-ambiente","category-economia","category-educacao"],"_links":{"self":[{"href":"https:\/\/tintafresca.net\/index.php\/wp-json\/wp\/v2\/posts\/4433","targetHints":{"allow":["GET"]}}],"collection":[{"href":"https:\/\/tintafresca.net\/index.php\/wp-json\/wp\/v2\/posts"}],"about":[{"href":"https:\/\/tintafresca.net\/index.php\/wp-json\/wp\/v2\/types\/post"}],"author":[{"embeddable":true,"href":"https:\/\/tintafresca.net\/index.php\/wp-json\/wp\/v2\/users\/2"}],"replies":[{"embeddable":true,"href":"https:\/\/tintafresca.net\/index.php\/wp-json\/wp\/v2\/comments?post=4433"}],"version-history":[{"count":5,"href":"https:\/\/tintafresca.net\/index.php\/wp-json\/wp\/v2\/posts\/4433\/revisions"}],"predecessor-version":[{"id":4440,"href":"https:\/\/tintafresca.net\/index.php\/wp-json\/wp\/v2\/posts\/4433\/revisions\/4440"}],"wp:featuredmedia":[{"embeddable":true,"href":"https:\/\/tintafresca.net\/index.php\/wp-json\/wp\/v2\/media\/4468"}],"wp:attachment":[{"href":"https:\/\/tintafresca.net\/index.php\/wp-json\/wp\/v2\/media?parent=4433"}],"wp:term":[{"taxonomy":"category","embeddable":true,"href":"https:\/\/tintafresca.net\/index.php\/wp-json\/wp\/v2\/categories?post=4433"},{"taxonomy":"post_tag","embeddable":true,"href":"https:\/\/tintafresca.net\/index.php\/wp-json\/wp\/v2\/tags?post=4433"}],"curies":[{"name":"wp","href":"https:\/\/api.w.org\/{rel}","templated":true}]}}