{"id":44334,"date":"2026-08-30T09:06:35","date_gmt":"2026-08-30T09:06:35","guid":{"rendered":"https:\/\/tintafresca.net\/?p=44334"},"modified":"2026-08-30T09:21:13","modified_gmt":"2026-08-30T09:21:13","slug":"centenario-da-elevacao-de-caldas-da-rainha-a-cidade-vai-refletir-sobre-o-futuro-do-territorio","status":"publish","type":"post","link":"https:\/\/tintafresca.net\/index.php\/2026\/08\/30\/centenario-da-elevacao-de-caldas-da-rainha-a-cidade-vai-refletir-sobre-o-futuro-do-territorio\/","title":{"rendered":"Centen\u00e1rio da Eleva\u00e7\u00e3o de Caldas da Rainha a Cidade vai refletir sobre o futuro do territ\u00f3rio"},"content":{"rendered":"<div id=\"attachment_44336\" style=\"width: 510px\" class=\"wp-caption alignleft\"><img loading=\"lazy\" decoding=\"async\" aria-describedby=\"caption-attachment-44336\" class=\"wp-image-44336 size-full\" src=\"https:\/\/tintafresca.net\/wp-content\/uploads\/2026\/08\/Caldas_Pavilhoes_do_parque20.jpg\" alt=\"\" width=\"500\" height=\"375\" srcset=\"https:\/\/tintafresca.net\/wp-content\/uploads\/2026\/08\/Caldas_Pavilhoes_do_parque20.jpg 500w, https:\/\/tintafresca.net\/wp-content\/uploads\/2026\/08\/Caldas_Pavilhoes_do_parque20-300x225.jpg 300w\" sizes=\"auto, (max-width: 500px) 100vw, 500px\" \/><p id=\"caption-attachment-44336\" class=\"wp-caption-text\">Pavilh\u00f5es do Parque<\/p><\/div>\n<p>Caldas da Rainha assinalou o 99.\u00ba anivers\u00e1rio da sua Eleva\u00e7\u00e3o a Cidade no dia 26 de agosto, numa sess\u00e3o que ficou marcada pela apresenta\u00e7\u00e3o oficial do Comiss\u00e1rio das Comemora\u00e7\u00f5es do Centen\u00e1rio, o artista pl\u00e1stico Jo\u00e3o Paulo Feliciano, e pela divulga\u00e7\u00e3o dos principais eixos das celebra\u00e7\u00f5es, cuja programa\u00e7\u00e3o se encontra em desenvolvimento, num processo participativo que envolver\u00e1 v\u00e1rias entidades e a sociedade civil.<\/p>\n<p>As comemora\u00e7\u00f5es oficiais decorrer\u00e3o entre 15 de maio de 2027 e 15 de maio de 2028. Contudo, \u201cmais do que para a realiza\u00e7\u00e3o de eventos delimitados no tempo e no espa\u00e7o, devemos aproveitar o centen\u00e1rio para refletir sobre o futuro do territ\u00f3rio, contando com as for\u00e7as nele existentes. Foi neste sentido que lan\u00e7\u00e1mos o convite a Jo\u00e3o Paulo Feliciano para comissariar estas celebra\u00e7\u00f5es, convocando para isso o seu profundo conhecimento de filho da terra\u201d, refere a vereadora da Cultura da C\u00e2mara Municipal das Caldas da Rainha, Concei\u00e7\u00e3o Henriques.<\/p>\n<p>Para Jo\u00e3o Paulo Feliciano, Comiss\u00e1rio das Comemora\u00e7\u00f5es do Centen\u00e1rio da Eleva\u00e7\u00e3o a Cidade de Caldas da Rainha, \u201cas comemora\u00e7\u00f5es deste centen\u00e1rio, muito mais que uma efem\u00e9ride, s\u00e3o uma grande oportunidade transformadora. Aprendi h\u00e1 muitos anos com um amigo, tamb\u00e9m ele artista pl\u00e1stico, que as grandes coisas acontecem quando se cruzam a oportunidade e o entusiasmo. Assim, parto para este desafio com um enorme entusiasmo\u201d.<\/p>\n<p>Ainda em 2026 v\u00e3o decorrer algumas iniciativas que pretendem refletir a cidade, nomeadamente a Jornada de Estudo \u201cBosco Deleitoso &#8211; Caldas da Rainha, da Funda\u00e7\u00e3o pela Rainha Dona Leonor aos Pavilh\u00f5es do Parque&#8221;, que est\u00e1 agendada para o pr\u00f3ximo dia 17 de outubro. Organizada pela C\u00e2mara Municipal das Caldas da Rainha, em parceria com a Associa\u00e7\u00e3o dos Amigos do Centro de Artes (CENTRA), esta Jornada ser\u00e1 um momento de reflex\u00e3o sobre a hist\u00f3ria, o presente e os desafios futuros do complexo termal que est\u00e1 na origem da cidade.<\/p>\n<p>Reunindo um painel de investigadores de refer\u00eancia, selecionados pelo historiador Joaquim Caetano, \u201cBosco Deleitoso &#8211; Caldas da Rainha, da Funda\u00e7\u00e3o pela Rainha Dona Leonor aos Pavilh\u00f5es do Parque&#8221; prop\u00f5e uma leitura da matriz identit\u00e1ria caldense a partir do legado da Rainha D. Leonor, desde o compromisso humanista que inspirou um modelo pioneiro de assist\u00eancia e cura \u00e0 excel\u00eancia art\u00edstica que lhe deu forma, passando ainda pela Igreja de Nossa Senhora do P\u00f3pulo, pelo complexo termal e pelos Pavilh\u00f5es do Parque. O objetivo desta iniciativa \u00e9 convidar a comunidade a (re)descobrir as ra\u00edzes que definem o munic\u00edpio e a projetar o seu desenvolvimento futuro.<\/p>\n<p><strong>Fonte: CIC|UDM|CMCR<\/strong><\/p>\n","protected":false},"excerpt":{"rendered":"<p>Caldas da Rainha assinalou o 99.\u00ba anivers\u00e1rio da sua Eleva\u00e7\u00e3o a Cidade no dia 26 de agosto, numa sess\u00e3o que ficou marcada pela apresenta\u00e7\u00e3o oficial do Comiss\u00e1rio das Comemora\u00e7\u00f5es do Centen\u00e1rio, o artista pl\u00e1stico Jo\u00e3o Paulo Feliciano, e pela divulga\u00e7\u00e3o dos principais eixos das celebra\u00e7\u00f5es, cuja programa\u00e7\u00e3o se encontra em desenvolvimento, num processo participativo que [&hellip;]<\/p>\n","protected":false},"author":2,"featured_media":44337,"comment_status":"open","ping_status":"open","sticky":false,"template":"","format":"standard","meta":{"footnotes":""},"categories":[11],"tags":[],"class_list":["post-44334","post","type-post","status-publish","format-standard","has-post-thumbnail","hentry","category-sociedade"],"_links":{"self":[{"href":"https:\/\/tintafresca.net\/index.php\/wp-json\/wp\/v2\/posts\/44334","targetHints":{"allow":["GET"]}}],"collection":[{"href":"https:\/\/tintafresca.net\/index.php\/wp-json\/wp\/v2\/posts"}],"about":[{"href":"https:\/\/tintafresca.net\/index.php\/wp-json\/wp\/v2\/types\/post"}],"author":[{"embeddable":true,"href":"https:\/\/tintafresca.net\/index.php\/wp-json\/wp\/v2\/users\/2"}],"replies":[{"embeddable":true,"href":"https:\/\/tintafresca.net\/index.php\/wp-json\/wp\/v2\/comments?post=44334"}],"version-history":[{"count":2,"href":"https:\/\/tintafresca.net\/index.php\/wp-json\/wp\/v2\/posts\/44334\/revisions"}],"predecessor-version":[{"id":44338,"href":"https:\/\/tintafresca.net\/index.php\/wp-json\/wp\/v2\/posts\/44334\/revisions\/44338"}],"wp:featuredmedia":[{"embeddable":true,"href":"https:\/\/tintafresca.net\/index.php\/wp-json\/wp\/v2\/media\/44337"}],"wp:attachment":[{"href":"https:\/\/tintafresca.net\/index.php\/wp-json\/wp\/v2\/media?parent=44334"}],"wp:term":[{"taxonomy":"category","embeddable":true,"href":"https:\/\/tintafresca.net\/index.php\/wp-json\/wp\/v2\/categories?post=44334"},{"taxonomy":"post_tag","embeddable":true,"href":"https:\/\/tintafresca.net\/index.php\/wp-json\/wp\/v2\/tags?post=44334"}],"curies":[{"name":"wp","href":"https:\/\/api.w.org\/{rel}","templated":true}]}}