{"id":44340,"date":"2026-08-31T13:14:58","date_gmt":"2026-08-31T13:14:58","guid":{"rendered":"https:\/\/tintafresca.net\/?p=44340"},"modified":"2026-08-31T23:16:13","modified_gmt":"2026-08-31T23:16:13","slug":"torres-novas-recebe-a-39-a-feira-nacional-dos-frutos-secos-de-1-a-5-de-outubro","status":"publish","type":"post","link":"https:\/\/tintafresca.net\/index.php\/2026\/08\/31\/torres-novas-recebe-a-39-a-feira-nacional-dos-frutos-secos-de-1-a-5-de-outubro\/","title":{"rendered":"Torres Novas recebe a 39.\u00aa Feira Nacional dos Frutos Secos de 1 a 5 de outubro"},"content":{"rendered":"<div id=\"attachment_44342\" style=\"width: 410px\" class=\"wp-caption alignleft\"><img loading=\"lazy\" decoding=\"async\" aria-describedby=\"caption-attachment-44342\" class=\"wp-image-44342 size-full\" src=\"https:\/\/tintafresca.net\/wp-content\/uploads\/2026\/08\/TN_frutos_secos10.jpg\" alt=\"\" width=\"400\" height=\"565\" srcset=\"https:\/\/tintafresca.net\/wp-content\/uploads\/2026\/08\/TN_frutos_secos10.jpg 400w, https:\/\/tintafresca.net\/wp-content\/uploads\/2026\/08\/TN_frutos_secos10-212x300.jpg 212w\" sizes=\"auto, (max-width: 400px) 100vw, 400px\" \/><p id=\"caption-attachment-44342\" class=\"wp-caption-text\">Cartaz<\/p><\/div>\n<p>O Munic\u00edpio de Torres Novas promove, de 1 a 5 de outubro, a 39.\u00aa edi\u00e7\u00e3o da Feira Nacional dos Frutos Secos, que ter\u00e1 lugar na Pra\u00e7a 5 de Outubro e na Pra\u00e7a dos Claras, em pleno centro hist\u00f3rico da cidade.<\/p>\n<p>Reconhecido como \u00abcapital dos frutos secos\u00bb, Torres Novas volta a acolher um certame que valoriza um setor profundamente enraizado na tradi\u00e7\u00e3o, na cultura e na identidade do concelho. Ao longo de cinco dias, a feira reunir\u00e1 expositores de frutos secos e seus derivados, artesanato, produtos alimentares, restaura\u00e7\u00e3o e um diversificado programa de anima\u00e7\u00e3o para todas as idades.<\/p>\n<p>De cariz tradicional, mas com uma forte aposta na inova\u00e7\u00e3o e na qualidade, a Feira Nacional dos Frutos Secos pretende promover a diferencia\u00e7\u00e3o e a valoriza\u00e7\u00e3o do setor, preservar e transmitir saberes e sabores associados aos frutos secos e envolver a comunidade torrejana e os visitantes.<\/p>\n<p>Entre os principais objetivos desta iniciativa est\u00e3o a dinamiza\u00e7\u00e3o e dignifica\u00e7\u00e3o do setor dos frutos secos e passados, a cria\u00e7\u00e3o de momentos etnogr\u00e1ficos representativos da cultura rural local, a afirma\u00e7\u00e3o do figo preto de Torres Novas enquanto produto diferenciador e de identidade local e a preserva\u00e7\u00e3o dos conhecimentos, tradi\u00e7\u00f5es e sabores associados a este patrim\u00f3nio.<\/p>\n<p>A feira contribui ainda para refor\u00e7ar a afirma\u00e7\u00e3o de Torres Novas enquanto palco de eventos nacionais de refer\u00eancia, promovendo a tradi\u00e7\u00e3o, a cultura e o patrim\u00f3nio torrejanos e proporcionando momentos de conv\u00edvio e anima\u00e7\u00e3o no centro hist\u00f3rico da cidade.<\/p>\n<p>A entrada \u00e9 gratuita.<\/p>\n<p><strong>Hor\u00e1rio de funcionamento<\/strong><\/p>\n<p>Quinta-feira, 1 de outubro: 18h00\u201324h00\u00a0Sexta-feira, 2 de outubro: 18h00\u201324h00\u00a0S\u00e1bado, 3 de outubro: 11h00\u201324h00\u00a0Domingo, 4 de outubro: 11h00\u201324h00\u00a0Segunda-feira, 5 de outubro: 11h00\u201321h00\u00a0Programa<\/p>\n<p>Quinta-feira, 1 de outubro<\/p>\n<p>Tarde \u2014 Camisas Negras | m\u00fasica itinerante\u00a018h00\u201323h00 \u2014 NaturVillage | Jogos Tradicionais | Pra\u00e7a 5 de Outubro\u00a022h00 \u2014 M\u00e1rio e H\u00e9lio | m\u00fasica | Pra\u00e7a dos Claras<\/p>\n<p>Sexta-feira, 2 de outubro<\/p>\n<p>Tarde \u2014 Brigada das Cores | teatro de rua\u00a018h00\u201323h00 \u2014 NaturVillage | Jogos Tradicionais | Pra\u00e7a 5 de Outubro\u00a022h00 \u2014 Nuno Norte | m\u00fasica | Pra\u00e7a dos Claras<\/p>\n<p>S\u00e1bado, 3 de outubro<\/p>\n<p>Tarde \u2014 BOT\u2019aRUFAR | m\u00fasica itinerante\u00a0Tarde \u2014 As Lavadeiras | teatro de rua\u00a0Tarde \u2014 Bandinha Mirense | m\u00fasica itinerante\u00a0Tarde \u2014 Bino e Bina | teatro de rua\u00a016h00\u201322h00 \u2014 NaturVillage | Jogos Tradicionais | Pra\u00e7a 5 de Outubro\u00a018h30 \u2014 Concurso de Do\u00e7aria \u00abFigo Seco de Torres Novas\u00bb \u2014 \u201cVila\u201d, Bairro Digital | Pra\u00e7a 5 de Outubro\u00a022h00 \u2014 Casual Meetings | m\u00fasica | Pra\u00e7a dos Claras<\/p>\n<p>Domingo, 4 de outubro<\/p>\n<p>Tarde \u2014 Jos\u00e9 Marques Antunes | magia itinerante\u00a0Tarde \u2014 As Lavadeiras | teatro de rua\u00a0Tarde \u2014 Torres Farra | m\u00fasica itinerante\u00a0Tarde \u2014 Ceir\u00f5es, Passas e Barr\u00f5es | teatro de rua\u00a016h00\u201322h00 \u2014 NaturVillage | Jogos Tradicionais | Pra\u00e7a 5 de Outubro\u00a017h00 \u2014 Rancho da Sociedade Musical Uni\u00e3o e Trabalho de Lapas | Pra\u00e7a dos Claras\u00a018h30 \u2014 Showcooking com Martilicious | Pra\u00e7a 5 de Outubro\u00a022h00 \u2014 Teresa Tapadas | m\u00fasica | Pra\u00e7a dos Claras<\/p>\n<p>Segunda-feira, 5 de outubro<\/p>\n<p>Tarde \u2014 Torres Farra | m\u00fasica itinerante\u00a0Tarde \u2014 Jos\u00e9 Marques Antunes | magia itinerante\u00a0Tarde \u2014 Selway Statues | est\u00e1tuas vivas\u00a0Tarde \u2014 Ceir\u00f5es, Passas e Barr\u00f5es | teatro de rua\u00a015h00\u201320h00 \u2014 NaturVillage | Jogos Tradicionais | Pra\u00e7a 5 de Outubro\u00a018h00 \u2014 Rancho Folcl\u00f3rico e Recreativo \u00abOs Ceifeiros\u00bb de Liteiros | Pra\u00e7a dos Claras\u00a018h30 \u2014 Showcooking com Bruna Sim\u00f5es | Pra\u00e7a 5 de Outubro\u00a019h00 \u2014 Jos\u00e9 Paiva Ac\u00fastico | m\u00fasica | Pra\u00e7a dos Claras<\/p>\n<p>Showcookings<\/p>\n<p>3 de outubro, 18h30 \u2014 Concurso de Do\u00e7aria \u00abFigo Seco de Torres Novas\u00bb \u2014 \u201cVila\u201d, Bairro Digital | Pra\u00e7a 5 de Outubro\u00a04 de outubro, 18h30 \u2014 Showcooking com Martilicious Food | Pra\u00e7a 5 de Outubro\u00a05 de outubro, 18h30 \u2014 Showcooking com Bruna Sim\u00f5es | Pra\u00e7a 5 de Outubro\u00a0Jogos Tradicionais<\/p>\n<p>A programa\u00e7\u00e3o de Jogos Tradicionais, dinamizada pela NaturVillage, decorrer\u00e1 na Pra\u00e7a 5 de Outubro nos seguintes hor\u00e1rios:<\/p>\n<p>1 de outubro: 18h00\u201323h00\u00a02 de outubro: 18h00\u201323h00\u00a03 de outubro: 16h00\u201322h00\u00a04 de outubro: 16h00\u201322h00\u00a05 de outubro: 15h00\u201320h00<\/p>\n<p><strong>Fonte: DTICMA|CMTN<\/strong><\/p>\n<p>&nbsp;<\/p>\n","protected":false},"excerpt":{"rendered":"<p>O Munic\u00edpio de Torres Novas promove, de 1 a 5 de outubro, a 39.\u00aa edi\u00e7\u00e3o da Feira Nacional dos Frutos Secos, que ter\u00e1 lugar na Pra\u00e7a 5 de Outubro e na Pra\u00e7a dos Claras, em pleno centro hist\u00f3rico da cidade. Reconhecido como \u00abcapital dos frutos secos\u00bb, Torres Novas volta a acolher um certame que valoriza [&hellip;]<\/p>\n","protected":false},"author":2,"featured_media":44343,"comment_status":"open","ping_status":"open","sticky":false,"template":"","format":"standard","meta":{"footnotes":""},"categories":[10],"tags":[],"class_list":["post-44340","post","type-post","status-publish","format-standard","has-post-thumbnail","hentry","category-patrimonio"],"_links":{"self":[{"href":"https:\/\/tintafresca.net\/index.php\/wp-json\/wp\/v2\/posts\/44340","targetHints":{"allow":["GET"]}}],"collection":[{"href":"https:\/\/tintafresca.net\/index.php\/wp-json\/wp\/v2\/posts"}],"about":[{"href":"https:\/\/tintafresca.net\/index.php\/wp-json\/wp\/v2\/types\/post"}],"author":[{"embeddable":true,"href":"https:\/\/tintafresca.net\/index.php\/wp-json\/wp\/v2\/users\/2"}],"replies":[{"embeddable":true,"href":"https:\/\/tintafresca.net\/index.php\/wp-json\/wp\/v2\/comments?post=44340"}],"version-history":[{"count":2,"href":"https:\/\/tintafresca.net\/index.php\/wp-json\/wp\/v2\/posts\/44340\/revisions"}],"predecessor-version":[{"id":44344,"href":"https:\/\/tintafresca.net\/index.php\/wp-json\/wp\/v2\/posts\/44340\/revisions\/44344"}],"wp:featuredmedia":[{"embeddable":true,"href":"https:\/\/tintafresca.net\/index.php\/wp-json\/wp\/v2\/media\/44343"}],"wp:attachment":[{"href":"https:\/\/tintafresca.net\/index.php\/wp-json\/wp\/v2\/media?parent=44340"}],"wp:term":[{"taxonomy":"category","embeddable":true,"href":"https:\/\/tintafresca.net\/index.php\/wp-json\/wp\/v2\/categories?post=44340"},{"taxonomy":"post_tag","embeddable":true,"href":"https:\/\/tintafresca.net\/index.php\/wp-json\/wp\/v2\/tags?post=44340"}],"curies":[{"name":"wp","href":"https:\/\/api.w.org\/{rel}","templated":true}]}}