{"id":44345,"date":"2026-08-31T22:56:58","date_gmt":"2026-08-31T22:56:58","guid":{"rendered":"https:\/\/tintafresca.net\/?p=44345"},"modified":"2026-08-31T23:17:10","modified_gmt":"2026-08-31T23:17:10","slug":"nerlei-apoia-presenca-de-8-empresas-portuguesas-na-automechanika-em-frankfurt","status":"publish","type":"post","link":"https:\/\/tintafresca.net\/index.php\/2026\/08\/31\/nerlei-apoia-presenca-de-8-empresas-portuguesas-na-automechanika-em-frankfurt\/","title":{"rendered":"NERLEI apoia a presen\u00e7a de 8 empresas portuguesas na Automechanika em Frankfurt"},"content":{"rendered":"<div id=\"attachment_44347\" style=\"width: 410px\" class=\"wp-caption alignleft\"><img loading=\"lazy\" decoding=\"async\" aria-describedby=\"caption-attachment-44347\" class=\"wp-image-44347\" src=\"https:\/\/tintafresca.net\/wp-content\/uploads\/2026\/08\/Automekanica10.jpg\" alt=\"\" width=\"400\" height=\"499\" srcset=\"https:\/\/tintafresca.net\/wp-content\/uploads\/2026\/08\/Automekanica10.jpg 500w, https:\/\/tintafresca.net\/wp-content\/uploads\/2026\/08\/Automekanica10-240x300.jpg 240w\" sizes=\"auto, (max-width: 400px) 100vw, 400px\" \/><p id=\"caption-attachment-44347\" class=\"wp-caption-text\">International Business 2025-26 \u00e9 financiado pelo Portugal 2030<\/p><\/div>\n<p>A ind\u00fastria autom\u00f3vel portuguesa estar\u00e1 representada na Automechanika Frankfurt 2026, que decorre de 8 a 12 de setembro de 2026, em Frankfurt, na Alemanha, reunindo empresas e profissionais de todo o mundo, ligados \u00e0 ind\u00fastria autom\u00f3vel e, em particular, ao mercado do aftermarket. Considerada como um dos principais pontos de encontro internacionais do setor, a edi\u00e7\u00e3o de 2026 contar\u00e1 com mais de 4.400 expositores provenientes de mais de 80 pa\u00edses, ocupando cerca de 300.000 metros quadrados de \u00e1rea de exposi\u00e7\u00e3o.<\/p>\n<p>Com o apoio da NERLEI CCI \u2013 Associa\u00e7\u00e3o Empresarial da Regi\u00e3o de Leiria\/C\u00e2mara de Com\u00e9rcio e Ind\u00fastria, atrav\u00e9s do projeto International Business 2025-2026, ir\u00e3o participar neste certame oito empresas portuguesas, do norte e centro do pa\u00eds. A NERLEI CCI apoiou cinco empresas na \u00faltima edi\u00e7\u00e3o em 2024, pelo que se percebe o interesse crescente das empresas nacionais, em aproveitar um dos maiores palcos da ind\u00fastria autom\u00f3vel para apresentar produtos e solu\u00e7\u00f5es inovadoras e estabelecer novos contactos comerciais com potenciais clientes, parceiros e distribuidores internacionais.<\/p>\n<p>A edi\u00e7\u00e3o de 2026 assume ainda particular relev\u00e2ncia num contexto de profunda transforma\u00e7\u00e3o do setor, com a feira a colocar em destaque temas da atualidade, como a intelig\u00eancia artificial, a digitaliza\u00e7\u00e3o, a eletromobilidade, a condu\u00e7\u00e3o aut\u00f3noma e a sustentabilidade.<\/p>\n<p>A presen\u00e7a portuguesa na Automechanika Frankfurt evidencia, assim, a capacidade e competitividade das empresas nacionais num dos mercados industriais mais exigentes a n\u00edvel internacional, contribuindo para a promo\u00e7\u00e3o de Portugal enquanto fornecedor de produtos e solu\u00e7\u00f5es para a ind\u00fastria autom\u00f3vel e para o refor\u00e7o da internacionaliza\u00e7\u00e3o das empresas portuguesas.<\/p>\n<p>Esta a\u00e7\u00e3o est\u00e1 integrada no projeto International Business 2025-2026 que a NERLEI CCI est\u00e1 a promover e que durante os anos de 2025 e 2026 vai apoiar, em 50% das despesas eleg\u00edveis, as empresas que participem nas a\u00e7\u00f5es previstas pelo projeto e que englobam: participa\u00e7\u00e3o em diversas feiras internacionais, miss\u00f5es empresariais e a\u00e7\u00f5es de e-commerce e transforma\u00e7\u00e3o digital, com o objetivo de promover a competitividade e capacidade exportadora das PME participantes.<\/p>\n<p>O International Business 2025-26 \u00e9 financiado pelo Portugal 2030, no \u00e2mbito do PITD &#8211; Programa Inova\u00e7\u00e3o e Transi\u00e7\u00e3o Digital, no montante de 5.851.823,52 de euros, dos quais 3.091.115,22 de euros s\u00e3o provenientes do Fundo Europeu de Desenvolvimento Regional.<\/p>\n<p><strong>\u00a0 \u00a0 Fonte: NERLEI<\/strong><\/p>\n","protected":false},"excerpt":{"rendered":"<p>A ind\u00fastria autom\u00f3vel portuguesa estar\u00e1 representada na Automechanika Frankfurt 2026, que decorre de 8 a 12 de setembro de 2026, em Frankfurt, na Alemanha, reunindo empresas e profissionais de todo o mundo, ligados \u00e0 ind\u00fastria autom\u00f3vel e, em particular, ao mercado do aftermarket. Considerada como um dos principais pontos de encontro internacionais do setor, a [&hellip;]<\/p>\n","protected":false},"author":2,"featured_media":44348,"comment_status":"open","ping_status":"open","sticky":false,"template":"","format":"standard","meta":{"footnotes":""},"categories":[7],"tags":[],"class_list":["post-44345","post","type-post","status-publish","format-standard","has-post-thumbnail","hentry","category-economia"],"_links":{"self":[{"href":"https:\/\/tintafresca.net\/index.php\/wp-json\/wp\/v2\/posts\/44345","targetHints":{"allow":["GET"]}}],"collection":[{"href":"https:\/\/tintafresca.net\/index.php\/wp-json\/wp\/v2\/posts"}],"about":[{"href":"https:\/\/tintafresca.net\/index.php\/wp-json\/wp\/v2\/types\/post"}],"author":[{"embeddable":true,"href":"https:\/\/tintafresca.net\/index.php\/wp-json\/wp\/v2\/users\/2"}],"replies":[{"embeddable":true,"href":"https:\/\/tintafresca.net\/index.php\/wp-json\/wp\/v2\/comments?post=44345"}],"version-history":[{"count":3,"href":"https:\/\/tintafresca.net\/index.php\/wp-json\/wp\/v2\/posts\/44345\/revisions"}],"predecessor-version":[{"id":44350,"href":"https:\/\/tintafresca.net\/index.php\/wp-json\/wp\/v2\/posts\/44345\/revisions\/44350"}],"wp:featuredmedia":[{"embeddable":true,"href":"https:\/\/tintafresca.net\/index.php\/wp-json\/wp\/v2\/media\/44348"}],"wp:attachment":[{"href":"https:\/\/tintafresca.net\/index.php\/wp-json\/wp\/v2\/media?parent=44345"}],"wp:term":[{"taxonomy":"category","embeddable":true,"href":"https:\/\/tintafresca.net\/index.php\/wp-json\/wp\/v2\/categories?post=44345"},{"taxonomy":"post_tag","embeddable":true,"href":"https:\/\/tintafresca.net\/index.php\/wp-json\/wp\/v2\/tags?post=44345"}],"curies":[{"name":"wp","href":"https:\/\/api.w.org\/{rel}","templated":true}]}}