{"id":44356,"date":"2026-09-02T22:39:38","date_gmt":"2026-09-02T22:39:38","guid":{"rendered":"https:\/\/tintafresca.net\/?p=44356"},"modified":"2026-09-02T22:47:50","modified_gmt":"2026-09-02T22:47:50","slug":"teatro-virginia-apresenta-temporada-com-noiserv-sara-correia-eduardo-madeira-e-diogo-bataguas","status":"publish","type":"post","link":"https:\/\/tintafresca.net\/index.php\/2026\/09\/02\/teatro-virginia-apresenta-temporada-com-noiserv-sara-correia-eduardo-madeira-e-diogo-bataguas\/","title":{"rendered":"Teatro Virg\u00ednia inicia temporada com Noiserv, Sara Correia, Eduardo Madeira e Diogo Bat\u00e1guas"},"content":{"rendered":"<div id=\"attachment_44358\" style=\"width: 410px\" class=\"wp-caption alignleft\"><img loading=\"lazy\" decoding=\"async\" aria-describedby=\"caption-attachment-44358\" class=\"wp-image-44358 size-full\" src=\"https:\/\/tintafresca.net\/wp-content\/uploads\/2026\/09\/TN_Teatro_Virginia10.jpg\" alt=\"\" width=\"400\" height=\"571\" srcset=\"https:\/\/tintafresca.net\/wp-content\/uploads\/2026\/09\/TN_Teatro_Virginia10.jpg 400w, https:\/\/tintafresca.net\/wp-content\/uploads\/2026\/09\/TN_Teatro_Virginia10-210x300.jpg 210w\" sizes=\"auto, (max-width: 400px) 100vw, 400px\" \/><p id=\"caption-attachment-44358\" class=\"wp-caption-text\">Cartaz<\/p><\/div>\n<p>O Teatro Virg\u00ednia apresenta uma nova temporada cultural entre setembro de 2026 e janeiro de 2027, com uma programa\u00e7\u00e3o diversificada que cruza diferentes linguagens art\u00edsticas e inclui teatro, dan\u00e7a, m\u00fasica, cinema, circo, marionetas e propostas de cria\u00e7\u00e3o comunit\u00e1ria, com nomes reconhecidos da m\u00fasica e do humor e iniciativas dirigidas a diferentes p\u00fablicos e faixas et\u00e1rias.<\/p>\n<p>A venda de bilhetes para a nova temporada abre no dia 7 de setembro, segunda-feira, na bilheteira do Teatro Virg\u00ednia e nos canais habituais de venda.<\/p>\n<p>A nova temporada arranca em setembro, com \u201c\u00c0 luz de Relvas\u201d, no dia 23, uma cria\u00e7\u00e3o de Maria Faleiro e Carlos M. Cunha destinada ao p\u00fablico s\u00e9nior, produzida pela C\u00e2mara Municipal da Goleg\u00e3, no \u00e2mbito do projeto Inclus\u00e3o pela Cultura. No dia 25, o Almonda Parque recebe \u201cPharol 54\u201d, espet\u00e1culo de teatro f\u00edsico, circo contempor\u00e2neo e clown, com interpreta\u00e7\u00e3o e dire\u00e7\u00e3o de Thorsten Gr\u00fctjen, integrado na programa\u00e7\u00e3o Fora de Portas do Teatro Virg\u00ednia.<\/p>\n<p>Em outubro, a programa\u00e7\u00e3o prossegue com \u201cClamor\u201d, de Margarida Monten\u00ff, a 10 de outubro, e com o espet\u00e1culo de dan\u00e7a \u201cIt\u2019s a Long Yesterday\u201d, de Carminda Soares e Maria R. Soares, a 16 de outubro.<\/p>\n<p>No dia seguinte, Noiserv apresenta ao vivo \u201c7305\u201d, o \u00e1lbum que assinala os seus 20 anos de carreira.<\/p>\n<p>A 24 de outubro, o p\u00fablico poder\u00e1 assistir ao espet\u00e1culo de marionetas \u201cBonecos\u201d, da Red Cloud Teatro de Marioneta, integrado no Lab Criativo para Fam\u00edlias, e, nessa mesma noite, a \u201cOptimista C\u00e9ptico\u201d, o quarto solo de stand-up comedy de Diogo Bat\u00e1guas.<\/p>\n<p>O m\u00eas termina com \u201cARTE\u201d, pe\u00e7a protagonizada por Crist\u00f3v\u00e3o Campos, Nuno Lopes e Rui Melo, no dia 31.<\/p>\n<p>Em novembro, o Teatro Maior de Idade, um dos grupos do projeto Teatro em Forma\u00e7\u00e3o, integrado no Lab Criativo, apresenta \u201cCatarinas\u201d, com uma sess\u00e3o para o p\u00fablico s\u00e9nior a 5 de novembro e uma sess\u00e3o para o p\u00fablico geral no dia seguinte.<\/p>\n<p>A 7 de novembro, \u201cSakamoto 1996\u201d leva ao palco Jo\u00e3o Vasco, Pedro Lopes e Fernando Costa, numa performance de m\u00fasica e imagem dedicada \u00e0 obra do compositor japon\u00eas Ryuichi Sakamoto.<\/p>\n<p>A 14 de novembro, a programa\u00e7\u00e3o inclui \u201cPaPI Opus. 11\u201d, da Companhia de M\u00fasica Teatral, dirigida ao p\u00fablico infantil, e, nessa mesma noite, Eduardo Madeira apresenta \u201cGrande Entre os Assassinos\u201d, o seu primeiro solo de stand-up comedy em 12 anos.<\/p>\n<p>No dia 15, os Solistas da Orquestra Alma Mater apresentam um concerto comentado na Igreja de Pedr\u00f3g\u00e3o, integrado na programa\u00e7\u00e3o Fora de Portas do Teatro Virg\u00ednia.<\/p>\n<p>J\u00e1 a 21 de novembro, o Teatro Virg\u00ednia recebe o espet\u00e1culo de dan\u00e7a \u201cQuando Vem a Taciturna De Limiar em Limiar O Presente Fr\u00e1gil\u201d, de Joana von Mayer Trindade e Hugo Calhim Crist\u00f3v\u00e3o.<\/p>\n<p>Fora do Teatro Virg\u00ednia, a Pra\u00e7a 5 de Outubro acolhe, a 27 de novembro, o concerto do St. Dominic\u2019s Gospel Choir.<\/p>\n<p>Em dezembro, \u201cLago dos Cisnes\u201d, interpretado pela Imperial Heritage Ballet, sobe ao palco do Teatro Virg\u00ednia no dia 4. No dia seguinte, o Expresso Transatl\u00e2ntico apresenta \u201cTr\u00f3pico Paran\u00f3ia\u201d, o seu novo \u00e1lbum, e, a 12 de dezembro, Sara Correia apresenta \u201cTempestade\u201d, o mais recente trabalho da fadista.<\/p>\n<p>Entre as propostas para os primeiros meses de 2027 est\u00e1 o projeto comunit\u00e1rio \u201cSemente\u201d, coordenado pelo m\u00fasico e curador art\u00edstico Ant\u00f3nio Bastos. A iniciativa junta a Banda Filarm\u00f3nica de Pedr\u00f3g\u00e3o, o Coro Vozes de Aire e a comunidade numa cria\u00e7\u00e3o que cruza tradi\u00e7\u00e3o, eletr\u00f3nica, guitarra portuguesa e diferentes experi\u00eancias musicais. As inscri\u00e7\u00f5es decorrem at\u00e9 ao final de setembro, estando o projeto previsto entre outubro de 2026 e janeiro de 2027, com apresenta\u00e7\u00e3o da nova obra no Teatro Virg\u00ednia a 9 de janeiro de 2027.<\/p>\n<p>A programa\u00e7\u00e3o cinematogr\u00e1fica do Cineclube de Torres Novas decorre igualmente no Teatro Virg\u00ednia, entre 22 de setembro e 15 de dezembro, com 14 sess\u00f5es que apresentam filmes portugueses e estrangeiros, de diferentes \u00e9pocas e g\u00e9neros. Entre as propostas encontram-se \u201cMem\u00f3rias do Teatro da Cornuc\u00f3pia\u201d, \u201cYunan\u201d, \u201c\u00d3rf\u00e3o\u201d, \u201cAs \u00c1guias da Rep\u00fablica\u201d, \u201cCinco Segundos\u201d, \u201cEntroncamento\u201d, \u201cCaso 137\u201d, \u201cAprender\u201d, \u201cAs Provadoras de Hitler\u201d, \u201cO Misterioso Olhar do Flamingo\u201d e \u201cCh\u00e3o Verde de P\u00e1ssaros Escritos\u201d. A programa\u00e7\u00e3o inclui ainda uma sess\u00e3o especialmente dirigida ao p\u00fablico s\u00e9nior, com \u201cDot.com\u201d, a 13 de outubro, e uma sess\u00e3o para o p\u00fablico infantil, com \u201cBem-vindo ao mundo dos Ogglies\u201d, a 29 de novembro. Os bilhetes t\u00eam o valor de 3 euros.<\/p>\n<p>A programa\u00e7\u00e3o desta temporada contempla diferentes linguagens art\u00edsticas e p\u00fablicos, com propostas que se estendem tamb\u00e9m, como j\u00e1 vem sendo habitual, a outros espa\u00e7os do concelho.<\/p>\n<p>Mais informa\u00e7\u00f5es em <a href=\"http:\/\/www.teatrovirginia.pt\">www.teatrovirginia.pt<\/a>.<\/p>\n<p><strong>Fonte: DTICMA|CMTN<\/strong><\/p>\n","protected":false},"excerpt":{"rendered":"<p>O Teatro Virg\u00ednia apresenta uma nova temporada cultural entre setembro de 2026 e janeiro de 2027, com uma programa\u00e7\u00e3o diversificada que cruza diferentes linguagens art\u00edsticas e inclui teatro, dan\u00e7a, m\u00fasica, cinema, circo, marionetas e propostas de cria\u00e7\u00e3o comunit\u00e1ria, com nomes reconhecidos da m\u00fasica e do humor e iniciativas dirigidas a diferentes p\u00fablicos e faixas et\u00e1rias. [&hellip;]<\/p>\n","protected":false},"author":2,"featured_media":44359,"comment_status":"open","ping_status":"open","sticky":false,"template":"","format":"standard","meta":{"footnotes":""},"categories":[11],"tags":[],"class_list":["post-44356","post","type-post","status-publish","format-standard","has-post-thumbnail","hentry","category-sociedade"],"_links":{"self":[{"href":"https:\/\/tintafresca.net\/index.php\/wp-json\/wp\/v2\/posts\/44356","targetHints":{"allow":["GET"]}}],"collection":[{"href":"https:\/\/tintafresca.net\/index.php\/wp-json\/wp\/v2\/posts"}],"about":[{"href":"https:\/\/tintafresca.net\/index.php\/wp-json\/wp\/v2\/types\/post"}],"author":[{"embeddable":true,"href":"https:\/\/tintafresca.net\/index.php\/wp-json\/wp\/v2\/users\/2"}],"replies":[{"embeddable":true,"href":"https:\/\/tintafresca.net\/index.php\/wp-json\/wp\/v2\/comments?post=44356"}],"version-history":[{"count":4,"href":"https:\/\/tintafresca.net\/index.php\/wp-json\/wp\/v2\/posts\/44356\/revisions"}],"predecessor-version":[{"id":44362,"href":"https:\/\/tintafresca.net\/index.php\/wp-json\/wp\/v2\/posts\/44356\/revisions\/44362"}],"wp:featuredmedia":[{"embeddable":true,"href":"https:\/\/tintafresca.net\/index.php\/wp-json\/wp\/v2\/media\/44359"}],"wp:attachment":[{"href":"https:\/\/tintafresca.net\/index.php\/wp-json\/wp\/v2\/media?parent=44356"}],"wp:term":[{"taxonomy":"category","embeddable":true,"href":"https:\/\/tintafresca.net\/index.php\/wp-json\/wp\/v2\/categories?post=44356"},{"taxonomy":"post_tag","embeddable":true,"href":"https:\/\/tintafresca.net\/index.php\/wp-json\/wp\/v2\/tags?post=44356"}],"curies":[{"name":"wp","href":"https:\/\/api.w.org\/{rel}","templated":true}]}}