{"id":44363,"date":"2026-09-03T23:36:10","date_gmt":"2026-09-03T23:36:10","guid":{"rendered":"https:\/\/tintafresca.net\/?p=44363"},"modified":"2026-09-03T23:57:06","modified_gmt":"2026-09-03T23:57:06","slug":"opera-buffa-de-rossini-a-cinderela-abre-festival-de-opera-de-obidos","status":"publish","type":"post","link":"https:\/\/tintafresca.net\/index.php\/2026\/09\/03\/opera-buffa-de-rossini-a-cinderela-abre-festival-de-opera-de-obidos\/","title":{"rendered":"\u00d3pera bufa de Rossini &#8216;A Cinderela&#8217; abre Festival de \u00d3pera de \u00d3bidos"},"content":{"rendered":"<div id=\"attachment_44365\" style=\"width: 410px\" class=\"wp-caption alignleft\"><img loading=\"lazy\" decoding=\"async\" aria-describedby=\"caption-attachment-44365\" class=\"wp-image-44365 size-full\" src=\"https:\/\/tintafresca.net\/wp-content\/uploads\/2026\/09\/Obidos_A_Cinderela10.jpg\" alt=\"\" width=\"400\" height=\"500\" srcset=\"https:\/\/tintafresca.net\/wp-content\/uploads\/2026\/09\/Obidos_A_Cinderela10.jpg 400w, https:\/\/tintafresca.net\/wp-content\/uploads\/2026\/09\/Obidos_A_Cinderela10-240x300.jpg 240w\" sizes=\"auto, (max-width: 400px) 100vw, 400px\" \/><p id=\"caption-attachment-44365\" class=\"wp-caption-text\">Cartaz<\/p><\/div>\n<p>O Festival de \u00d3pera de \u00d3bidos prop\u00f5e \u201cLuz e Trevas\u201d, numa programa\u00e7\u00e3o que cruza o repert\u00f3rio l\u00edrico com quest\u00f5es intemporais sobre o bem e o mal, o poder, a condi\u00e7\u00e3o humana e a capacidade de transforma\u00e7\u00e3o.<\/p>\n<p>A primeira grande produ\u00e7\u00e3o desta edi\u00e7\u00e3o do Festival traz ao palco A Cinderela, ou o Triunfo da Bondade, \u00f3pera em dois atos de Gioachino Rossini, com libreto de Jacopo Ferretti, baseado no conto de fadas de Charles Perrault, em cena dias 11 e 13 de setembro. Nesta opera buffa, Rossini e o libretista Jacopo Ferretti retiraram os elementos m\u00e1gicos da narrativa \u2014 substituindo a fada madrinha pelo fil\u00f3sofo Alidoro e o sapato de cristal por uma pulseira de prata \u2014 e transformaram-na numa com\u00e9dia de apar\u00eancias e poder.<\/p>\n<p>A hist\u00f3ria cl\u00e1ssica ganha situa\u00e7\u00f5es profundamente humanas, numa escrita repleta de humor que dialoga de forma brilhante com o virtuosismo da m\u00fasica de Rossini. Na encena\u00e7\u00e3o criada para o Festival de \u00d3pera de \u00d3bidos, Pedro Ribeiro transporta a narrativa para a contemporaneidade, num universo visual marcado por cen\u00e1rios surpreendentes.<\/p>\n<p><strong>Uma narrativa cl\u00e1ssica para pensar o presente<\/strong><\/p>\n<p>A obra faz jus \u00e0 ideia de Luz e Trevas, explorando a tens\u00e3o entre aquilo que se revela e o que permanece oculto, entre a humilha\u00e7\u00e3o e a possibilidade de transforma\u00e7\u00e3o. Para a diretora art\u00edstica Carla Caramujo, \u201cem Cenerentola, a luz \u00e9 a possibilidade de transforma\u00e7\u00e3o, o instante em que algu\u00e9m deixa de ser invis\u00edvel\u201d.<\/p>\n<p>\u201cA nossa Cinderela vive em 2026\u201d, adianta o encenador Pedro Ribeiro. \u201cAs narrativas da Cinderela permanecem porque s\u00e3o, no fundo, a hist\u00f3ria de algu\u00e9m que ningu\u00e9m v\u00ea. Algu\u00e9m que trabalha, serve, \u00e9 humilhado, colocado \u2018num canto\u2019, mas que conserva aquilo que outros perderam: a capacidade de compreender o outro.\u201d<\/p>\n<p>\u00c9 neste sentido que o \u201ctriunfo da bondade\u201d ganha uma dimens\u00e3o particularmente atual. N\u00e3o se trata de passividade ou submiss\u00e3o, mas da capacidade de perdoar e compreender aqueles que nos fizeram mal. Quando temos a possibilidade de devolver aos outros aquilo que nos fizeram, escolhemos a vingan\u00e7a ou somos capazes de ser maiores do que a pr\u00f3pria injusti\u00e7a?<\/p>\n<p>Uma ideia cl\u00e1ssica mas que continua a interpelar o presente. E, embora esta n\u00e3o seja uma vers\u00e3o infantil, a universalidade da narrativa e a energia da m\u00fasica de Rossini tornam a produ\u00e7\u00e3o uma proposta para diferentes gera\u00e7\u00f5es e tamb\u00e9m uma porta de entrada para quem nunca assistiu a uma \u00f3pera.<\/p>\n<p><strong>Julia Jones assume a direc\u00e7\u00e3o musical<\/strong><\/p>\n<p>A direc\u00e7\u00e3o musical desta produ\u00e7\u00e3o est\u00e1 a cargo da maestra brit\u00e2nica Julia Jones, reconhecida pela clareza, precis\u00e3o e sensibilidade das suas interpreta\u00e7\u00f5es. Com uma s\u00f3lida carreira internacional, \u00e9 presen\u00e7a regular no Royal Opera House, Covent Garden, e na Oper Frankfurt, tendo dirigido tamb\u00e9m em importantes casas de \u00f3pera como a Den Norske Opera &amp; Ballett, em Oslo, e a Royal Danish Opera.<\/p>\n<p>\u00c0 frente da Orquestra das Beiras, Julia Jones dirige um elenco de sete solistas portugueses: Cl\u00e1udia Ribas, Jo\u00e3o Terleira, Tiago Matos, Lu\u00eds Rodrigues, Tiago Amado Gomes, Sofia Marafona e Mariana Sousa, que d\u00e3o vida \u00e0s personagens desta hist\u00f3ria de apar\u00eancias, poder, injusti\u00e7a e reden\u00e7\u00e3o.<\/p>\n<p>A Cinderela, ou o Triunfo da Bondade apresenta-se a 11 de setembro, \u00e0s 20h00, e 13 de setembro, \u00e0s 18h00, no Convento de S\u00e3o Miguel das Gaeiras. A sess\u00e3o de 11 de setembro \u00e9 antecedida, \u00e0s 19h00, por \u201cA Cappella \u2013 Breves palavras\u201d, uma conversa de prepara\u00e7\u00e3o para o espet\u00e1culo.<\/p>\n<p>Os bilhetes est\u00e3o \u00e0 venda em blueticket.meo.pt, no Convento de S\u00e3o Miguel das Gaeiras, na ABA &#8211; Banda de Alcoba\u00e7a Associa\u00e7\u00e3o de Artes e nos locais habituais.<\/p>\n<p>O Festival de \u00d3pera de \u00d3bidos 2026 \u00e9 uma iniciativa da ABA \u2013 Banda de Alcoba\u00e7a Associa\u00e7\u00e3o de Artes, em parceria estrat\u00e9gica com a C\u00e2mara Municipal de \u00d3bidos. Conta com o apoio da Rep\u00fablica Portuguesa \u2013 Cultura \/ Dire\u00e7\u00e3o-Geral das Artes, do BPI\/Funda\u00e7\u00e3o \u2018la Caixa\u2019, com o mecenato da \u00c9gide \u2013 Associa\u00e7\u00e3o Portuguesa das Artes e o apoio institucional da Turismo Centro de Portugal \/Visit Portugal.<\/p>\n<p><strong>Programa\u00e7\u00e3o<\/strong><\/p>\n<p>Inaugura\u00e7\u00e3o da Exposi\u00e7\u00e3o \u201cLUZ &amp; SOMBRA\u201d<br \/>\n05 de setembro \u00b7 s\u00e1bado \u00b7 17h00<br \/>\nMuseu Ab\u00edlio de Mattos e Silva<br \/>\n*Antecedida por apresenta\u00e7\u00e3o do Festival de \u00d3pera \u00d3bidos 2026<\/p>\n<p>Concerto Inaugural \u00b7 Gala Mozart, Weber e Beethoven &#8211; Encontro de Tit\u00e3s<br \/>\n05 de setembro \u00b7 s\u00e1bado \u00b7 21h00<br \/>\nPra\u00e7a da Criatividade \u00b7 \u00d3bidos<br \/>\nExcertos de Der Freisch\u00fctz (Carl Maria von Weber), Fidelio (Ludwig van Beethoven) e La\u00a0clemenza di Tito (Wolfgang Amadeus Mozart)<\/p>\n<p>A Cinderela, ou o triunfo da bondade<br \/>\nLa Cenerentola ossia Il Trionfo Della Bont\u00e1<br \/>\n\u00d3pera de Gioachino Rossini com libreto de Jacopo Ferretti<br \/>\n11 de setembro \u00b7 sexta-feira \u00b7 20h00*<br \/>\n13 de setembro \u00b7 domingo \u00b7 18h00<br \/>\nConvento de S\u00e3o Miguel das Gaeiras<br \/>\n*Antecedido por \u201cA Cappella\u201d Breves palavras \u00e0s 19h00<\/p>\n<p>Caim, ou o Primeiro Homic\u00eddio<br \/>\nCain overo Il Primo Omicidio<br \/>\nOrat\u00f3ria de Alessandro Scarlatti a 6 vozes, com libreto de Pietro Ottoboni<br \/>\n12 de setembro \u00b7 s\u00e1bado \u00b7 18h00<br \/>\nIgreja da Miseric\u00f3rdia de \u00d3bidos<br \/>\nCo-produ\u00e7\u00e3o: Funda\u00e7\u00e3o da Casa de Mateus<\/p>\n<p>Recital \u201cDe Purcell a Britten: mais de dois s\u00e9culos de paix\u00e3o Shakespeariana\u201d<br \/>\n16 de setembro \u00b7 quarta-feira \u00b7 18h00<br \/>\nMuseu Ab\u00edlio de Mattos e Silva<br \/>\nEntrada livre<\/p>\n<p>Orfeu e Eur\u00eddice<br \/>\nOrfeo ed Euridice, Wq.30<br \/>\n\u00d3pera em 3 atos de Christoph Willibald Gluck com libreto de Ranieri de\u2019 Calzabigi<br \/>\n19 de setembro \u00b7 s\u00e1bado \u00b7 20h00*<br \/>\n20 de setembro \u00b7 domingo \u00b7 18h00<br \/>\nConvento de S\u00e3o Miguel das Gaeiras<br \/>\n*Antecedido por \u201cA Cappella\u201d Breves palavras \u00e0s 19h00<\/p>\n<p>Programa\u00e7\u00e3o em <a href=\"https:\/\/festivaloperaobidos\">https:\/\/festivaloperaobidos<\/a>.<\/p>\n<p><strong>\u00a0 \u00a0 \u00a0Fonte: DM|GC|AMA<\/strong><\/p>\n","protected":false},"excerpt":{"rendered":"<p>O Festival de \u00d3pera de \u00d3bidos prop\u00f5e \u201cLuz e Trevas\u201d, numa programa\u00e7\u00e3o que cruza o repert\u00f3rio l\u00edrico com quest\u00f5es intemporais sobre o bem e o mal, o poder, a condi\u00e7\u00e3o humana e a capacidade de transforma\u00e7\u00e3o. A primeira grande produ\u00e7\u00e3o desta edi\u00e7\u00e3o do Festival traz ao palco A Cinderela, ou o Triunfo da Bondade, \u00f3pera [&hellip;]<\/p>\n","protected":false},"author":2,"featured_media":44366,"comment_status":"open","ping_status":"open","sticky":false,"template":"","format":"standard","meta":{"footnotes":""},"categories":[8],"tags":[],"class_list":["post-44363","post","type-post","status-publish","format-standard","has-post-thumbnail","hentry","category-musica"],"_links":{"self":[{"href":"https:\/\/tintafresca.net\/index.php\/wp-json\/wp\/v2\/posts\/44363","targetHints":{"allow":["GET"]}}],"collection":[{"href":"https:\/\/tintafresca.net\/index.php\/wp-json\/wp\/v2\/posts"}],"about":[{"href":"https:\/\/tintafresca.net\/index.php\/wp-json\/wp\/v2\/types\/post"}],"author":[{"embeddable":true,"href":"https:\/\/tintafresca.net\/index.php\/wp-json\/wp\/v2\/users\/2"}],"replies":[{"embeddable":true,"href":"https:\/\/tintafresca.net\/index.php\/wp-json\/wp\/v2\/comments?post=44363"}],"version-history":[{"count":4,"href":"https:\/\/tintafresca.net\/index.php\/wp-json\/wp\/v2\/posts\/44363\/revisions"}],"predecessor-version":[{"id":44369,"href":"https:\/\/tintafresca.net\/index.php\/wp-json\/wp\/v2\/posts\/44363\/revisions\/44369"}],"wp:featuredmedia":[{"embeddable":true,"href":"https:\/\/tintafresca.net\/index.php\/wp-json\/wp\/v2\/media\/44366"}],"wp:attachment":[{"href":"https:\/\/tintafresca.net\/index.php\/wp-json\/wp\/v2\/media?parent=44363"}],"wp:term":[{"taxonomy":"category","embeddable":true,"href":"https:\/\/tintafresca.net\/index.php\/wp-json\/wp\/v2\/categories?post=44363"},{"taxonomy":"post_tag","embeddable":true,"href":"https:\/\/tintafresca.net\/index.php\/wp-json\/wp\/v2\/tags?post=44363"}],"curies":[{"name":"wp","href":"https:\/\/api.w.org\/{rel}","templated":true}]}}