{"id":44371,"date":"2026-09-04T22:58:21","date_gmt":"2026-09-04T22:58:21","guid":{"rendered":"https:\/\/tintafresca.net\/?p=44371"},"modified":"2026-09-04T23:09:13","modified_gmt":"2026-09-04T23:09:13","slug":"festival-agora-regressa-ao-castelo-de-leiria-com-musica-arte-performativa-instalacao-e-patrimonio","status":"publish","type":"post","link":"https:\/\/tintafresca.net\/index.php\/2026\/09\/04\/festival-agora-regressa-ao-castelo-de-leiria-com-musica-arte-performativa-instalacao-e-patrimonio\/","title":{"rendered":"Festival \u00c1gora regressa ao Castelo de Leiria com m\u00fasica,arte performativa,instala\u00e7\u00e3o e patrim\u00f3nio"},"content":{"rendered":"<div id=\"attachment_44374\" style=\"width: 410px\" class=\"wp-caption alignleft\"><img loading=\"lazy\" decoding=\"async\" aria-describedby=\"caption-attachment-44374\" class=\"wp-image-44374 size-full\" src=\"https:\/\/tintafresca.net\/wp-content\/uploads\/2026\/09\/Leiria_Agora10.jpg\" alt=\"\" width=\"400\" height=\"600\" srcset=\"https:\/\/tintafresca.net\/wp-content\/uploads\/2026\/09\/Leiria_Agora10.jpg 400w, https:\/\/tintafresca.net\/wp-content\/uploads\/2026\/09\/Leiria_Agora10-200x300.jpg 200w\" sizes=\"auto, (max-width: 400px) 100vw, 400px\" \/><p id=\"caption-attachment-44374\" class=\"wp-caption-text\">Cartaz<\/p><\/div>\n<p>O \u00c1GORA regressa ao Castelo de Leiria, entre 18 e 20 de setembro, para uma nova edi\u00e7\u00e3o que cruza m\u00fasica, artes performativas, instala\u00e7\u00e3o e patrim\u00f3nio. Depois do an\u00fancio dos primeiros nomes, o programa fica agora completo com novas propostas que ampliam o olhar sobre as diferentes formas de criar, escutar e habitar este lugar.<\/p>\n<p>Durante tr\u00eas dias, o Castelo transforma-se num espa\u00e7o de encontro entre artistas, p\u00fablico e patrim\u00f3nio. Entre muralhas, cisternas, varandas e outros lugares do monumento, o \u00c1GORA prop\u00f5e uma programa\u00e7\u00e3o que convida a abrandar e a olhar de outra forma para aquilo que nos rodeia.<\/p>\n<p>Mais do que ocupar o Castelo, o \u00c1GORA procura ativar o espa\u00e7o atrav\u00e9s da cria\u00e7\u00e3o art\u00edstica. Um lugar que durante s\u00e9culos foi pensado para proteger e separar pode hoje tornar-se um territ\u00f3rio de proximidade, partilha e imagina\u00e7\u00e3o. A m\u00fasica, a palavra, o corpo e a mat\u00e9ria tornam-se formas de criar novas rela\u00e7\u00f5es com este patrim\u00f3nio.<\/p>\n<p><strong>Novos artistas e novas cria\u00e7\u00f5es<\/strong><\/p>\n<p>A programa\u00e7\u00e3o recebe agora Djali Binto Kanut\u00e9, nascida na Guin\u00e9-Bissau, que traz consigo uma heran\u00e7a musical profundamente ligada aos djidius, os cantores tradicionais da sua terra. Entre tradi\u00e7\u00e3o e contemporaneidade, a sua voz estabelece uma liga\u00e7\u00e3o com a mem\u00f3ria e a for\u00e7a da m\u00fasica da \u00c1frica Ocidental, numa presen\u00e7a que leva ao Castelo de Leiria uma cultura musical marcada pela oralidade e pela transmiss\u00e3o entre gera\u00e7\u00f5es.<\/p>\n<p>O ciclo Antiprincesas chega tamb\u00e9m ao \u00c1GORA com a hist\u00f3ria de Juana Azurduy, mulher-m\u00e3e-guerreira de origem ind\u00edgena que participou nas lutas pela independ\u00eancia da Bol\u00edvia. O espet\u00e1culo recupera a figura de uma mulher valente, determinada e gentil, que enfrentou batalhas e desafiou as conven\u00e7\u00f5es do seu tempo. Uma hist\u00f3ria que questiona as figuras femininas que a Hist\u00f3ria escolheu recordar e aquelas que ficaram esquecidas.<\/p>\n<p>Nas cisternas do Castelo ser\u00e1 apresentada Until Nothing Falls, Gravity Waits, uma instala\u00e7\u00e3o de Carincur + Jo\u00e3o Pedro Fonseca. Partindo de uma pedra suspensa, a obra explora as rela\u00e7\u00f5es entre mat\u00e9ria, gravidade e perce\u00e7\u00e3o. A pedra, tradicionalmente associada \u00e0 constru\u00e7\u00e3o e ao limite, \u00e9 retirada da sua fun\u00e7\u00e3o habitual e colocada num estado de suspens\u00e3o, criando um di\u00e1logo entre peso e leveza, mat\u00e9ria e vazio.<\/p>\n<p>Estas novas propostas juntam-se aos artistas j\u00e1 anunciados, entre os quais Asm\u00e2a Hamzaoui &amp; Bnat Timbouktou, Israa Shalaby, Margaret Hermant, PAUS, Rita Silva &amp; Mbye Ebrima, Manto Azul e el djinn <span style=\"font-family: Lucida Sans;\"><span lang=\"hi-IN\">\u0627\u0644\u062c\u0646<\/span><\/span>. Um conjunto de projetos que atravessa diferentes geografias, linguagens e formas de cria\u00e7\u00e3o, mantendo como ponto comum a rela\u00e7\u00e3o entre m\u00fasica, mem\u00f3ria, corpo, territ\u00f3rio e comunidade.<\/p>\n<p><strong>Um programa para estar, ouvir e partilhar<\/strong><\/p>\n<p>Para al\u00e9m da programa\u00e7\u00e3o art\u00edstica, o \u00c1GORA prop\u00f5e momentos de encontro que convidam o p\u00fablico a participar de forma mais direta.<\/p>\n<p>\u00c9 o caso de Partir P\u00e3o, Partir Pedra, um piquenique comunit\u00e1rio que acontece nas Varandas do Castelo de Leiria e que abre o primeiro dia do festival. A proposta \u00e9 simples: cada pessoa traz p\u00e3o, petiscos, fruta, bebidas ou qualquer outro alimento para partilhar numa mesa comum. Um gesto quotidiano que ganha outra dimens\u00e3o dentro das muralhas. Partilhar comida \u00e9 tamb\u00e9m partilhar tempo, hist\u00f3rias e espa\u00e7o. \u00c9 uma forma de criar comunidade e de transformar o patrim\u00f3nio num lugar vivido, onde todos podem deixar uma marca.<\/p>\n<p>Ao longo dos tr\u00eas dias, o \u00c1GORA prop\u00f5e assim diferentes ritmos e formas de participa\u00e7\u00e3o. H\u00e1 espa\u00e7o para a contempla\u00e7\u00e3o e para a celebra\u00e7\u00e3o, para a escuta e para o movimento, para a experi\u00eancia individual e para o encontro coletivo.<\/p>\n<p>Se durante s\u00e9culos as muralhas foram constru\u00eddas para definir fronteiras, o \u00c1GORA prop\u00f5e olhar para elas de outra maneira: como lugares onde \u00e9 poss\u00edvel construir pontes. Talvez seja essa uma das fun\u00e7\u00f5es da cultura: criar condi\u00e7\u00f5es para estarmos juntos, para escutarmos outras vozes e para imaginarmos futuros diferentes.<\/p>\n<p>Tal como nas edi\u00e7\u00f5es anteriores, o bilhete habitual do Castelo de Leiria garante o acesso \u00e0s atividades do \u00c1GORA, estando a entrada condicionada \u00e0 lota\u00e7\u00e3o dos diferentes espa\u00e7os. O acesso ao Castelo \u00e9 gratuito para residentes no concelho de Leiria, mediante apresenta\u00e7\u00e3o de comprovativo de morada e identifica\u00e7\u00e3o.<\/p>\n<p><a href=\"https:\/\/www.instagram.com\/omnichord.pt\/\">https:\/\/www.instagram.com\/omnichord.pt\/<\/a><\/p>\n<p><a href=\"https:\/\/www.facebook.com\/omnichord.pt\">https:\/\/www.facebook.com\/omnichord.pt<\/a><\/p>\n<p><a href=\"https:\/\/www.instagram.com\/castelodeleiriaoficial\/\">https:\/\/www.instagram.com\/castelodeleiriaoficial\/<\/a><\/p>\n<p><a href=\"https:\/\/www.facebook.com\/castelodeleiriaoficial\">https:\/\/www.facebook.com\/castelodeleiriaoficial<\/a><\/p>\n","protected":false},"excerpt":{"rendered":"<p>O \u00c1GORA regressa ao Castelo de Leiria, entre 18 e 20 de setembro, para uma nova edi\u00e7\u00e3o que cruza m\u00fasica, artes performativas, instala\u00e7\u00e3o e patrim\u00f3nio. Depois do an\u00fancio dos primeiros nomes, o programa fica agora completo com novas propostas que ampliam o olhar sobre as diferentes formas de criar, escutar e habitar este lugar. Durante [&hellip;]<\/p>\n","protected":false},"author":2,"featured_media":44375,"comment_status":"open","ping_status":"open","sticky":false,"template":"","format":"standard","meta":{"footnotes":""},"categories":[5,8],"tags":[],"class_list":["post-44371","post","type-post","status-publish","format-standard","has-post-thumbnail","hentry","category-artes","category-musica"],"_links":{"self":[{"href":"https:\/\/tintafresca.net\/index.php\/wp-json\/wp\/v2\/posts\/44371","targetHints":{"allow":["GET"]}}],"collection":[{"href":"https:\/\/tintafresca.net\/index.php\/wp-json\/wp\/v2\/posts"}],"about":[{"href":"https:\/\/tintafresca.net\/index.php\/wp-json\/wp\/v2\/types\/post"}],"author":[{"embeddable":true,"href":"https:\/\/tintafresca.net\/index.php\/wp-json\/wp\/v2\/users\/2"}],"replies":[{"embeddable":true,"href":"https:\/\/tintafresca.net\/index.php\/wp-json\/wp\/v2\/comments?post=44371"}],"version-history":[{"count":4,"href":"https:\/\/tintafresca.net\/index.php\/wp-json\/wp\/v2\/posts\/44371\/revisions"}],"predecessor-version":[{"id":44377,"href":"https:\/\/tintafresca.net\/index.php\/wp-json\/wp\/v2\/posts\/44371\/revisions\/44377"}],"wp:featuredmedia":[{"embeddable":true,"href":"https:\/\/tintafresca.net\/index.php\/wp-json\/wp\/v2\/media\/44375"}],"wp:attachment":[{"href":"https:\/\/tintafresca.net\/index.php\/wp-json\/wp\/v2\/media?parent=44371"}],"wp:term":[{"taxonomy":"category","embeddable":true,"href":"https:\/\/tintafresca.net\/index.php\/wp-json\/wp\/v2\/categories?post=44371"},{"taxonomy":"post_tag","embeddable":true,"href":"https:\/\/tintafresca.net\/index.php\/wp-json\/wp\/v2\/tags?post=44371"}],"curies":[{"name":"wp","href":"https:\/\/api.w.org\/{rel}","templated":true}]}}