{"id":44378,"date":"2026-09-05T17:17:33","date_gmt":"2026-09-05T17:17:33","guid":{"rendered":"https:\/\/tintafresca.net\/?p=44378"},"modified":"2026-09-05T17:24:38","modified_gmt":"2026-09-05T17:24:38","slug":"camara-municipal-da-marinha-grande-manifesta-profundo-pesar-pelo-falecimento-do-ex-vereador-artur-pereira-de-oliveira","status":"publish","type":"post","link":"https:\/\/tintafresca.net\/index.php\/2026\/09\/05\/camara-municipal-da-marinha-grande-manifesta-profundo-pesar-pelo-falecimento-do-ex-vereador-artur-pereira-de-oliveira\/","title":{"rendered":"Munic\u00edpio da Marinha Grande manifesta profundo pesar pelo falecimento do ex-vereador Artur Pereira de Oliveira"},"content":{"rendered":"<div id=\"attachment_44381\" style=\"width: 410px\" class=\"wp-caption alignleft\"><img loading=\"lazy\" decoding=\"async\" aria-describedby=\"caption-attachment-44381\" class=\"wp-image-44381 size-full\" src=\"https:\/\/tintafresca.net\/wp-content\/uploads\/2026\/09\/MG_artur_Pereira_oliveira10.jpg\" alt=\"\" width=\"400\" height=\"398\" srcset=\"https:\/\/tintafresca.net\/wp-content\/uploads\/2026\/09\/MG_artur_Pereira_oliveira10.jpg 400w, https:\/\/tintafresca.net\/wp-content\/uploads\/2026\/09\/MG_artur_Pereira_oliveira10-300x300.jpg 300w, https:\/\/tintafresca.net\/wp-content\/uploads\/2026\/09\/MG_artur_Pereira_oliveira10-150x150.jpg 150w\" sizes=\"auto, (max-width: 400px) 100vw, 400px\" \/><p id=\"caption-attachment-44381\" class=\"wp-caption-text\">Artur Pereira de Oliveira<\/p><\/div>\n<p>A C\u00e2mara Municipal da Marinha Grande manifestou, no dia 4 de setembro, o seu profundo pesar pelo falecimento de Artur Pereira de Oliveira, aos 92 anos, personalidade que marcou a vida c\u00edvica e aut\u00e1rquica do concelho e a quem a comunidade marinhense reconhece um importante percurso de dedica\u00e7\u00e3o \u00e0 causa p\u00fablica.<\/p>\n<p>Artur Pereira de Oliveira teve uma longa liga\u00e7\u00e3o \u00e0 vida pol\u00edtica e aut\u00e1rquica da Marinha Grande.\u00a0Integrou a Comiss\u00e3o Administrativa do Munic\u00edpio e foi eleito vereador pela primeira vez em 1979, regressando posteriormente ao Executivo Municipal, onde voltou a exercer fun\u00e7\u00f5es de vereador do PSD entre 2005 e 2009.<\/p>\n<p>Ao longo do seu percurso, desempenhou fun\u00e7\u00f5es e assumiu responsabilidades em \u00e1reas relevantes para o desenvolvimento do concelho, contribuindo para a reflex\u00e3o, debate e tomada de decis\u00f5es sobre mat\u00e9rias de interesse municipal e para a constru\u00e7\u00e3o do futuro da Marinha Grande.<\/p>\n<p>A sua interven\u00e7\u00e3o c\u00edvica estendeu-se tamb\u00e9m \u00e0 \u00e1rea dos transportes urbanos, tendo assumido responsabilidades na TUMG \u2013 Transportes Urbanos da Marinha Grande, dando o seu contributo para uma \u00e1rea fundamental para a mobilidade e para a qualidade de vida da popula\u00e7\u00e3o.<\/p>\n<p>Neste momento de profunda consterna\u00e7\u00e3o, a C\u00e2mara Municipal apresenta as mais sentidas condol\u00eancias \u00e0 sua fam\u00edlia, amigos e a todos aqueles que com ele partilharam a vida pessoal, profissional e c\u00edvica.<\/p>\n<p>No dia das cerim\u00f3nias f\u00fanebres, a bandeira do Munic\u00edpio ser\u00e1 i\u00e7ada a meia haste.<\/p>\n<p><strong>Fonte: GCI|CMMG<\/strong><\/p>\n","protected":false},"excerpt":{"rendered":"<p>A C\u00e2mara Municipal da Marinha Grande manifestou, no dia 4 de setembro, o seu profundo pesar pelo falecimento de Artur Pereira de Oliveira, aos 92 anos, personalidade que marcou a vida c\u00edvica e aut\u00e1rquica do concelho e a quem a comunidade marinhense reconhece um importante percurso de dedica\u00e7\u00e3o \u00e0 causa p\u00fablica. Artur Pereira de Oliveira [&hellip;]<\/p>\n","protected":false},"author":2,"featured_media":44382,"comment_status":"open","ping_status":"open","sticky":false,"template":"","format":"standard","meta":{"footnotes":""},"categories":[11],"tags":[],"class_list":["post-44378","post","type-post","status-publish","format-standard","has-post-thumbnail","hentry","category-sociedade"],"_links":{"self":[{"href":"https:\/\/tintafresca.net\/index.php\/wp-json\/wp\/v2\/posts\/44378","targetHints":{"allow":["GET"]}}],"collection":[{"href":"https:\/\/tintafresca.net\/index.php\/wp-json\/wp\/v2\/posts"}],"about":[{"href":"https:\/\/tintafresca.net\/index.php\/wp-json\/wp\/v2\/types\/post"}],"author":[{"embeddable":true,"href":"https:\/\/tintafresca.net\/index.php\/wp-json\/wp\/v2\/users\/2"}],"replies":[{"embeddable":true,"href":"https:\/\/tintafresca.net\/index.php\/wp-json\/wp\/v2\/comments?post=44378"}],"version-history":[{"count":5,"href":"https:\/\/tintafresca.net\/index.php\/wp-json\/wp\/v2\/posts\/44378\/revisions"}],"predecessor-version":[{"id":44385,"href":"https:\/\/tintafresca.net\/index.php\/wp-json\/wp\/v2\/posts\/44378\/revisions\/44385"}],"wp:featuredmedia":[{"embeddable":true,"href":"https:\/\/tintafresca.net\/index.php\/wp-json\/wp\/v2\/media\/44382"}],"wp:attachment":[{"href":"https:\/\/tintafresca.net\/index.php\/wp-json\/wp\/v2\/media?parent=44378"}],"wp:term":[{"taxonomy":"category","embeddable":true,"href":"https:\/\/tintafresca.net\/index.php\/wp-json\/wp\/v2\/categories?post=44378"},{"taxonomy":"post_tag","embeddable":true,"href":"https:\/\/tintafresca.net\/index.php\/wp-json\/wp\/v2\/tags?post=44378"}],"curies":[{"name":"wp","href":"https:\/\/api.w.org\/{rel}","templated":true}]}}