{"id":44386,"date":"2026-09-05T23:20:47","date_gmt":"2026-09-05T23:20:47","guid":{"rendered":"https:\/\/tintafresca.net\/?p=44386"},"modified":"2026-09-05T23:31:34","modified_gmt":"2026-09-05T23:31:34","slug":"secretaria-de-estado-da-administracao-escolar-inaugura-nova-escola-basica-de-sao-romao","status":"publish","type":"post","link":"https:\/\/tintafresca.net\/index.php\/2026\/09\/05\/secretaria-de-estado-da-administracao-escolar-inaugura-nova-escola-basica-de-sao-romao\/","title":{"rendered":"Secret\u00e1ria de Estado da Administra\u00e7\u00e3o Escolar inaugura nova Escola B\u00e1sica de S\u00e3o Rom\u00e3o"},"content":{"rendered":"<div id=\"attachment_44387\" style=\"width: 510px\" class=\"wp-caption alignleft\"><img loading=\"lazy\" decoding=\"async\" aria-describedby=\"caption-attachment-44387\" class=\"wp-image-44387 size-full\" src=\"https:\/\/tintafresca.net\/wp-content\/uploads\/2026\/09\/Leiria_EB_sao_Romao10.jpg\" alt=\"\" width=\"500\" height=\"184\" srcset=\"https:\/\/tintafresca.net\/wp-content\/uploads\/2026\/09\/Leiria_EB_sao_Romao10.jpg 500w, https:\/\/tintafresca.net\/wp-content\/uploads\/2026\/09\/Leiria_EB_sao_Romao10-300x110.jpg 300w\" sizes=\"auto, (max-width: 500px) 100vw, 500px\" \/><p id=\"caption-attachment-44387\" class=\"wp-caption-text\">Nova Escola B\u00e1sica de S\u00e3o Rom\u00e3o<\/p><\/div>\n<p>A nova Escola B\u00e1sica de S\u00e3o Rom\u00e3o ser\u00e1 inaugurada no dia 15 de setembro, \u00e0s 10 horas, numa cerim\u00f3nia que contar\u00e1 com a presen\u00e7a da secret\u00e1ria de Estado da Administra\u00e7\u00e3o Escolar, Maria Lu\u00edsa Oliveira, do presidente da C\u00e2mara Municipal de Leiria, Gon\u00e7alo Lopes, e da vereadora da Educa\u00e7\u00e3o, Anabela Gra\u00e7a.<\/p>\n<p>O novo estabelecimento de ensino, que representa um investimento municipal de 3,7 milh\u00f5es de euros, disp\u00f5e de tr\u00eas salas de educa\u00e7\u00e3o pr\u00e9-escolar, com capacidade para 75 crian\u00e7as, e quatro salas de 1.\u00ba ciclo, que poder\u00e3o acolher at\u00e9 96 alunos.<\/p>\n<p>A escola integra ainda sala polivalente, biblioteca, refeit\u00f3rio e gabinetes de apoio, reunindo num novo espa\u00e7o condi\u00e7\u00f5es para o desenvolvimento das atividades educativas e das respostas de apoio \u00e0s crian\u00e7as e \u00e0s fam\u00edlias.\u00a0A Escola B\u00e1sica de S\u00e3o Rom\u00e3o ser\u00e1 tamb\u00e9m uma das escolas a acolher o projeto-piloto \u00abUma Escola, M\u00faltiplas Respostas, Uma S\u00f3 Equipa!\u00bb, que pretende testar um novo modelo de gest\u00e3o integrada dos recursos humanos afetos \u00e0s diferentes respostas educativas e de apoio \u00e0 fam\u00edlia.<\/p>\n<p>A inaugura\u00e7\u00e3o assinala a entrada em funcionamento de um novo equipamento educativo no concelho, concebido para proporcionar melhores condi\u00e7\u00f5es de aprendizagem, acompanhamento e bem-estar \u00e0 comunidade escolar.<\/p>\n<p><strong>Fonte: EMQ|GCRP|CML<\/strong><\/p>\n","protected":false},"excerpt":{"rendered":"<p>A nova Escola B\u00e1sica de S\u00e3o Rom\u00e3o ser\u00e1 inaugurada no dia 15 de setembro, \u00e0s 10 horas, numa cerim\u00f3nia que contar\u00e1 com a presen\u00e7a da secret\u00e1ria de Estado da Administra\u00e7\u00e3o Escolar, Maria Lu\u00edsa Oliveira, do presidente da C\u00e2mara Municipal de Leiria, Gon\u00e7alo Lopes, e da vereadora da Educa\u00e7\u00e3o, Anabela Gra\u00e7a. O novo estabelecimento de ensino, [&hellip;]<\/p>\n","protected":false},"author":2,"featured_media":44388,"comment_status":"open","ping_status":"open","sticky":false,"template":"","format":"standard","meta":{"footnotes":""},"categories":[14],"tags":[],"class_list":["post-44386","post","type-post","status-publish","format-standard","has-post-thumbnail","hentry","category-educacao"],"_links":{"self":[{"href":"https:\/\/tintafresca.net\/index.php\/wp-json\/wp\/v2\/posts\/44386","targetHints":{"allow":["GET"]}}],"collection":[{"href":"https:\/\/tintafresca.net\/index.php\/wp-json\/wp\/v2\/posts"}],"about":[{"href":"https:\/\/tintafresca.net\/index.php\/wp-json\/wp\/v2\/types\/post"}],"author":[{"embeddable":true,"href":"https:\/\/tintafresca.net\/index.php\/wp-json\/wp\/v2\/users\/2"}],"replies":[{"embeddable":true,"href":"https:\/\/tintafresca.net\/index.php\/wp-json\/wp\/v2\/comments?post=44386"}],"version-history":[{"count":1,"href":"https:\/\/tintafresca.net\/index.php\/wp-json\/wp\/v2\/posts\/44386\/revisions"}],"predecessor-version":[{"id":44389,"href":"https:\/\/tintafresca.net\/index.php\/wp-json\/wp\/v2\/posts\/44386\/revisions\/44389"}],"wp:featuredmedia":[{"embeddable":true,"href":"https:\/\/tintafresca.net\/index.php\/wp-json\/wp\/v2\/media\/44388"}],"wp:attachment":[{"href":"https:\/\/tintafresca.net\/index.php\/wp-json\/wp\/v2\/media?parent=44386"}],"wp:term":[{"taxonomy":"category","embeddable":true,"href":"https:\/\/tintafresca.net\/index.php\/wp-json\/wp\/v2\/categories?post=44386"},{"taxonomy":"post_tag","embeddable":true,"href":"https:\/\/tintafresca.net\/index.php\/wp-json\/wp\/v2\/tags?post=44386"}],"curies":[{"name":"wp","href":"https:\/\/api.w.org\/{rel}","templated":true}]}}