{"id":4525,"date":"2021-05-30T12:06:43","date_gmt":"2021-05-30T12:06:43","guid":{"rendered":"https:\/\/tintafresca.net\/?p=4525"},"modified":"2021-05-31T10:11:21","modified_gmt":"2021-05-31T10:11:21","slug":"deputada-do-pev-questiona-governo-sobre-degradacao-das-instalacoes-do-quartel-da-forca-aerea-no-montejunto","status":"publish","type":"post","link":"https:\/\/tintafresca.net\/index.php\/2021\/05\/30\/deputada-do-pev-questiona-governo-sobre-degradacao-das-instalacoes-do-quartel-da-forca-aerea-no-montejunto\/","title":{"rendered":"PEV questiona Governo sobre degrada\u00e7\u00e3o do antigo quartel da For\u00e7a A\u00e9rea no Montejunto"},"content":{"rendered":"<div id=\"attachment_3712\" style=\"width: 510px\" class=\"wp-caption alignleft\"><img loading=\"lazy\" decoding=\"async\" aria-describedby=\"caption-attachment-3712\" class=\"wp-image-3712 size-full\" src=\"https:\/\/tintafresca.net\/wp-content\/uploads\/2021\/05\/Cadaval_PEV_Montejunto10.jpg\" alt=\"\" width=\"500\" height=\"281\" \/><p id=\"caption-attachment-3712\" class=\"wp-caption-text\">Visitante recente da deputada Mariana Silva \u00e0 Serra de Montejunto<\/p><\/div>\n<p>Apos a visita ao Montejunto realizada pela CDU Cadaval, a deputada Mariana Silva, do Grupo Parlamentar Os Verdes, entregou na Assembleia da Rep\u00fablica uma pergunta, questionando o Governo atrav\u00e9s do Minist\u00e9rio da Defesa Nacional, sobre a exist\u00eancia de \u00a0um antigo quartel da For\u00e7a A\u00e9rea que se encontra desativado h\u00e1 anos, n\u00e3o servindo, assim, a sua atividade principal, estando a degradar-se, em plena Serra de Montejunto.<\/p>\n<p>A Serra de Montejunto integra o Sistema Montejunto-Estrela e localiza-se nos concelhos de Cadaval e Alenquer e \u00e9 Paisagem protegida desde 1999. Caracteriza-se pela sua vegeta\u00e7\u00e3o de interesse nacional, pelo valor da sua fauna e tamb\u00e9m pelo seu valor em termos geol\u00f3gicos.<\/p>\n<p>\u00c9 um espa\u00e7o de grande import\u00e2ncia ecol\u00f3gica, que importa valorizar e preservar numa l\u00f3gica de desenvolvimento sustent\u00e1vel.<\/p>\n<p>Em plena Serra de Montejunto existe um antigo quartel da For\u00e7a A\u00e9rea que se encontra desativado h\u00e1 anos, n\u00e3o servindo, assim, a sua atividade principal, estando a degradar-se, enquanto podia ser canalizado para uma estrutura que permita o usufruto por parte da popula\u00e7\u00e3o e que represente uma mais-valia e um elemento de valoriza\u00e7\u00e3o da serra.<\/p>\n<p>Nesse sentido, o Grupo Parlamentar Os Verdes entende que \u00e9 oportuno procurar saber o que est\u00e1 previsto para estas instala\u00e7\u00f5es da For\u00e7a A\u00e9rea em Montejunto, pelo que questionou o Governo se o Minist\u00e9rio da Defesa Nacional confirma que o Quartel da For\u00e7a A\u00e9rea na Serra de Montejunto, ou pelo menos parte dele, se encontra desativado.<\/p>\n<p>Mariana Silva quer saber se existe algum projeto para transformar o antigo quartel desativado da For\u00e7a A\u00e9rea localizado na Serra de Montejunto numa infraestrutura que permita o usufruto por parte da popula\u00e7\u00e3o e a valoriza\u00e7\u00e3o do espa\u00e7o e se o Governo prev\u00ea alguma data para que o antigo quartel possa ser transformado num espa\u00e7o de utiliza\u00e7\u00e3o p\u00fablica, em respeito pelo valor ecol\u00f3gico da Serra de Montejunto.<\/p>\n<p>A deputada do PEV quer ainda saber se est\u00e1 prevista alguma ced\u00eancia desta estrutura ao munic\u00edpio do Cadaval e, em caso afirmativo, para que projeto e envolvendo que encargos.<\/p>\n<p>&nbsp;<\/p>\n","protected":false},"excerpt":{"rendered":"<p>Apos a visita ao Montejunto realizada pela CDU Cadaval, a deputada Mariana Silva, do Grupo Parlamentar Os Verdes, entregou na Assembleia da Rep\u00fablica uma pergunta, questionando o Governo atrav\u00e9s do Minist\u00e9rio da Defesa Nacional, sobre a exist\u00eancia de \u00a0um antigo quartel da For\u00e7a A\u00e9rea que se encontra desativado h\u00e1 anos, n\u00e3o servindo, assim, a sua [&hellip;]<\/p>\n","protected":false},"author":2,"featured_media":4559,"comment_status":"open","ping_status":"open","sticky":false,"template":"","format":"standard","meta":{"footnotes":""},"categories":[9,10],"tags":[],"class_list":["post-4525","post","type-post","status-publish","format-standard","has-post-thumbnail","hentry","category-ambiente","category-patrimonio"],"_links":{"self":[{"href":"https:\/\/tintafresca.net\/index.php\/wp-json\/wp\/v2\/posts\/4525","targetHints":{"allow":["GET"]}}],"collection":[{"href":"https:\/\/tintafresca.net\/index.php\/wp-json\/wp\/v2\/posts"}],"about":[{"href":"https:\/\/tintafresca.net\/index.php\/wp-json\/wp\/v2\/types\/post"}],"author":[{"embeddable":true,"href":"https:\/\/tintafresca.net\/index.php\/wp-json\/wp\/v2\/users\/2"}],"replies":[{"embeddable":true,"href":"https:\/\/tintafresca.net\/index.php\/wp-json\/wp\/v2\/comments?post=4525"}],"version-history":[{"count":5,"href":"https:\/\/tintafresca.net\/index.php\/wp-json\/wp\/v2\/posts\/4525\/revisions"}],"predecessor-version":[{"id":4539,"href":"https:\/\/tintafresca.net\/index.php\/wp-json\/wp\/v2\/posts\/4525\/revisions\/4539"}],"wp:featuredmedia":[{"embeddable":true,"href":"https:\/\/tintafresca.net\/index.php\/wp-json\/wp\/v2\/media\/4559"}],"wp:attachment":[{"href":"https:\/\/tintafresca.net\/index.php\/wp-json\/wp\/v2\/media?parent=4525"}],"wp:term":[{"taxonomy":"category","embeddable":true,"href":"https:\/\/tintafresca.net\/index.php\/wp-json\/wp\/v2\/categories?post=4525"},{"taxonomy":"post_tag","embeddable":true,"href":"https:\/\/tintafresca.net\/index.php\/wp-json\/wp\/v2\/tags?post=4525"}],"curies":[{"name":"wp","href":"https:\/\/api.w.org\/{rel}","templated":true}]}}