{"id":4549,"date":"2021-05-30T21:57:23","date_gmt":"2021-05-30T21:57:23","guid":{"rendered":"https:\/\/tintafresca.net\/?p=4549"},"modified":"2021-05-30T21:57:57","modified_gmt":"2021-05-30T21:57:57","slug":"ema-paulino-e-a-primeira-mulher-eleita-presidente-da-associacao-nacional-das-farmacias","status":"publish","type":"post","link":"https:\/\/tintafresca.net\/index.php\/2021\/05\/30\/ema-paulino-e-a-primeira-mulher-eleita-presidente-da-associacao-nacional-das-farmacias\/","title":{"rendered":"Ema Paulino \u00e9 a primeira mulher eleita presidente da Associa\u00e7\u00e3o Nacional das Farm\u00e1cias"},"content":{"rendered":"<div id=\"attachment_4551\" style=\"width: 510px\" class=\"wp-caption alignleft\"><img loading=\"lazy\" decoding=\"async\" aria-describedby=\"caption-attachment-4551\" class=\"wp-image-4551 size-full\" src=\"https:\/\/tintafresca.net\/wp-content\/uploads\/2021\/05\/AN_Ema_Paulino10.jpg\" alt=\"\" width=\"500\" height=\"749\" srcset=\"https:\/\/tintafresca.net\/wp-content\/uploads\/2021\/05\/AN_Ema_Paulino10.jpg 500w, https:\/\/tintafresca.net\/wp-content\/uploads\/2021\/05\/AN_Ema_Paulino10-200x300.jpg 200w\" sizes=\"auto, (max-width: 500px) 100vw, 500px\" \/><p id=\"caption-attachment-4551\" class=\"wp-caption-text\">Ema Paulino<\/p><\/div>\n<p>Ema Paulino foi eleita presidente da Dire\u00e7\u00e3o da Associa\u00e7\u00e3o Nacional das Farm\u00e1cias (ANF) para o tri\u00e9nio 2021-2023, com 58% dos votos, contra 36% da lista advers\u00e1ria. \u00c9 a primeira vez que uma mulher \u00e9 eleita para dirigir a ANF. A lista A, liderada por Ema Paulino, conquistou 1340 votos, contra 825 da lista F, num total de 2165 farm\u00e1cias apuradas. Foram ainda contabilizados 147 votos nulos ou em branco.\u00a0 Ficam por apurar os votos de 199 farm\u00e1cias, processo que estar\u00e1 conclu\u00eddo na pr\u00f3xima sexta-feira, dia 4 de junho de 2021.<\/p>\n<p>Ema Paulino prop\u00f5e um Novo Rumo para a ANF, dando \u201cprioridade ao reequil\u00edbrio das contas atrav\u00e9s de uma gest\u00e3o rigorosa e transparente\u201d. Apresenta como principais objetivos \u201caproximar a Associa\u00e7\u00e3o de todos os Associados, defender e valorizar as farm\u00e1cias e os farmac\u00eauticos na rede de cuidados de sa\u00fade, bem como recuperar o poder de interven\u00e7\u00e3o e influ\u00eancia da ANF junto dos centros de decis\u00e3o, das autoridades e de todos os parceiros da sa\u00fade\u201d.<\/p>\n<p>Ema Paulino foi membro da Dire\u00e7\u00e3o Nacional da Ordem dos Farmac\u00eauticos (OF) e representou esta organiza\u00e7\u00e3o no Grupo Farmac\u00eautico da Uni\u00e3o Europeia (PGEU) e na Federa\u00e7\u00e3o Internacional Farmac\u00eautica (FIP), da qual foi CEO interina. Pertenceu \u00e0 Dire\u00e7\u00e3o da ANF durante 9 anos, de 2003 a 2012, e foi, entre 2012 e 2019, Presidente da Sec\u00e7\u00e3o Regional do Sul e Regi\u00f5es Aut\u00f3nomas da Ordem dos Farmac\u00eauticos. Foi, at\u00e9 \u00e0 elei\u00e7\u00e3o para a ANF, membro da Comiss\u00e3o T\u00e9cnica de Vacina\u00e7\u00e3o da Dire\u00e7\u00e3o-Geral da Sa\u00fade, desde 2018, e, desde 2020, da Comiss\u00e3o T\u00e9cnica de Vacina\u00e7\u00e3o Contra a COVID-19. Integra a delega\u00e7\u00e3o da FIP \u00e0 Assembleia Mundial da Sa\u00fade, da Organiza\u00e7\u00e3o Mundial da Sa\u00fade.<\/p>\n<p>Recebeu o galard\u00e3o FIP Fellow em 2012. Em 2014, foi distinguida com o pr\u00e9mio Almofariz para Figura do Ano e, em 2017, foi selecionada como uma das 100 gestoras da nova gera\u00e7\u00e3o a n\u00edvel nacional para o C\u00edrculo da Inova\u00e7\u00e3o, projeto do Expresso, SIC Not\u00edcias e NOS. Em 2020, foi eleita membro correspondente da Academia Nacional de Farm\u00e1cia Francesa.<\/p>\n<p>Ema Paulino conta, na equipa da Dire\u00e7\u00e3o, com os vice-presidentes Diogo Gouveia, Paula Dinis e Paulo Fernandes. Jo\u00e3o Cordeiro preside \u00e0 Mesa da Assembleia Geral, Paulo Barradas \u00e9 presidente do Conselho Fiscal e Helena Amado \u00e9 presidente do Conselho Disciplinar.<\/p>\n<p><strong>\u00a0 \u00a0 Fonte: WLPartners<\/strong><\/p>\n","protected":false},"excerpt":{"rendered":"<p>Ema Paulino foi eleita presidente da Dire\u00e7\u00e3o da Associa\u00e7\u00e3o Nacional das Farm\u00e1cias (ANF) para o tri\u00e9nio 2021-2023, com 58% dos votos, contra 36% da lista advers\u00e1ria. \u00c9 a primeira vez que uma mulher \u00e9 eleita para dirigir a ANF. A lista A, liderada por Ema Paulino, conquistou 1340 votos, contra 825 da lista F, num [&hellip;]<\/p>\n","protected":false},"author":2,"featured_media":4552,"comment_status":"open","ping_status":"open","sticky":false,"template":"","format":"standard","meta":{"footnotes":""},"categories":[6],"tags":[],"class_list":["post-4549","post","type-post","status-publish","format-standard","has-post-thumbnail","hentry","category-saude"],"_links":{"self":[{"href":"https:\/\/tintafresca.net\/index.php\/wp-json\/wp\/v2\/posts\/4549","targetHints":{"allow":["GET"]}}],"collection":[{"href":"https:\/\/tintafresca.net\/index.php\/wp-json\/wp\/v2\/posts"}],"about":[{"href":"https:\/\/tintafresca.net\/index.php\/wp-json\/wp\/v2\/types\/post"}],"author":[{"embeddable":true,"href":"https:\/\/tintafresca.net\/index.php\/wp-json\/wp\/v2\/users\/2"}],"replies":[{"embeddable":true,"href":"https:\/\/tintafresca.net\/index.php\/wp-json\/wp\/v2\/comments?post=4549"}],"version-history":[{"count":2,"href":"https:\/\/tintafresca.net\/index.php\/wp-json\/wp\/v2\/posts\/4549\/revisions"}],"predecessor-version":[{"id":4553,"href":"https:\/\/tintafresca.net\/index.php\/wp-json\/wp\/v2\/posts\/4549\/revisions\/4553"}],"wp:featuredmedia":[{"embeddable":true,"href":"https:\/\/tintafresca.net\/index.php\/wp-json\/wp\/v2\/media\/4552"}],"wp:attachment":[{"href":"https:\/\/tintafresca.net\/index.php\/wp-json\/wp\/v2\/media?parent=4549"}],"wp:term":[{"taxonomy":"category","embeddable":true,"href":"https:\/\/tintafresca.net\/index.php\/wp-json\/wp\/v2\/categories?post=4549"},{"taxonomy":"post_tag","embeddable":true,"href":"https:\/\/tintafresca.net\/index.php\/wp-json\/wp\/v2\/tags?post=4549"}],"curies":[{"name":"wp","href":"https:\/\/api.w.org\/{rel}","templated":true}]}}