{"id":4581,"date":"2021-06-01T09:47:48","date_gmt":"2021-06-01T09:47:48","guid":{"rendered":"https:\/\/tintafresca.net\/?p=4581"},"modified":"2021-06-01T22:05:16","modified_gmt":"2021-06-01T22:05:16","slug":"ministra-da-agricultura-visita-leiria-no-ambito-da-rede-de-aceleracao-e-inovacao-agricola","status":"publish","type":"post","link":"https:\/\/tintafresca.net\/index.php\/2021\/06\/01\/ministra-da-agricultura-visita-leiria-no-ambito-da-rede-de-aceleracao-e-inovacao-agricola\/","title":{"rendered":"Ministra da Agricultura visita Leiria no \u00e2mbito da Rede de Acelera\u00e7\u00e3o e Inova\u00e7\u00e3o Agr\u00edcola"},"content":{"rendered":"<div id=\"attachment_4606\" style=\"width: 410px\" class=\"wp-caption alignleft\"><img loading=\"lazy\" decoding=\"async\" aria-describedby=\"caption-attachment-4606\" class=\"wp-image-4606 size-full\" src=\"https:\/\/tintafresca.net\/wp-content\/uploads\/2021\/06\/Maria_do_Ceu_antunes.jpg\" alt=\"\" width=\"400\" height=\"400\" srcset=\"https:\/\/tintafresca.net\/wp-content\/uploads\/2021\/06\/Maria_do_Ceu_antunes.jpg 400w, https:\/\/tintafresca.net\/wp-content\/uploads\/2021\/06\/Maria_do_Ceu_antunes-300x300.jpg 300w, https:\/\/tintafresca.net\/wp-content\/uploads\/2021\/06\/Maria_do_Ceu_antunes-150x150.jpg 150w\" sizes=\"auto, (max-width: 400px) 100vw, 400px\" \/><p id=\"caption-attachment-4606\" class=\"wp-caption-text\">Maria do C\u00e9u Antunes<\/p><\/div>\n<p>A ministra da Agricultura estar\u00e1 presente esta sexta-feira, dia 4 de junho, no Estabelecimento Prisional de Leiria \u2013 Jovens, para a apresenta\u00e7\u00e3o do projeto e da estrat\u00e9gia definida para a inova\u00e7\u00e3o agr\u00edcola no concelho de Leiria, seguido da assinatura de protocolo de coopera\u00e7\u00e3o no \u00e2mbito da Rede de Acelera\u00e7\u00e3o e Inova\u00e7\u00e3o Agr\u00edcola. Maria do C\u00e9u Antunes visitar\u00e1 de seguida a TecniFerti \u2013 \u00a0Empresa de produ\u00e7\u00e3o e comercializa\u00e7\u00e3o de fertilizantes l\u00edquidos, com solu\u00e7\u00f5es inovadoras, nomeadamente ao n\u00edvel da agricultura de precis\u00e3o e fertiliza\u00e7\u00e3o inteligente, com o desenvolvimento de produtos espec\u00edficos.<\/p>\n<p>Rede de Acelera\u00e7\u00e3o e Inova\u00e7\u00e3o Agr\u00edcola | Leria<br \/>\nPrograma<br \/>\n04 de junho de 2021<\/p>\n<p>10h00 \u2013 Estabelecimento Prisional de Leiria \u2013 Jovens<\/p>\n<p>Rede de Acelera\u00e7\u00e3o e Inova\u00e7\u00e3o Agr\u00edcola \u2013 Apresenta\u00e7\u00e3o do projeto e da estrat\u00e9gia definida para a inova\u00e7\u00e3o agr\u00edcola no concelho de Leiria. Assinatura de protocolo de coopera\u00e7\u00e3o:<\/p>\n<p>&#8211; Gon\u00e7alo Lopes \u2013 Presidente da C\u00e2mara Municipal de Leiria<br \/>\n&#8211; R\u00f3mulo Mateus \u2013 Diretor-Geral da DGRSP EPL \u2013 Jovens<br \/>\n&#8211; V\u00edtor Hugo Ferreira \u2013 Diretor-Geral Startup Leiria<br \/>\n&#8211; [Assinatura de protocolo: 10 entidades]<br \/>\n&#8211; Maria do C\u00e9u Antunes \u2013 Ministra da Agricultura<\/p>\n<p>Organiza\u00e7\u00e3o: C\u00e2mara Municipal de Leiria, Estabelecimento Prisional de Leiria e Startup Leiria<\/p>\n<p>11h00 \u2013 TecniFerti \u2013 Empresa de fertilizantes l\u00edquidos<\/p>\n<p>Empresa de produ\u00e7\u00e3o e comercializa\u00e7\u00e3o de fertilizantes l\u00edquidos, com solu\u00e7\u00f5es inovadoras, nomeadamente ao n\u00edvel da agricultura de precis\u00e3o e fertiliza\u00e7\u00e3o inteligente, com o desenvolvimento de produtos espec\u00edficos.<\/p>\n<p>Organiza\u00e7\u00e3o: NERLEI e C\u00e2mara Municipal de Leiria<\/p>\n","protected":false},"excerpt":{"rendered":"<p>A ministra da Agricultura estar\u00e1 presente esta sexta-feira, dia 4 de junho, no Estabelecimento Prisional de Leiria \u2013 Jovens, para a apresenta\u00e7\u00e3o do projeto e da estrat\u00e9gia definida para a inova\u00e7\u00e3o agr\u00edcola no concelho de Leiria, seguido da assinatura de protocolo de coopera\u00e7\u00e3o no \u00e2mbito da Rede de Acelera\u00e7\u00e3o e Inova\u00e7\u00e3o Agr\u00edcola. Maria do C\u00e9u [&hellip;]<\/p>\n","protected":false},"author":2,"featured_media":4583,"comment_status":"open","ping_status":"open","sticky":false,"template":"","format":"standard","meta":{"footnotes":""},"categories":[7],"tags":[],"class_list":["post-4581","post","type-post","status-publish","format-standard","has-post-thumbnail","hentry","category-economia"],"_links":{"self":[{"href":"https:\/\/tintafresca.net\/index.php\/wp-json\/wp\/v2\/posts\/4581","targetHints":{"allow":["GET"]}}],"collection":[{"href":"https:\/\/tintafresca.net\/index.php\/wp-json\/wp\/v2\/posts"}],"about":[{"href":"https:\/\/tintafresca.net\/index.php\/wp-json\/wp\/v2\/types\/post"}],"author":[{"embeddable":true,"href":"https:\/\/tintafresca.net\/index.php\/wp-json\/wp\/v2\/users\/2"}],"replies":[{"embeddable":true,"href":"https:\/\/tintafresca.net\/index.php\/wp-json\/wp\/v2\/comments?post=4581"}],"version-history":[{"count":4,"href":"https:\/\/tintafresca.net\/index.php\/wp-json\/wp\/v2\/posts\/4581\/revisions"}],"predecessor-version":[{"id":4607,"href":"https:\/\/tintafresca.net\/index.php\/wp-json\/wp\/v2\/posts\/4581\/revisions\/4607"}],"wp:featuredmedia":[{"embeddable":true,"href":"https:\/\/tintafresca.net\/index.php\/wp-json\/wp\/v2\/media\/4583"}],"wp:attachment":[{"href":"https:\/\/tintafresca.net\/index.php\/wp-json\/wp\/v2\/media?parent=4581"}],"wp:term":[{"taxonomy":"category","embeddable":true,"href":"https:\/\/tintafresca.net\/index.php\/wp-json\/wp\/v2\/categories?post=4581"},{"taxonomy":"post_tag","embeddable":true,"href":"https:\/\/tintafresca.net\/index.php\/wp-json\/wp\/v2\/tags?post=4581"}],"curies":[{"name":"wp","href":"https:\/\/api.w.org\/{rel}","templated":true}]}}