{"id":4686,"date":"2021-06-04T15:00:03","date_gmt":"2021-06-04T15:00:03","guid":{"rendered":"https:\/\/tintafresca.net\/?p=4686"},"modified":"2021-06-04T19:12:39","modified_gmt":"2021-06-04T19:12:39","slug":"porto-de-mos-apresenta-a-melhor-situacao-financeira-das-ultimas-decadas","status":"publish","type":"post","link":"https:\/\/tintafresca.net\/index.php\/2021\/06\/04\/porto-de-mos-apresenta-a-melhor-situacao-financeira-das-ultimas-decadas\/","title":{"rendered":"Porto de M\u00f3s apresenta a melhor situa\u00e7\u00e3o financeira das \u00faltimas d\u00e9cadas"},"content":{"rendered":"<div id=\"attachment_4688\" style=\"width: 510px\" class=\"wp-caption alignleft\"><img loading=\"lazy\" decoding=\"async\" aria-describedby=\"caption-attachment-4688\" class=\"wp-image-4688 size-full\" src=\"https:\/\/tintafresca.net\/wp-content\/uploads\/2021\/06\/PM_central_eletrica10.jpg\" alt=\"\" width=\"500\" height=\"375\" srcset=\"https:\/\/tintafresca.net\/wp-content\/uploads\/2021\/06\/PM_central_eletrica10.jpg 500w, https:\/\/tintafresca.net\/wp-content\/uploads\/2021\/06\/PM_central_eletrica10-300x225.jpg 300w\" sizes=\"auto, (max-width: 500px) 100vw, 500px\" \/><p id=\"caption-attachment-4688\" class=\"wp-caption-text\">Antiga Central Termoel\u00e9trica de Porto de M\u00f3s<\/p><\/div>\n<p>Foi aprovada, na reuni\u00e3o de C\u00e2mara do dia 31 de maio, a Presta\u00e7\u00e3o de Contas do Munic\u00edpio de Porto de M\u00f3s referente ao ano de 2020.<\/p>\n<p>O principal destaque vai para a sa\u00fade financeira do munic\u00edpio, que atinge o melhor n\u00edvel dos \u00faltimos 20 anos. Desde o in\u00edcio deste mandato a d\u00edvida total da autarquia reduziu mais de 1 milh\u00e3o e 300 mil euros; a autonomia financeira aumentou mais de 20% e a liquidez imediata, ou seja, a capacidade das disponibilidades financeiras correntes do munic\u00edpio responderem ao passivo corrente, disparou, passando de 196,47% em 2017 para 418,90% em 2020. De referir, ainda, que o prazo m\u00e9dio de pagamentos passou de 12 dias, em 2017, para 8 dias em 2020.<\/p>\n<p>Segundo a C\u00e2mara Municipal de Porto de M\u00f3s, estes indicadores s\u00e3o resultado de uma gest\u00e3o rigorosa, que permitiu garantir grande din\u00e2mica durante todo o mandato, bem como assegurar o apoio extraordin\u00e1rio necess\u00e1rio durante a pandemia, n\u00e3o desviando, nunca, o foco essencial na gest\u00e3o da coisa p\u00fablica.<\/p>\n<p>Inevitavelmente as rubricas com maior destaque est\u00e3o ligadas \u00e0 sa\u00fade e a\u00e7\u00e3o social, que atingiram um montante superior a 302 mil euros em 2020, com um aumento superior a 400% em rela\u00e7\u00e3o ao ano anterior, pois o munic\u00edpio n\u00e3o hesitou em dar uma resposta robusta \u00e0s adversidades provocadas pela pandemia, garantindo todo o apoio necess\u00e1rio \u00e0 popula\u00e7\u00e3o.<\/p>\n<p>Ainda em destaque nas contas de 2020 foi o elevado n\u00edvel de execu\u00e7\u00e3o em algumas obras, mesmo com todas as limita\u00e7\u00f5es que a pandemia representou, como \u00e9 o caso da Central Termoel\u00e9trica, onde se executaram mais de 800 mil euros, permitindo ao Munic\u00edpio ser premiado com um refor\u00e7o de fundos comunit\u00e1rios afetos a essa obra, em mais de 600 mil euros do que o previsto inicialmente.<\/p>\n<p>Destaca-se, ainda, o aumento dos apoios financeiros, para o movimento associativo, corpora\u00e7\u00f5es de bombeiros e juntas de freguesia, permitindo atingir a execu\u00e7\u00e3o destes montantes em percentagens muito superiores aos \u00faltimos anos.<\/p>\n<p><strong>\u00a0 \u00a0 \u00a0Fonte: PA|GC|CMPM<\/strong><\/p>\n","protected":false},"excerpt":{"rendered":"<p>Foi aprovada, na reuni\u00e3o de C\u00e2mara do dia 31 de maio, a Presta\u00e7\u00e3o de Contas do Munic\u00edpio de Porto de M\u00f3s referente ao ano de 2020. O principal destaque vai para a sa\u00fade financeira do munic\u00edpio, que atinge o melhor n\u00edvel dos \u00faltimos 20 anos. Desde o in\u00edcio deste mandato a d\u00edvida total da autarquia [&hellip;]<\/p>\n","protected":false},"author":2,"featured_media":4689,"comment_status":"open","ping_status":"open","sticky":false,"template":"","format":"standard","meta":{"footnotes":""},"categories":[7],"tags":[],"class_list":["post-4686","post","type-post","status-publish","format-standard","has-post-thumbnail","hentry","category-economia"],"_links":{"self":[{"href":"https:\/\/tintafresca.net\/index.php\/wp-json\/wp\/v2\/posts\/4686","targetHints":{"allow":["GET"]}}],"collection":[{"href":"https:\/\/tintafresca.net\/index.php\/wp-json\/wp\/v2\/posts"}],"about":[{"href":"https:\/\/tintafresca.net\/index.php\/wp-json\/wp\/v2\/types\/post"}],"author":[{"embeddable":true,"href":"https:\/\/tintafresca.net\/index.php\/wp-json\/wp\/v2\/users\/2"}],"replies":[{"embeddable":true,"href":"https:\/\/tintafresca.net\/index.php\/wp-json\/wp\/v2\/comments?post=4686"}],"version-history":[{"count":2,"href":"https:\/\/tintafresca.net\/index.php\/wp-json\/wp\/v2\/posts\/4686\/revisions"}],"predecessor-version":[{"id":4690,"href":"https:\/\/tintafresca.net\/index.php\/wp-json\/wp\/v2\/posts\/4686\/revisions\/4690"}],"wp:featuredmedia":[{"embeddable":true,"href":"https:\/\/tintafresca.net\/index.php\/wp-json\/wp\/v2\/media\/4689"}],"wp:attachment":[{"href":"https:\/\/tintafresca.net\/index.php\/wp-json\/wp\/v2\/media?parent=4686"}],"wp:term":[{"taxonomy":"category","embeddable":true,"href":"https:\/\/tintafresca.net\/index.php\/wp-json\/wp\/v2\/categories?post=4686"},{"taxonomy":"post_tag","embeddable":true,"href":"https:\/\/tintafresca.net\/index.php\/wp-json\/wp\/v2\/tags?post=4686"}],"curies":[{"name":"wp","href":"https:\/\/api.w.org\/{rel}","templated":true}]}}