{"id":471,"date":"2021-01-12T00:10:27","date_gmt":"2021-01-11T23:10:27","guid":{"rendered":"https:\/\/tintafresca.net\/?p=471"},"modified":"2021-01-12T00:10:27","modified_gmt":"2021-01-11T23:10:27","slug":"camara-de-alcobaca-vai-realizar-testes-rapidos-a-covid-19-nas-escolas-do-concelho","status":"publish","type":"post","link":"https:\/\/tintafresca.net\/index.php\/2021\/01\/12\/camara-de-alcobaca-vai-realizar-testes-rapidos-a-covid-19-nas-escolas-do-concelho\/","title":{"rendered":"C\u00e2mara de Alcoba\u00e7a vai realizar testes r\u00e1pidos \u00e0 COVID-19 nas escolas do concelho"},"content":{"rendered":"<div id=\"attachment_468\" style=\"width: 650px\" class=\"wp-caption alignleft\"><img loading=\"lazy\" decoding=\"async\" aria-describedby=\"caption-attachment-468\" class=\"wp-image-468 size-full\" src=\"https:\/\/tintafresca.net\/wp-content\/uploads\/2021\/01\/Escola_Frei_Estevao_Martins.jpg\" alt=\"\" width=\"640\" height=\"480\" srcset=\"https:\/\/tintafresca.net\/wp-content\/uploads\/2021\/01\/Escola_Frei_Estevao_Martins.jpg 640w, https:\/\/tintafresca.net\/wp-content\/uploads\/2021\/01\/Escola_Frei_Estevao_Martins-300x225.jpg 300w\" sizes=\"auto, (max-width: 640px) 100vw, 640px\" \/><p id=\"caption-attachment-468\" class=\"wp-caption-text\">Escola B\u00e1sica 2,3 Frei Est\u00eav\u00e3o Martins<\/p><\/div>\n<p>O concelho de Alcoba\u00e7a regista esta segunda-feira, dia 11 de janeiro, 642 casos ativos de Covid-19 e 25 falecimentos. \u201c\u00c9 por demais evidente o agravamento brutal da pandemia no nosso concelho. A subida vertiginosa destes n\u00fameros tem diversas explica\u00e7\u00f5es, mas o que \u00e9 facto \u00e9 que os n\u00fameros est\u00e3o neste momento fora de controlo. O confinamento nacional que se prev\u00ea que seja anunciado na quinta-feira poder\u00e1 ajudar a travar de alguma forma esta realidade muito preocupante\u201d, escreve o presidente da C\u00e2mara de Alcoba\u00e7a na sua p\u00e1gina de Facebook. Tamb\u00e9m no concelho de Torres Vedras a epidemia cresce rapidamente, contando j\u00e1 com 689 casos ativos de infe\u00e7\u00e3o por SARS-CoV-2.<\/p>\n<p>A C\u00e2mara de Alcoba\u00e7a permanece em direta sintonia com as autoridades de sa\u00fade para a an\u00e1lise epidemiol\u00f3gica do concelho e para o acompanhamento, atrav\u00e9s da Servi\u00e7o Municipal de Prote\u00e7\u00e3o Civil, da situa\u00e7\u00e3o vivida nos lares do concelho.<\/p>\n<p>Segundo Paulo In\u00e1cio, a task-force instalada no Parque de Neg\u00f3cios est\u00e1 a realizar centenas entrevistas epidemiol\u00f3gicas por dia aos casos positivos e questionando-os da necessidade de algum apoio.<\/p>\n<p>Relativamente \u00e0s escolas do concelho, ainda de acordo com o autarca, \u201ca perspetiva em vigor ao dia de hoje \u00e9 de que n\u00e3o haver\u00e1 encerramento por parte do Governo embora a decis\u00e3o final s\u00f3 ser\u00e1 tomada depois da reuni\u00e3o com o Infarmed. Em todo o caso, quero deixar a garantia que independentemente da decis\u00e3o do Governo, e como forma de sossegar a comunidade escolar, a c\u00e2mara de Alcoba\u00e7a ir\u00e1 realizar testes r\u00e1pidos gratuitos a todo o pessoal docente e n\u00e3o-docente.\u201d<\/p>\n<p>Num apelo \u00e0 serenidade, Paulo In\u00e1cio recorda que \u201cAlcoba\u00e7a sempre foi e ser\u00e1 uma comunidade ordeira e respeitadora. Acredito no bom-senso das pessoas e no seu sentido de responsabilidade coletiva que agora mais do que nunca \u00e9 essencial para podermos superar esta fase.\u201d<\/p>\n<p>&nbsp;<\/p>\n<p>Os n\u00fameros est\u00e3o distribu\u00eddos por freguesia da seguinte forma:<\/p>\n<p>Alcoba\u00e7a e Vestiaria &#8211; 51<\/p>\n<p>Alfeizer\u00e3o &#8211; 35<\/p>\n<p>Aljubarrota &#8211; 45<\/p>\n<p>B\u00e1rrio &#8211; 13<\/p>\n<p>Benedita &#8211; 130<\/p>\n<p>Cela &#8211; 28<\/p>\n<p>Alpedriz, Coz e Montes &#8211; 26<\/p>\n<p>\u00c9vora de Alcoba\u00e7a &#8211; 131<\/p>\n<p>Maiorga &#8211; 7<\/p>\n<p>Pataias e Martingan\u00e7a &#8211; 39<\/p>\n<p>S\u00e3o Martinho do Porto &#8211; 13<\/p>\n<p>Turquel &#8211; 99<\/p>\n<p>Vimeiro \u2013 25<\/p>\n<p>Torres Vedras conta com 689 casos ativos de infe\u00e7\u00e3o por SARS-CoV-2<\/p>\n<p>&nbsp;<\/p>\n<p>A 10 de janeiro, o concelho de Torres Vedras contava com 689 casos ativos de infe\u00e7\u00e3o por SARS-CoV-2, que se encontram a ser acompanhados pelas autoridades de sa\u00fade. Existiam 192 casos suspeitos a aguardar os resultados laboratoriais e 990 contactos sob vigil\u00e2ncia ativa das autoridades de sa\u00fade. O Concelho apresentou 87 novos casos confirmados e 24 novos casos recuperados. Infelizmente, o Concelho registou, ainda, um novo \u00f3bito.<\/p>\n<p>&nbsp;<\/p>\n<p>At\u00e9 ao momento, n\u00e3o foi poss\u00edvel atualizar a distribui\u00e7\u00e3o por freguesias dos novos casos confirmados, novos casos recuperados e \u00f3bitos de dia 10 de janeiro. Esta informa\u00e7\u00e3o ser\u00e1 atualizada assim que poss\u00edvel.<\/p>\n<p>&nbsp;<\/p>\n<p>No total, foram contabilizados 2751 casos confirmados, dos quais 2026 recuperados. Desde que a pandemia chegou ao Concelho, h\u00e1, infelizmente, 36 \u00f3bitos a lamentar.<\/p>\n<p>&nbsp;<\/p>\n<p>Situa\u00e7\u00e3o epidemiol\u00f3gica em empresas agr\u00edcolas<\/p>\n<p>O cluster de casos de COVID-19 associados a empresas agr\u00edcolas registava seis casos ativos de infe\u00e7\u00e3o por SARS-CoV-2, apresentando tr\u00eas novos casos recuperados.<\/p>\n<p>&nbsp;<\/p>\n<p>Situa\u00e7\u00e3o epidemiol\u00f3gica no Lar Vida Maior<\/p>\n<p>O cluster de COVID-19 localizado no Lar Vida Maior, em Maceira, na freguesia de Uni\u00e3o das Freguesias de A dos Cunhados e Maceira, apresentava oito casos ativos de infe\u00e7\u00e3o por SARS-CoV-2.<\/p>\n<p>&nbsp;<\/p>\n<p>Situa\u00e7\u00e3o epidemiol\u00f3gica no Hospital de Torres Vedras<\/p>\n<p>O cluster de casos de COVID-19 associados ao Hospital de Torres Vedras registava 102 casos ativos de infe\u00e7\u00e3o por SARS-CoV-2, apresentando 27 novos casos confirmados.<\/p>\n<p>&nbsp;<\/p>\n<p>Situa\u00e7\u00e3o epidemiol\u00f3gica no Lar de S\u00e3o Jos\u00e9<\/p>\n<p>O cluster de casos de COVID-19 no Lar de S\u00e3o Jos\u00e9, na cidade de Torres Vedras, contava com 89 casos ativos de infe\u00e7\u00e3o por SARS-CoV-2.<\/p>\n<p>&nbsp;<\/p>\n<p>Situa\u00e7\u00e3o epidemiol\u00f3gica no Lar de Nossa Senhora do Carmo<\/p>\n<p>O cluster de COVID-19 localizado no Lar de Nossa Senhora do Carmo, em Ordasqueira, apresenta 78 casos ativos de infe\u00e7\u00e3o por SARS-CoV-2. Infelizmente, este cluster regista um novo \u00f3bito.<\/p>\n","protected":false},"excerpt":{"rendered":"<p>O concelho de Alcoba\u00e7a regista esta segunda-feira, dia 11 de janeiro, 642 casos ativos de Covid-19 e 25 falecimentos. \u201c\u00c9 por demais evidente o agravamento brutal da pandemia no nosso concelho. A subida vertiginosa destes n\u00fameros tem diversas explica\u00e7\u00f5es, mas o que \u00e9 facto \u00e9 que os n\u00fameros est\u00e3o neste momento fora de controlo. O [&hellip;]<\/p>\n","protected":false},"author":2,"featured_media":468,"comment_status":"open","ping_status":"open","sticky":false,"template":"","format":"standard","meta":{"footnotes":""},"categories":[3,14,6],"tags":[],"class_list":["post-471","post","type-post","status-publish","format-standard","has-post-thumbnail","hentry","category-destaques","category-educacao","category-saude"],"_links":{"self":[{"href":"https:\/\/tintafresca.net\/index.php\/wp-json\/wp\/v2\/posts\/471","targetHints":{"allow":["GET"]}}],"collection":[{"href":"https:\/\/tintafresca.net\/index.php\/wp-json\/wp\/v2\/posts"}],"about":[{"href":"https:\/\/tintafresca.net\/index.php\/wp-json\/wp\/v2\/types\/post"}],"author":[{"embeddable":true,"href":"https:\/\/tintafresca.net\/index.php\/wp-json\/wp\/v2\/users\/2"}],"replies":[{"embeddable":true,"href":"https:\/\/tintafresca.net\/index.php\/wp-json\/wp\/v2\/comments?post=471"}],"version-history":[{"count":1,"href":"https:\/\/tintafresca.net\/index.php\/wp-json\/wp\/v2\/posts\/471\/revisions"}],"predecessor-version":[{"id":472,"href":"https:\/\/tintafresca.net\/index.php\/wp-json\/wp\/v2\/posts\/471\/revisions\/472"}],"wp:featuredmedia":[{"embeddable":true,"href":"https:\/\/tintafresca.net\/index.php\/wp-json\/wp\/v2\/media\/468"}],"wp:attachment":[{"href":"https:\/\/tintafresca.net\/index.php\/wp-json\/wp\/v2\/media?parent=471"}],"wp:term":[{"taxonomy":"category","embeddable":true,"href":"https:\/\/tintafresca.net\/index.php\/wp-json\/wp\/v2\/categories?post=471"},{"taxonomy":"post_tag","embeddable":true,"href":"https:\/\/tintafresca.net\/index.php\/wp-json\/wp\/v2\/tags?post=471"}],"curies":[{"name":"wp","href":"https:\/\/api.w.org\/{rel}","templated":true}]}}