{"id":4749,"date":"2021-06-06T17:20:42","date_gmt":"2021-06-06T17:20:42","guid":{"rendered":"https:\/\/tintafresca.net\/?p=4749"},"modified":"2021-06-06T17:20:42","modified_gmt":"2021-06-06T17:20:42","slug":"municipio-do-cadaval-promove-sessoes-de-apresentacao-do-kit-basico-de-saude-mental","status":"publish","type":"post","link":"https:\/\/tintafresca.net\/index.php\/2021\/06\/06\/municipio-do-cadaval-promove-sessoes-de-apresentacao-do-kit-basico-de-saude-mental\/","title":{"rendered":"Munic\u00edpio do Cadaval promove sess\u00f5es de apresenta\u00e7\u00e3o do \u201cKit B\u00e1sico de Sa\u00fade Mental\u201d"},"content":{"rendered":"<div id=\"attachment_4757\" style=\"width: 510px\" class=\"wp-caption alignleft\"><img loading=\"lazy\" decoding=\"async\" aria-describedby=\"caption-attachment-4757\" class=\"wp-image-4757 size-full\" src=\"https:\/\/tintafresca.net\/wp-content\/uploads\/2021\/06\/Cadaval_KIT-MENTAL10.jpg\" alt=\"\" width=\"500\" height=\"375\" srcset=\"https:\/\/tintafresca.net\/wp-content\/uploads\/2021\/06\/Cadaval_KIT-MENTAL10.jpg 500w, https:\/\/tintafresca.net\/wp-content\/uploads\/2021\/06\/Cadaval_KIT-MENTAL10-300x225.jpg 300w\" sizes=\"auto, (max-width: 500px) 100vw, 500px\" \/><p id=\"caption-attachment-4757\" class=\"wp-caption-text\">Programa foi desenvolvido, pela associa\u00e7\u00e3o ManifestaMente<\/p><\/div>\n<p><em>O Munic\u00edpio do Cadaval ir\u00e1 promover, proximamente, um conjunto de sess\u00f5es de apresenta\u00e7\u00e3o do \u201cKit B\u00e1sico de Sa\u00fade Mental\u201d, vocacionadas para diversas entidades concelhias. A iniciativa decorre da recente integra\u00e7\u00e3o, por parte da C\u00e2mara Municipal, do Programa de Capacita\u00e7\u00e3o de Dinamizadores Locais, constituindo, at\u00e9 ao momento, o \u00fanico munic\u00edpio do Oeste aderente.<\/em><\/p>\n<p>A iniciativa de apresenta\u00e7\u00e3o do \u201cKit B\u00e1sico de Sa\u00fade Mental\u201d, decorrer\u00e1 ent\u00e3o, no Cadaval, repartida por tr\u00eas sess\u00f5es, a realizarem-se nos pr\u00f3ximos dias 15, 16 e 17 de junho, no audit\u00f3rio camar\u00e1rio, dirigidas a entidades espec\u00edficas do Concelho.<\/p>\n<p>Dia 15 junho, pelas 10h30, a mesma ser\u00e1 vocacionada para a GNR, profissionais da sa\u00fade, Agrupamento de Escolas, bombeiros, Prote\u00e7\u00e3o Civil e Comiss\u00e3o de Prote\u00e7\u00e3o de Crian\u00e7as e Jovens do Cadaval.<\/p>\n<p>Por sua vez, no 16 junho, pelas 14h30, juntam-se, em torno do tema, elementos das juntas de freguesia do Concelho. Por \u00faltimo, a 17 junho, pelas 14h30, ser\u00e1 a vez das IPSS locais.<\/p>\n<p>O kit aborda, nomeadamente, o que \u00e9 a \u201csa\u00fade mental\u201d e porque \u00e9 que este conceito n\u00e3o \u00e9 o oposto de \u201cdoen\u00e7a mental\u201d.<\/p>\n<p>Debru\u00e7a-se tamb\u00e9m sobre o que \u00e9 \u201cdoen\u00e7a mental\u201d, sinais de alerta, como e onde procurar ajuda e quais os recursos dispon\u00edveis. Aborda, por outro lado, a sa\u00fade mental em tempo de pandemia, o que fazer para melhorar a nossa sa\u00fade mental e o que fazer quando estamos menos bem.<\/p>\n<p>S\u00e3o ainda t\u00f3picos de abordagem o modo como podemos ajudar outra pessoa que n\u00e3o est\u00e1 bem, como ajudar algu\u00e9m que n\u00e3o quer ser ajudado, ou ainda ouvir testemunhos e distinguir mitos e verdades sobre sa\u00fade mental.<\/p>\n<p>Refira-se que o programa em apre\u00e7o foi desenvolvido, pela associa\u00e7\u00e3o ManifestaMente, em parceria com a ARS-LVT, ARS Alentejo e ARS Algarve, numa iniciativa cofinanciada pela Dire\u00e7\u00e3o-Geral da Sa\u00fade. Destina-se a apoiar os colaboradores de diversas autarquias portuguesas a melhorar a sa\u00fade mental da sua comunidade, mesmo que n\u00e3o tenham forma\u00e7\u00e3o pr\u00e9via em sa\u00fade.<\/p>\n<p>No seguimento da sua ades\u00e3o, a autarquia cadavalense lan\u00e7ou o desafio a diversos parceiros locais, com interven\u00e7\u00e3o na \u00e1rea social, tendo sido constitu\u00eddo o seguinte grupo de dinamizadores locais: Carla Silva, C\u00e2mara Municipal do Cadaval; Ana Magueijo, C\u00e2mara Municipal do Cadaval; Rosa Santos, Santa Casa da Miseric\u00f3rdia do Cadaval; Catarina Geada, Santa Casa da Miseric\u00f3rdia do Cadaval; Edviges Maur\u00edcio, Delega\u00e7\u00e3o do Cadaval da Cruz Vermelha Portuguesa; Vanessa Cardoso, LeaderOeste\/CLDS4G Melhor Cadaval; Paula Proen\u00e7a, LeaderOeste\/CLDS4G Melhor Cadaval.<\/p>\n<p>Os dinamizadores locais t\u00eam como miss\u00e3o tirar partido das oportunidades existentes e\/ou organizar iniciativas concretas na comunidade para promover a sa\u00fade mental.<\/p>\n<p>Cabe-lhes, por outro lado, identificar as necessidades da comunidade e procurar colmat\u00e1-las de acordo com os recursos existentes.<\/p>\n<p>Outra das suas incumb\u00eancias consiste em promover a literacia em sa\u00fade mental, atrav\u00e9s do combate ao estigma, \u00e0 discrimina\u00e7\u00e3o e \u00e0 exclus\u00e3o social, que afetam as pessoas com problemas de sa\u00fade mental.<\/p>\n<p><strong>\u00a0Fonte: BF|SCRP|CMC<\/strong><\/p>\n","protected":false},"excerpt":{"rendered":"<p>O Munic\u00edpio do Cadaval ir\u00e1 promover, proximamente, um conjunto de sess\u00f5es de apresenta\u00e7\u00e3o do \u201cKit B\u00e1sico de Sa\u00fade Mental\u201d, vocacionadas para diversas entidades concelhias. A iniciativa decorre da recente integra\u00e7\u00e3o, por parte da C\u00e2mara Municipal, do Programa de Capacita\u00e7\u00e3o de Dinamizadores Locais, constituindo, at\u00e9 ao momento, o \u00fanico munic\u00edpio do Oeste aderente. A iniciativa de [&hellip;]<\/p>\n","protected":false},"author":2,"featured_media":4756,"comment_status":"open","ping_status":"open","sticky":false,"template":"","format":"standard","meta":{"footnotes":""},"categories":[6],"tags":[],"class_list":["post-4749","post","type-post","status-publish","format-standard","has-post-thumbnail","hentry","category-saude"],"_links":{"self":[{"href":"https:\/\/tintafresca.net\/index.php\/wp-json\/wp\/v2\/posts\/4749","targetHints":{"allow":["GET"]}}],"collection":[{"href":"https:\/\/tintafresca.net\/index.php\/wp-json\/wp\/v2\/posts"}],"about":[{"href":"https:\/\/tintafresca.net\/index.php\/wp-json\/wp\/v2\/types\/post"}],"author":[{"embeddable":true,"href":"https:\/\/tintafresca.net\/index.php\/wp-json\/wp\/v2\/users\/2"}],"replies":[{"embeddable":true,"href":"https:\/\/tintafresca.net\/index.php\/wp-json\/wp\/v2\/comments?post=4749"}],"version-history":[{"count":2,"href":"https:\/\/tintafresca.net\/index.php\/wp-json\/wp\/v2\/posts\/4749\/revisions"}],"predecessor-version":[{"id":4758,"href":"https:\/\/tintafresca.net\/index.php\/wp-json\/wp\/v2\/posts\/4749\/revisions\/4758"}],"wp:featuredmedia":[{"embeddable":true,"href":"https:\/\/tintafresca.net\/index.php\/wp-json\/wp\/v2\/media\/4756"}],"wp:attachment":[{"href":"https:\/\/tintafresca.net\/index.php\/wp-json\/wp\/v2\/media?parent=4749"}],"wp:term":[{"taxonomy":"category","embeddable":true,"href":"https:\/\/tintafresca.net\/index.php\/wp-json\/wp\/v2\/categories?post=4749"},{"taxonomy":"post_tag","embeddable":true,"href":"https:\/\/tintafresca.net\/index.php\/wp-json\/wp\/v2\/tags?post=4749"}],"curies":[{"name":"wp","href":"https:\/\/api.w.org\/{rel}","templated":true}]}}