{"id":4782,"date":"2021-06-07T12:11:05","date_gmt":"2021-06-07T12:11:05","guid":{"rendered":"https:\/\/tintafresca.net\/?p=4782"},"modified":"2021-06-07T12:11:05","modified_gmt":"2021-06-07T12:11:05","slug":"batalha-financia-projeto-inovador-do-corpo-de-bombeiros-de-vigilancia-prevencao-e-combate-inicial-de-incendios-rurais","status":"publish","type":"post","link":"https:\/\/tintafresca.net\/index.php\/2021\/06\/07\/batalha-financia-projeto-inovador-do-corpo-de-bombeiros-de-vigilancia-prevencao-e-combate-inicial-de-incendios-rurais\/","title":{"rendered":"Batalha financia projeto inovador do corpo de Bombeiros de vigil\u00e2ncia, preven\u00e7\u00e3o e combate inicial de inc\u00eandios rurais"},"content":{"rendered":"<div id=\"attachment_4785\" style=\"width: 360px\" class=\"wp-caption alignleft\"><img loading=\"lazy\" decoding=\"async\" aria-describedby=\"caption-attachment-4785\" class=\"wp-image-4785 size-full\" src=\"https:\/\/tintafresca.net\/wp-content\/uploads\/2021\/06\/Batalha_Mata-do-Cerejal10.jpg\" alt=\"\" width=\"350\" height=\"525\" srcset=\"https:\/\/tintafresca.net\/wp-content\/uploads\/2021\/06\/Batalha_Mata-do-Cerejal10.jpg 350w, https:\/\/tintafresca.net\/wp-content\/uploads\/2021\/06\/Batalha_Mata-do-Cerejal10-200x300.jpg 200w\" sizes=\"auto, (max-width: 350px) 100vw, 350px\" \/><p id=\"caption-attachment-4785\" class=\"wp-caption-text\">Mata do Cerejal<\/p><\/div>\n<p>A C\u00e2mara Municipal da Batalha aprovou o financiamento necess\u00e1rio para a constitui\u00e7\u00e3o de Equipa de Vigil\u00e2ncia e Interven\u00e7\u00e3o, coordenada pelo Comando dos Bombeiros Volunt\u00e1rios da Batalha e que concretiza um novo dispositivo de patrulhamento, combate inicial de inc\u00eandios rurais, rescaldo e vigil\u00e2ncia ap\u00f3s-inc\u00eandio no Concelho da Batalha.<\/p>\n<p>Para o autarca local, Paulo Batista Santos \u201cesta resposta projetada pelos Bombeiros \u00e9 um projeto inovador em termos nacionais e integra-se nas medidas de refor\u00e7o do dispositivo local de preven\u00e7\u00e3o de fogos florestais, com especial incid\u00eancia no per\u00edodo de maior risco de inc\u00eandio\u201d. \u201cEste \u00e9 um excelente projeto que amplia as condi\u00e7\u00f5es de seguran\u00e7a de pessoas<\/p>\n<p>Esta Equipa de Vigil\u00e2ncia e Interven\u00e7\u00e3o ser\u00e1 constitu\u00edda por tr\u00eas bombeiros e ir\u00e1 operar 24h\/24h, nos meses de julho, agosto e setembro, com maior foco em termos de vigil\u00e2ncia, dete\u00e7\u00e3o e alerta, nas freguesias do concelho com maior risco de inc\u00eandios rurais, freguesias do Reguengo do Fetal e S\u00e3o Mamede, conforme pode ler-se no plano aprovado pela C\u00e2mara Municipal da Batalha, cujo financiamento global ascende a 21,256.00\u20ac.<\/p>\n<p>Contribuir para uma maior proximidade dos bombeiros com a popula\u00e7\u00e3o, prevenir comportamentos de risco, com forma\u00e7\u00f5es e entrega de panfletos informativos sobre as medidas preventivas, bem assim assegurar mais rapidez e capacidade para um combate inicial de um inc\u00eandio rural, s\u00e3o alguns dos objetivos deste novo projeto que ir\u00e1 arrancar na segunda quinzena de junho.<\/p>\n<p>Note-se que o Concelho da Batalha, no que diz respeito a ocupa\u00e7\u00e3o do solo, a \u00e1rea florestal ainda \u00e9 muito predominante com 6.396,31 ha (61,82% do total do territ\u00f3rio concelhio), sendo a \u00e1rea agr\u00edcola de 1.175,81 ha (11,36% do total do territ\u00f3rio) e 901,70 ha (8,71% total do concelho), corresponde a terrenos incultos.<\/p>\n<p><strong>\u00a0 \u00a0Fonte: MB<\/strong><\/p>\n","protected":false},"excerpt":{"rendered":"<p>A C\u00e2mara Municipal da Batalha aprovou o financiamento necess\u00e1rio para a constitui\u00e7\u00e3o de Equipa de Vigil\u00e2ncia e Interven\u00e7\u00e3o, coordenada pelo Comando dos Bombeiros Volunt\u00e1rios da Batalha e que concretiza um novo dispositivo de patrulhamento, combate inicial de inc\u00eandios rurais, rescaldo e vigil\u00e2ncia ap\u00f3s-inc\u00eandio no Concelho da Batalha. Para o autarca local, Paulo Batista Santos \u201cesta [&hellip;]<\/p>\n","protected":false},"author":2,"featured_media":4786,"comment_status":"open","ping_status":"open","sticky":false,"template":"","format":"standard","meta":{"footnotes":""},"categories":[9],"tags":[],"class_list":["post-4782","post","type-post","status-publish","format-standard","has-post-thumbnail","hentry","category-ambiente"],"_links":{"self":[{"href":"https:\/\/tintafresca.net\/index.php\/wp-json\/wp\/v2\/posts\/4782","targetHints":{"allow":["GET"]}}],"collection":[{"href":"https:\/\/tintafresca.net\/index.php\/wp-json\/wp\/v2\/posts"}],"about":[{"href":"https:\/\/tintafresca.net\/index.php\/wp-json\/wp\/v2\/types\/post"}],"author":[{"embeddable":true,"href":"https:\/\/tintafresca.net\/index.php\/wp-json\/wp\/v2\/users\/2"}],"replies":[{"embeddable":true,"href":"https:\/\/tintafresca.net\/index.php\/wp-json\/wp\/v2\/comments?post=4782"}],"version-history":[{"count":2,"href":"https:\/\/tintafresca.net\/index.php\/wp-json\/wp\/v2\/posts\/4782\/revisions"}],"predecessor-version":[{"id":4787,"href":"https:\/\/tintafresca.net\/index.php\/wp-json\/wp\/v2\/posts\/4782\/revisions\/4787"}],"wp:featuredmedia":[{"embeddable":true,"href":"https:\/\/tintafresca.net\/index.php\/wp-json\/wp\/v2\/media\/4786"}],"wp:attachment":[{"href":"https:\/\/tintafresca.net\/index.php\/wp-json\/wp\/v2\/media?parent=4782"}],"wp:term":[{"taxonomy":"category","embeddable":true,"href":"https:\/\/tintafresca.net\/index.php\/wp-json\/wp\/v2\/categories?post=4782"},{"taxonomy":"post_tag","embeddable":true,"href":"https:\/\/tintafresca.net\/index.php\/wp-json\/wp\/v2\/tags?post=4782"}],"curies":[{"name":"wp","href":"https:\/\/api.w.org\/{rel}","templated":true}]}}