{"id":4823,"date":"2021-06-08T21:03:03","date_gmt":"2021-06-08T21:03:03","guid":{"rendered":"https:\/\/tintafresca.net\/?p=4823"},"modified":"2021-06-08T21:06:29","modified_gmt":"2021-06-08T21:06:29","slug":"unidade-de-hospitalizacao-domiciliaria-tratou-mais-de-300-doentes-em-sua-casa-em-apenas-um-ano","status":"publish","type":"post","link":"https:\/\/tintafresca.net\/index.php\/2021\/06\/08\/unidade-de-hospitalizacao-domiciliaria-tratou-mais-de-300-doentes-em-sua-casa-em-apenas-um-ano\/","title":{"rendered":"Unidade de Hospitaliza\u00e7\u00e3o Domicili\u00e1ria tratou mais de 300 doentes em casa em apenas um ano"},"content":{"rendered":"<div id=\"attachment_4825\" style=\"width: 510px\" class=\"wp-caption alignleft\"><img loading=\"lazy\" decoding=\"async\" aria-describedby=\"caption-attachment-4825\" class=\"wp-image-4825 size-full\" src=\"https:\/\/tintafresca.net\/wp-content\/uploads\/2021\/06\/CHL_Unidade_Hospitalizacao_Domiciliaria10.jpg\" alt=\"\" width=\"500\" height=\"333\" srcset=\"https:\/\/tintafresca.net\/wp-content\/uploads\/2021\/06\/CHL_Unidade_Hospitalizacao_Domiciliaria10.jpg 500w, https:\/\/tintafresca.net\/wp-content\/uploads\/2021\/06\/CHL_Unidade_Hospitalizacao_Domiciliaria10-300x200.jpg 300w\" sizes=\"auto, (max-width: 500px) 100vw, 500px\" \/><p id=\"caption-attachment-4825\" class=\"wp-caption-text\">Sess\u00e3o comemorativa do 1\u00ba anivers\u00e1rio da Unidade Domicili\u00e1ria<\/p><\/div>\n<p>\u00abNum ano, tratarmos mais de 300 doentes em sua casa, como se estivessem no nosso hospital, nos nossos internamentos, \u00e9 obra! E eu estou muito satisfeito, e cumpre-me naturalmente dar os parab\u00e9ns \u00e0 Dra. Am\u00e1lia e a toda a equipa. Espero que os pr\u00f3ximos anivers\u00e1rios sejam sempre a somar, e a curto prazo transformemos esta Unidade de Hospitaliza\u00e7\u00e3o Domicili\u00e1ria no futuro servi\u00e7o de Hospitaliza\u00e7\u00e3o Domicili\u00e1ria [UHD]\u00bb enalteceu Lic\u00ednio de Carvalho, presidente do Conselho de Administra\u00e7\u00e3o (CA) do Centro Hospitalar de Leiria (CHL), na cerim\u00f3nia de celebra\u00e7\u00e3o do primeiro anivers\u00e1rio da UHD, realizada no dia 7 de junho, no audit\u00f3rio do Hospital de Santo Andr\u00e9, em Leiria.<\/p>\n<p>\u00abHoje celebra-se o primeiro anivers\u00e1rio desta Unidade, j\u00e1 percebemos que ser\u00e1 o primeiro de muitos anos de exist\u00eancia e de trabalho deste servi\u00e7o. Assim mantenha esta Unidade o crescimento, a efici\u00eancia, a atividade, a presta\u00e7\u00e3o do bom servi\u00e7o que tem feito e deve ser naturalmente estimulado e a continuar a dar\u00bb, salientou Lic\u00ednio de Carvalho. \u00abHoje cumpre-se aqui mostrar, transparecer o que foi feito, a bem da nossa popula\u00e7\u00e3o, com recursos que estiveram e v\u00e3o continuar a estar \u00e0 disposi\u00e7\u00e3o da Unidade de Hospitaliza\u00e7\u00e3o Domicili\u00e1ria. Espero que este exerc\u00edcio de presta\u00e7\u00e3o de contas, de cidadania madura, de gest\u00e3o hospitalar perdure e se multiplique por outras iniciativas, por outros servi\u00e7os\u00bb.<\/p>\n<p>A terminar, o presidente do CA deixou o desafio: \u00abespero que [a UHD] continue a ganhar capacidade de gest\u00e3o, de efici\u00eancia, de presta\u00e7\u00e3o de servi\u00e7os para que tamb\u00e9m possamos admitir a hip\u00f3tese de ver aqui uma oportunidade para diferenciar a gest\u00e3o desta Unidade, atrav\u00e9s de um Centro de Responsabilidade Integrada ou de outra forma que nos permita aliar uma boa governa\u00e7\u00e3o cl\u00ednica a uma boa gest\u00e3o destes recursos e desta Unidade\u00bb.<\/p>\n<p>Am\u00e1lia Pereira, m\u00e9dica internista e coordenadora da UHD, falou brevemente de como nasceu a Unidade. Agradeceu aos doentes e cuidadores, \u00abque s\u00e3o o nosso foco\u00bb, bem como a todos os que ajudaram em todo o processo da constitui\u00e7\u00e3o da UHD, a todos os elementos facilitadores e \u00aba todos os que t\u00eam estado connosco no nosso caminho\u00bb.<\/p>\n<p>A m\u00e9dica internista da UHD, S\u00f3nia Santos, apresentou os factos e n\u00fameros do primeiro ano de atividade da Unidade. O primeiro doente da UHD do CHL foi admitido a 5 de junho de 2020. \u00abNo in\u00edcio and\u00e1mos \u00e0 procura de doentes, mas agora j\u00e1 \u00e9 diferente\u00bb. A UHD iniciou-se com capacidade para cinco camas, e em mar\u00e7o deste ano, passou para dez camas. De junho de 2020 a abril de 2021 a UHD tratou 295 doentes, dos quais 63 com Covid-19, e com uma m\u00e9dia de idade de 68 anos, tendo uma taxa de ocupa\u00e7\u00e3o de 97,25%, sendo os doentes referenciados maioritariamente pela Urg\u00eancia, Medicina, Cardiologia, Pneumologia e Consulta Externa. Os doentes s\u00e3o oriundos sobretudo de Leiria, da Marinha Grande e de Our\u00e9m.<\/p>\n<p>A UHD realizou 2.715 visitas, das quais 1.259 visitas de m\u00e9dico e enfermeiro, e 1.456 visitas de enfermeiro, com um tempo m\u00e9dio de visita de 32 minutos, e foram percorridos 45.622 Kms. Nas visitas as equipas tiveram a possibilidade de melhorar a terap\u00eautica dos doentes, fazer reabilita\u00e7\u00e3o, e dar alguns ensinamentos a cuidadores e\/ou familiares, que se sentiram mais apoiados. 80% dos doentes registaram doen\u00e7a infeciosa, e foram referenciados 424 doentes, tendo sido admitidos 54,72%.<\/p>\n<p>\u00abOs motivos da n\u00e3o admiss\u00e3o prendem-se com a geografia dos doentes, n\u00e3o terem um diagn\u00f3stico definido, a falta de vagas, raz\u00f5es sociais ou a recusa do doente ou do cuidador, por se sentir mais protegido dentro do hospital\u00bb, destacou S\u00f3nia Santos.<\/p>\n<p>Ao longo do primeiro ano foram realizados 13 reinternamentos a 30 dias, por incapacidade do cuidador ou por agravamento do estado de sa\u00fade com necessidade de maior vigil\u00e2ncia, e foram registados cinco \u00f3bitos, dos quais dois doentes com Covid-19. Realizaram-se 217 consultas, sendo 204 primeiras consultas e 13 consultas subsequentes.<\/p>\n<p>De acordo com os question\u00e1rios feitos aos doentes e cuidadores ap\u00f3s a alta, 88% dos inquiridos revelaram estar muito satisfeitos e 78% recomendariam os servi\u00e7os da UHD. Quanto ao futuro, S\u00f3nia Santos elencou alguns objetivos: o alargamento da capacidade da UHD para 15 camas, a cria\u00e7\u00e3o de um segundo polo no Hospital de Alcoba\u00e7a Bernardino Lopes de Oliveira, a concretiza\u00e7\u00e3o de protocolos com as ERPI (Estrutura Residencial para Pessoas Idosas) e ACES, a certifica\u00e7\u00e3o pelo modelo ACSA, a possibilidade de telemonitoriza\u00e7\u00e3o e sistema de georreferencia\u00e7\u00e3o, e a melhoria das condi\u00e7\u00f5es para a reabilita\u00e7\u00e3o ao domic\u00edlio.<\/p>\n<p>A sess\u00e3o prosseguiu com as palavras de Rui Marques, enfermeiro da UHD do Centro Hospitalar do M\u00e9dio Tejo, sobre o processo de certifica\u00e7\u00e3o da sua Unidade, criada em dezembro de 2018. O profissional de enfermagem explicou os v\u00e1rios passos para a certifica\u00e7\u00e3o da UHD, realizada em articula\u00e7\u00e3o com a Gest\u00e3o da Qualidade, desde a forma\u00e7\u00e3o, o levantamento de necessidades, expectativas, recursos, objetivos, a\u00e7\u00f5es de sensibiliza\u00e7\u00e3o interna, at\u00e9 \u00e0 operacionaliza\u00e7\u00e3o do processo, com a produ\u00e7\u00e3o de documentos, registos, monitoriza\u00e7\u00e3o e medi\u00e7\u00e3o, bem como as auditorias internas e externas.<\/p>\n<p>A coordenadora da UHD do Centro Hospitalar de Vila Nova de Gaia\/Espinho, Olga Gon\u00e7alves, dedicou o seu discurso \u00e0 expans\u00e3o do internamento em casa. Revelando-se como Unidade que \u201capadrinha\u201d a UHD do CHL, Olga Gon\u00e7alves real\u00e7ou a import\u00e2ncia da expans\u00e3o, que permite a integra\u00e7\u00e3o de mais doentes, o registo de um \u00edndice elevado de satisfa\u00e7\u00e3o e a gest\u00e3o de camas hospitalares, para evitar a sobrelota\u00e7\u00e3o. A m\u00e9dica mostrou o papel relevante das equipas, das institui\u00e7\u00f5es e da tutela, sublinhou a import\u00e2ncia da forma\u00e7\u00e3o, do di\u00e1logo permanente com os decisores, bem como da avalia\u00e7\u00e3o peri\u00f3dica de cada fase de trabalho.<\/p>\n<p>Delfim Rodrigues, coordenador nacional do Programa da Hospitaliza\u00e7\u00e3o Domicili\u00e1ria, tomou da palavra via online e salientou a subida de efici\u00eancia que a UHD do CHL registou nos primeiros quatro meses de 2021, passando de 25,88% com que fechou 2020, para 60%, acima das outras unidades nacionais.<\/p>\n<p>O coordenador nacional recordou o in\u00edcio da Hospitaliza\u00e7\u00e3o Domicili\u00e1ria, tendo a primeira Unidade nascido no Hospital Garcia de Orta em 2015, e em janeiro de 2021, j\u00e1 s\u00e3o 24 as unidades a n\u00edvel nacional. \u00abTem sido um percurso not\u00e1vel!\u00bb exultou Delfim Rodrigues, que terminou com uma reflex\u00e3o feita pelo Presidente da Rep\u00fablica sobre a Hospitaliza\u00e7\u00e3o Domicili\u00e1ria, que permitiu a invers\u00e3o da soberania na dire\u00e7\u00e3o do doente, em detrimento da soberania dos profissionais de sa\u00fade, com uma exemplar postura t\u00e9cnica, humana, com poder de comunica\u00e7\u00e3o e elevada capacidade de poder para outros cidad\u00e3os e comunidade em geral.<\/p>\n<p>A cerim\u00f3nia seguiu com a celebra\u00e7\u00e3o de um protocolo assinado pelo presidente do CA do CHL, Lic\u00ednio de Carvalho, e pelo administrador da AutoMec\u00e2nica da Confraria, Jaime Gaspar dos Santos, para a entrega de uma nova viatura \u00e0 UDH do centro hospitalar. O presidente do CA deu uma palavra de reconhecimento da disponibilidade do senhor Jaime dos Santos, com a entrega da viatura \u00e0 UHD. \u00ab\u00c9 muito bom conhecer e experimentar a responsabilidade social que muitas empresas, de facto, praticam aqui na nossa regi\u00e3o, e nos \u00faltimos meses e no \u00faltimo ano tivemos muitas manifesta\u00e7\u00f5es dessa natureza.\u00bb<\/p>\n<p>No final da sess\u00e3o, Rosa Reis Marques, presidente do Conselho Diretivo da Administra\u00e7\u00e3o Regional de Sa\u00fade do Centro, inaugurou uma exposi\u00e7\u00e3o de fotografias da UHD, patente na entrada exterior do HSA, e foi entregue a chave da nova viatura da UHD. Um grupo de m\u00fasicos com concertinas e acorde\u00f5es acompanhou o corte do bolo de anivers\u00e1rio da Unidade.<\/p>\n<p><strong>\u00a0 \u00a0 Fonte: Midlandcom<\/strong><\/p>\n","protected":false},"excerpt":{"rendered":"<p>\u00abNum ano, tratarmos mais de 300 doentes em sua casa, como se estivessem no nosso hospital, nos nossos internamentos, \u00e9 obra! E eu estou muito satisfeito, e cumpre-me naturalmente dar os parab\u00e9ns \u00e0 Dra. Am\u00e1lia e a toda a equipa. Espero que os pr\u00f3ximos anivers\u00e1rios sejam sempre a somar, e a curto prazo transformemos esta [&hellip;]<\/p>\n","protected":false},"author":2,"featured_media":4826,"comment_status":"open","ping_status":"open","sticky":false,"template":"","format":"standard","meta":{"footnotes":""},"categories":[6],"tags":[],"class_list":["post-4823","post","type-post","status-publish","format-standard","has-post-thumbnail","hentry","category-saude"],"_links":{"self":[{"href":"https:\/\/tintafresca.net\/index.php\/wp-json\/wp\/v2\/posts\/4823","targetHints":{"allow":["GET"]}}],"collection":[{"href":"https:\/\/tintafresca.net\/index.php\/wp-json\/wp\/v2\/posts"}],"about":[{"href":"https:\/\/tintafresca.net\/index.php\/wp-json\/wp\/v2\/types\/post"}],"author":[{"embeddable":true,"href":"https:\/\/tintafresca.net\/index.php\/wp-json\/wp\/v2\/users\/2"}],"replies":[{"embeddable":true,"href":"https:\/\/tintafresca.net\/index.php\/wp-json\/wp\/v2\/comments?post=4823"}],"version-history":[{"count":4,"href":"https:\/\/tintafresca.net\/index.php\/wp-json\/wp\/v2\/posts\/4823\/revisions"}],"predecessor-version":[{"id":4829,"href":"https:\/\/tintafresca.net\/index.php\/wp-json\/wp\/v2\/posts\/4823\/revisions\/4829"}],"wp:featuredmedia":[{"embeddable":true,"href":"https:\/\/tintafresca.net\/index.php\/wp-json\/wp\/v2\/media\/4826"}],"wp:attachment":[{"href":"https:\/\/tintafresca.net\/index.php\/wp-json\/wp\/v2\/media?parent=4823"}],"wp:term":[{"taxonomy":"category","embeddable":true,"href":"https:\/\/tintafresca.net\/index.php\/wp-json\/wp\/v2\/categories?post=4823"},{"taxonomy":"post_tag","embeddable":true,"href":"https:\/\/tintafresca.net\/index.php\/wp-json\/wp\/v2\/tags?post=4823"}],"curies":[{"name":"wp","href":"https:\/\/api.w.org\/{rel}","templated":true}]}}