{"id":488,"date":"2021-01-12T12:30:42","date_gmt":"2021-01-12T11:30:42","guid":{"rendered":"https:\/\/tintafresca.net\/?p=488"},"modified":"2021-01-12T12:31:47","modified_gmt":"2021-01-12T11:31:47","slug":"batalha-prepara-confinamento-anunciado-para-todo-o-pais-e-avanca-com-medidas-ja-esta-terca-feira","status":"publish","type":"post","link":"https:\/\/tintafresca.net\/index.php\/2021\/01\/12\/batalha-prepara-confinamento-anunciado-para-todo-o-pais-e-avanca-com-medidas-ja-esta-terca-feira\/","title":{"rendered":"Batalha prepara confinamento anunciado para todo o pa\u00eds e avan\u00e7a com medidas j\u00e1 ter\u00e7a-feira"},"content":{"rendered":"<div id=\"attachment_489\" style=\"width: 510px\" class=\"wp-caption alignleft\"><img loading=\"lazy\" decoding=\"async\" aria-describedby=\"caption-attachment-489\" class=\"wp-image-489 size-full\" src=\"https:\/\/tintafresca.net\/wp-content\/uploads\/2021\/01\/Batalha_Tenda_USF_CMB10.jpg\" alt=\"\" width=\"500\" height=\"375\" srcset=\"https:\/\/tintafresca.net\/wp-content\/uploads\/2021\/01\/Batalha_Tenda_USF_CMB10.jpg 500w, https:\/\/tintafresca.net\/wp-content\/uploads\/2021\/01\/Batalha_Tenda_USF_CMB10-300x225.jpg 300w\" sizes=\"auto, (max-width: 500px) 100vw, 500px\" \/><p id=\"caption-attachment-489\" class=\"wp-caption-text\">Tenda da USF da Batalha<\/p><\/div>\n<p>A C\u00e2mara Municipal da Batalha no final da sua reuni\u00e3o desta segunda-feira, dia 11 de janeiro, face \u00e0 avalia\u00e7\u00e3o da evolu\u00e7\u00e3o epidemiol\u00f3gica no Concelho, considerada uma situa\u00e7\u00e3o muito grave, e antecipando o confinamento anunciado para todo o Pa\u00eds, decidiu manter o programa municipal de distribui\u00e7\u00e3o de m\u00e1scaras e de apoio \u00e0 popula\u00e7\u00e3o para a realiza\u00e7\u00e3o de testes \u00e0 Covid-19, mas tamb\u00e9m ir\u00e1 implementar medidas de redu\u00e7\u00e3o de contactos nos servi\u00e7os municipais e no funcionamento das Escolas.<\/p>\n<p>Ser\u00e3o igualmente retomados os servi\u00e7os de apoio domicili\u00e1rios \u00e0s fam\u00edlias carenciadas e menores condi\u00e7\u00f5es de mobilidade, designadamente de entrega de produtos alimentares e medicamentos, bem assim ser\u00e3o refor\u00e7adas as condi\u00e7\u00f5es de acolhimento de emerg\u00eancia, para situa\u00e7\u00f5es de isolamento profil\u00e1tico em que as fam\u00edlias n\u00e3o disponham de condi\u00e7\u00f5es habitacionais para o efeito.<\/p>\n<p>Os apoios ao ensino \u00e0 dist\u00e2ncia ser\u00e3o tamb\u00e9m refor\u00e7ados, face ao n\u00famero crescente de alunos que se encontram em regime de quarentena preventiva, procurando garantir a todos os alunos condi\u00e7\u00f5es de aprendizagem, mesmo quando ausentes do espa\u00e7o escolar. Neste dom\u00ednio, a autarquia em articula\u00e7\u00e3o com o Agrupamento de Escolas, tem igualmente preparado o cen\u00e1rio de encerramento das escolas, caso o Governo assim o decida ou por motivos de preven\u00e7\u00e3o da sa\u00fade da comunidade educativa.<\/p>\n<p>Na eventualidade do encerramento de escolas, o munic\u00edpio da Batalha tamb\u00e9m antecipada a disponibiliza\u00e7\u00e3o de servi\u00e7os de acompanhamento e refei\u00e7\u00f5es aos filhos dos profissionais de sa\u00fade e pessoal dos servi\u00e7os essenciais (Bombeiros, GNR, lares e unidade de cuidados continuados), medida que envolve 3 centros educativos &#8211; Batalha, S\u00e3o Mamede e Reguengo do Fetal &#8211; e ainda uma equipa de profissionais educativos com forma\u00e7\u00e3o espec\u00edfica para o efeito.<\/p>\n<p>\u201cNo plano definido, cada escola vai come\u00e7ar por ter capacidade para acolher no m\u00e1ximo 10 crian\u00e7as at\u00e9 aos 12 anos, no per\u00edodo da 07:30 \u00e0s 19:00, mas, consoante as necessidades identificadas, h\u00e1 possibilidade de adaptarmos quer essa lota\u00e7\u00e3o, quer o hor\u00e1rio de funcionamento&#8221;, esclarece o autarca local.<\/p>\n<p>\u201cAs medidas previstas ser\u00e3o implementadas em fun\u00e7\u00e3o da necessidade da nossa Comunidade e visam sobretudo prevenir situa\u00e7\u00f5es de rutura e ampliar os apoios \u00e0s fam\u00edlias e profissionais que residam no Concelho da Batalha\u201d. \u201cVamos tamb\u00e9m continuar a apoiar os doentes com a Covid-19, bem assim as empresas e neg\u00f3cios mais afetados por esta crise pand\u00e9mica\u201d, esclarece Paulo Batista Santos, presidente da c\u00e2mara municipal da Batalha.<\/p>\n<p><strong>\u00a0 Fonte: MB<\/strong><\/p>\n","protected":false},"excerpt":{"rendered":"<p>A C\u00e2mara Municipal da Batalha no final da sua reuni\u00e3o desta segunda-feira, dia 11 de janeiro, face \u00e0 avalia\u00e7\u00e3o da evolu\u00e7\u00e3o epidemiol\u00f3gica no Concelho, considerada uma situa\u00e7\u00e3o muito grave, e antecipando o confinamento anunciado para todo o Pa\u00eds, decidiu manter o programa municipal de distribui\u00e7\u00e3o de m\u00e1scaras e de apoio \u00e0 popula\u00e7\u00e3o para a realiza\u00e7\u00e3o [&hellip;]<\/p>\n","protected":false},"author":2,"featured_media":489,"comment_status":"open","ping_status":"open","sticky":false,"template":"","format":"standard","meta":{"footnotes":""},"categories":[3,6],"tags":[],"class_list":["post-488","post","type-post","status-publish","format-standard","has-post-thumbnail","hentry","category-destaques","category-saude"],"_links":{"self":[{"href":"https:\/\/tintafresca.net\/index.php\/wp-json\/wp\/v2\/posts\/488","targetHints":{"allow":["GET"]}}],"collection":[{"href":"https:\/\/tintafresca.net\/index.php\/wp-json\/wp\/v2\/posts"}],"about":[{"href":"https:\/\/tintafresca.net\/index.php\/wp-json\/wp\/v2\/types\/post"}],"author":[{"embeddable":true,"href":"https:\/\/tintafresca.net\/index.php\/wp-json\/wp\/v2\/users\/2"}],"replies":[{"embeddable":true,"href":"https:\/\/tintafresca.net\/index.php\/wp-json\/wp\/v2\/comments?post=488"}],"version-history":[{"count":2,"href":"https:\/\/tintafresca.net\/index.php\/wp-json\/wp\/v2\/posts\/488\/revisions"}],"predecessor-version":[{"id":491,"href":"https:\/\/tintafresca.net\/index.php\/wp-json\/wp\/v2\/posts\/488\/revisions\/491"}],"wp:featuredmedia":[{"embeddable":true,"href":"https:\/\/tintafresca.net\/index.php\/wp-json\/wp\/v2\/media\/489"}],"wp:attachment":[{"href":"https:\/\/tintafresca.net\/index.php\/wp-json\/wp\/v2\/media?parent=488"}],"wp:term":[{"taxonomy":"category","embeddable":true,"href":"https:\/\/tintafresca.net\/index.php\/wp-json\/wp\/v2\/categories?post=488"},{"taxonomy":"post_tag","embeddable":true,"href":"https:\/\/tintafresca.net\/index.php\/wp-json\/wp\/v2\/tags?post=488"}],"curies":[{"name":"wp","href":"https:\/\/api.w.org\/{rel}","templated":true}]}}