{"id":492,"date":"2021-01-12T20:14:38","date_gmt":"2021-01-12T19:14:38","guid":{"rendered":"https:\/\/tintafresca.net\/?p=492"},"modified":"2021-01-12T20:17:42","modified_gmt":"2021-01-12T19:17:42","slug":"492","status":"publish","type":"post","link":"https:\/\/tintafresca.net\/index.php\/2021\/01\/12\/492\/","title":{"rendered":"Centro Hospitalar de Leiria mobiliza mais 150 camas em resposta ao aumento da pandemia"},"content":{"rendered":"<div id=\"attachment_448\" style=\"width: 508px\" class=\"wp-caption alignleft\"><img loading=\"lazy\" decoding=\"async\" aria-describedby=\"caption-attachment-448\" class=\"wp-image-448 size-full\" src=\"https:\/\/tintafresca.net\/wp-content\/uploads\/2021\/01\/Hospital_santo_andre10.jpg\" alt=\"\" width=\"498\" height=\"411\" srcset=\"https:\/\/tintafresca.net\/wp-content\/uploads\/2021\/01\/Hospital_santo_andre10.jpg 498w, https:\/\/tintafresca.net\/wp-content\/uploads\/2021\/01\/Hospital_santo_andre10-300x248.jpg 300w\" sizes=\"auto, (max-width: 498px) 100vw, 498px\" \/><p id=\"caption-attachment-448\" class=\"wp-caption-text\">Hospital de Santo Andr\u00e9<\/p><\/div>\n<p>O Conselho de Administra\u00e7\u00e3o do Centro Hospitalar de Leiria (CHL) deliberou na sua reuni\u00e3o de dia 6 de janeiro, com efeitos a partir de 11 de janeiro, a reativa\u00e7\u00e3o do n\u00edvel III do seu plano de conting\u00eancia do Servi\u00e7o de Medicina Intensiva \u2013 Covid-19, passando a estar ativadas com possibilidade de serem ocupadas 15 camas de tipologia III* (10 no Servi\u00e7o de Medicina Intensiva e cinco na Unidade de Cuidados Agudos Polivalente &#8211; UCAP), e 15 camas de n\u00edvel II na UCAP. A decis\u00e3o inclui ainda ativar o n\u00edvel do Plano de Resposta Covid-19 \u2013 camas n\u00edvel I, passando a haver uma distribui\u00e7\u00e3o de 120 camas, localizadas na torre nascente do Hospital de Santo Andr\u00e9 (HSA), em Leiria.<\/p>\n<p>\u00abOs procedimentos e instru\u00e7\u00f5es de trabalho est\u00e3o continuamente a ser revistos e adaptados a cada fase da pandemia, seguindo o nosso Plano de Conting\u00eancia. O CHL tem vindo a ajustar as suas estruturas e estrat\u00e9gias para continuar a disponibilizar todos os n\u00edveis de cuidados \u00e0 comunidade que serve\u00bb, explica Lic\u00ednio de Carvalho, presidente do Conselho de Administra\u00e7\u00e3o do CHL.<\/p>\n<p>Face ao contexto de crescimento da aflu\u00eancia de utentes ao CHL, o Conselho de Administra\u00e7\u00e3o decidiu ainda contratar a Santa Casa da Miseric\u00f3rdia da Marinha Grande para a utiliza\u00e7\u00e3o de camas de n\u00edvel I, para alocar doentes Covid-19 sem alta cl\u00ednica oriundos do CHL, e que s\u00e3o geridas pela Unidade de Hospitaliza\u00e7\u00e3o Domicili\u00e1ria. O CHL assegura o transporte, a medica\u00e7\u00e3o e a vigil\u00e2ncia cl\u00ednica destes doentes, bem como a gest\u00e3o do processo de alta, e a Santa Casa da Miseric\u00f3rdia assegura os restantes cuidados aos doentes.<\/p>\n<p>\u00abDevido ao elevado n\u00famero de doentes internados, ventilados e n\u00e3o ventilados, e considerando a aflu\u00eancia crescente \u00e0 ADR-SU, com o poss\u00edvel aumento de doentes positivos para a Covid-19 que necessitem de internamento, decidimos encontrar alternativa no setor social para libertar camas para os doentes mais cr\u00edticos\u00bb, esclarece Lic\u00ednio de Carvalho. \u00abA Santa Casa da Miseric\u00f3rdia da Marinha Grande disponibilizou mais de uma dezena de camas para cuidar de doentes Covid-19 positivo.\u00bb<\/p>\n<p>* As camas de tipologia III permitem receber e tratar os doentes cr\u00edticos Covid-19, nomeadamente os que necessitam de ventila\u00e7\u00e3o mec\u00e2nica invasiva, as camas de tipologia II adequam-se aos cuidados de sa\u00fade interm\u00e9dios e as camas de tipologia I s\u00e3o as utilizadas nas enfermarias.<\/p>\n<p><strong>\u00a0 \u00a0 Fonte: Midlandcom<\/strong><\/p>\n","protected":false},"excerpt":{"rendered":"<p>O Conselho de Administra\u00e7\u00e3o do Centro Hospitalar de Leiria (CHL) deliberou na sua reuni\u00e3o de dia 6 de janeiro, com efeitos a partir de 11 de janeiro, a reativa\u00e7\u00e3o do n\u00edvel III do seu plano de conting\u00eancia do Servi\u00e7o de Medicina Intensiva \u2013 Covid-19, passando a estar ativadas com possibilidade de serem ocupadas 15 camas [&hellip;]<\/p>\n","protected":false},"author":2,"featured_media":448,"comment_status":"open","ping_status":"open","sticky":false,"template":"","format":"standard","meta":{"footnotes":""},"categories":[3,6],"tags":[],"class_list":["post-492","post","type-post","status-publish","format-standard","has-post-thumbnail","hentry","category-destaques","category-saude"],"_links":{"self":[{"href":"https:\/\/tintafresca.net\/index.php\/wp-json\/wp\/v2\/posts\/492","targetHints":{"allow":["GET"]}}],"collection":[{"href":"https:\/\/tintafresca.net\/index.php\/wp-json\/wp\/v2\/posts"}],"about":[{"href":"https:\/\/tintafresca.net\/index.php\/wp-json\/wp\/v2\/types\/post"}],"author":[{"embeddable":true,"href":"https:\/\/tintafresca.net\/index.php\/wp-json\/wp\/v2\/users\/2"}],"replies":[{"embeddable":true,"href":"https:\/\/tintafresca.net\/index.php\/wp-json\/wp\/v2\/comments?post=492"}],"version-history":[{"count":4,"href":"https:\/\/tintafresca.net\/index.php\/wp-json\/wp\/v2\/posts\/492\/revisions"}],"predecessor-version":[{"id":496,"href":"https:\/\/tintafresca.net\/index.php\/wp-json\/wp\/v2\/posts\/492\/revisions\/496"}],"wp:featuredmedia":[{"embeddable":true,"href":"https:\/\/tintafresca.net\/index.php\/wp-json\/wp\/v2\/media\/448"}],"wp:attachment":[{"href":"https:\/\/tintafresca.net\/index.php\/wp-json\/wp\/v2\/media?parent=492"}],"wp:term":[{"taxonomy":"category","embeddable":true,"href":"https:\/\/tintafresca.net\/index.php\/wp-json\/wp\/v2\/categories?post=492"},{"taxonomy":"post_tag","embeddable":true,"href":"https:\/\/tintafresca.net\/index.php\/wp-json\/wp\/v2\/tags?post=492"}],"curies":[{"name":"wp","href":"https:\/\/api.w.org\/{rel}","templated":true}]}}