{"id":497,"date":"2021-01-12T21:02:20","date_gmt":"2021-01-12T20:02:20","guid":{"rendered":"https:\/\/tintafresca.net\/?p=497"},"modified":"2021-01-12T21:02:20","modified_gmt":"2021-01-12T20:02:20","slug":"casos-ativos-de-covid-19-ultrapassam-os-3-mil-na-regiao-oeste","status":"publish","type":"post","link":"https:\/\/tintafresca.net\/index.php\/2021\/01\/12\/casos-ativos-de-covid-19-ultrapassam-os-3-mil-na-regiao-oeste\/","title":{"rendered":"Casos ativos de COVID-19 ultrapassam os 3 mil na Regi\u00e3o Oeste"},"content":{"rendered":"<div id=\"attachment_498\" style=\"width: 310px\" class=\"wp-caption alignleft\"><img loading=\"lazy\" decoding=\"async\" aria-describedby=\"caption-attachment-498\" class=\"wp-image-498 size-medium\" src=\"https:\/\/tintafresca.net\/wp-content\/uploads\/2021\/01\/TV_CHO20-300x225.jpg\" alt=\"\" width=\"300\" height=\"225\" srcset=\"https:\/\/tintafresca.net\/wp-content\/uploads\/2021\/01\/TV_CHO20-300x225.jpg 300w, https:\/\/tintafresca.net\/wp-content\/uploads\/2021\/01\/TV_CHO20.jpg 500w\" sizes=\"auto, (max-width: 300px) 100vw, 300px\" \/><p id=\"caption-attachment-498\" class=\"wp-caption-text\">Unidade de Torres Vedras do Centro Hospitalar do Oeste<\/p><\/div>\n<p>O n\u00famero de casos ativos de COVID-19 na Regi\u00e3o Oeste continua a sua cavalgada ultrapassando esta ter\u00e7a, feira, dia 12 de janeiro, os 3 mil (3.163) pela primeira vez desde o in\u00edcio da pandemia. Torres Vedras (721) volta a ter o maior n\u00famero de casos ativos em todo o Oeste, seguindo-se Alcoba\u00e7a (664), Caldas da Rainha (386), Alenquer (385), Peniche (276) e Arruda dos Vinhos (203). \u00a0Os concelhos com menos casos s\u00e3o \u00d3bidos (143), Sobral de Monte Agra\u00e7o (132), Lourinh\u00e3 (95), Nazar\u00e9 (81) Cadaval (46) e Bombarral (31).<\/p>\n<p>O n\u00famero total de infetados \u00e9 agora 11.124, o n\u00famero de recuperados 7.738, sendo o n\u00famero de \u00f3bitos agora de 223. Caldas da Rainha \u00e9 agora o concelho com maior n\u00famero de \u00f3bitos (41) ultrapassando Torres Vedras (36). Seguem-se Alenquer (31), Alcoba\u00e7a (27), Peniche (21), \u00d3bidos (13),.Arruda dos Vinhos (12), Cadaval (10), Lourinh\u00e3 (10), Sobral de Monte Agra\u00e7o (9), Bombarral (7) e Nazar\u00e9 (6).<\/p>\n","protected":false},"excerpt":{"rendered":"<p>O n\u00famero de casos ativos de COVID-19 na Regi\u00e3o Oeste continua a sua cavalgada ultrapassando esta ter\u00e7a, feira, dia 12 de janeiro, os 3 mil (3.163) pela primeira vez desde o in\u00edcio da pandemia. Torres Vedras (721) volta a ter o maior n\u00famero de casos ativos em todo o Oeste, seguindo-se Alcoba\u00e7a (664), Caldas da [&hellip;]<\/p>\n","protected":false},"author":2,"featured_media":498,"comment_status":"open","ping_status":"open","sticky":false,"template":"","format":"standard","meta":{"footnotes":""},"categories":[3,6],"tags":[],"class_list":["post-497","post","type-post","status-publish","format-standard","has-post-thumbnail","hentry","category-destaques","category-saude"],"_links":{"self":[{"href":"https:\/\/tintafresca.net\/index.php\/wp-json\/wp\/v2\/posts\/497","targetHints":{"allow":["GET"]}}],"collection":[{"href":"https:\/\/tintafresca.net\/index.php\/wp-json\/wp\/v2\/posts"}],"about":[{"href":"https:\/\/tintafresca.net\/index.php\/wp-json\/wp\/v2\/types\/post"}],"author":[{"embeddable":true,"href":"https:\/\/tintafresca.net\/index.php\/wp-json\/wp\/v2\/users\/2"}],"replies":[{"embeddable":true,"href":"https:\/\/tintafresca.net\/index.php\/wp-json\/wp\/v2\/comments?post=497"}],"version-history":[{"count":1,"href":"https:\/\/tintafresca.net\/index.php\/wp-json\/wp\/v2\/posts\/497\/revisions"}],"predecessor-version":[{"id":499,"href":"https:\/\/tintafresca.net\/index.php\/wp-json\/wp\/v2\/posts\/497\/revisions\/499"}],"wp:featuredmedia":[{"embeddable":true,"href":"https:\/\/tintafresca.net\/index.php\/wp-json\/wp\/v2\/media\/498"}],"wp:attachment":[{"href":"https:\/\/tintafresca.net\/index.php\/wp-json\/wp\/v2\/media?parent=497"}],"wp:term":[{"taxonomy":"category","embeddable":true,"href":"https:\/\/tintafresca.net\/index.php\/wp-json\/wp\/v2\/categories?post=497"},{"taxonomy":"post_tag","embeddable":true,"href":"https:\/\/tintafresca.net\/index.php\/wp-json\/wp\/v2\/tags?post=497"}],"curies":[{"name":"wp","href":"https:\/\/api.w.org\/{rel}","templated":true}]}}