{"id":4997,"date":"2021-06-14T11:23:33","date_gmt":"2021-06-14T11:23:33","guid":{"rendered":"https:\/\/tintafresca.net\/?p=4997"},"modified":"2021-06-14T11:23:33","modified_gmt":"2021-06-14T11:23:33","slug":"consulta-de-psiquiatria-pos-covid-ja-esta-disponivel-no-centro-hospitalar-de-leiria","status":"publish","type":"post","link":"https:\/\/tintafresca.net\/index.php\/2021\/06\/14\/consulta-de-psiquiatria-pos-covid-ja-esta-disponivel-no-centro-hospitalar-de-leiria\/","title":{"rendered":"Consulta de Psiquiatria p\u00f3s-Covid j\u00e1 est\u00e1 dispon\u00edvel no Centro Hospitalar de Leiria"},"content":{"rendered":"<div id=\"attachment_448\" style=\"width: 508px\" class=\"wp-caption alignleft\"><img loading=\"lazy\" decoding=\"async\" aria-describedby=\"caption-attachment-448\" class=\"wp-image-448 size-full\" src=\"https:\/\/tintafresca.net\/wp-content\/uploads\/2021\/01\/Hospital_santo_andre10.jpg\" alt=\"\" width=\"498\" height=\"411\" srcset=\"https:\/\/tintafresca.net\/wp-content\/uploads\/2021\/01\/Hospital_santo_andre10.jpg 498w, https:\/\/tintafresca.net\/wp-content\/uploads\/2021\/01\/Hospital_santo_andre10-300x248.jpg 300w\" sizes=\"auto, (max-width: 498px) 100vw, 498px\" \/><p id=\"caption-attachment-448\" class=\"wp-caption-text\">Hospital de Santo Andr\u00e9<\/p><\/div>\n<p>O Centro Hospitalar de Leiria (CHL) disponibiliza desde o dia 11 de junho uma consulta de Psiquiatria de <em>follow-up<\/em> a doentes internados por infe\u00e7\u00e3o por SARS-CoV-2, seguidos em consultas p\u00f3s-infe\u00e7\u00e3o por Covid-19. A nova consulta semanal permite a avalia\u00e7\u00e3o diagn\u00f3stica e respetivo tratamento de doentes que tiveram alta de internamento em Servi\u00e7os do CHL por Covid-19, e em que se suspeite de eventual patologia psiqui\u00e1trica decorrente dessa infe\u00e7\u00e3o.<\/p>\n<p>\u00abTendo o Servi\u00e7o de Medicina Interna organizado uma resposta de seguimento aos doentes Covid-19 internados no Servi\u00e7o, rapidamente se aperceberam das importantes complica\u00e7\u00f5es psiqui\u00e1tricas presentes numa percentagem significativa desses doentes, o que desafiou o nosso Servi\u00e7o a estruturar a melhor interven\u00e7\u00e3o junto desta popula\u00e7\u00e3o\u00bb, enquadra Cl\u00e1udio Laureano, diretor do Servi\u00e7o de Psiquiatria e Sa\u00fade Mental do CHL. \u00abDado o impacto negativo da doen\u00e7a Covid-19 na sa\u00fade mental dos doentes, \u00e9 importante um rastreio para identificar doentes acometidos por doen\u00e7a mental p\u00f3s-Covid e a adequada interven\u00e7\u00e3o e seguimento da \u00e1rea da Psiquiatria e Sa\u00fade Mental.\u00bb<\/p>\n<p>Al\u00e9m das complica\u00e7\u00f5es m\u00e9dicas (respirat\u00f3rias, tromb\u00f3ticas, neurol\u00f3gicas e outras) que a doen\u00e7a Covid-19 provoca, verifica-se tamb\u00e9m o desenvolvimento de patologia mental causadora de disfun\u00e7\u00e3o, perda de autonomia e sofrimento ps\u00edquico muito significativo. A patologia mental p\u00f3s-Covid pode manter-se, ou surgir, ap\u00f3s v\u00e1rios meses.<\/p>\n<p>V\u00e1rios estudos com diferentes popula\u00e7\u00f5es mostram que uma percentagem significativa de doentes internados por Covid-19 desenvolvem o que pode ser designado por s\u00edndrome p\u00f3s-Covid, caracterizada por ansiedade, depress\u00e3o, perturba\u00e7\u00f5es do sono e quadros do tipo Perturba\u00e7\u00e3o de Stress P\u00f3s-Traum\u00e1tico, a que acrescem a fadiga e a perda de autonomia. Verificam-se ainda dificuldades de concentra\u00e7\u00e3o, problemas mn\u00e9sicos, perturba\u00e7\u00e3o das capacidades executivas e redu\u00e7\u00e3o do rendimento e produtividade.<\/p>\n<p>A primeira consulta \u00e9 realizada quatro meses ap\u00f3s alta hospitalar, onde s\u00e3o avaliados v\u00e1rios sintomas, o estado cl\u00ednico atual, o historial social do doente e antecedentes familiares, a aplica\u00e7\u00e3o de v\u00e1rias escalas de avalia\u00e7\u00e3o de v\u00e1rias patologias do foro psiqui\u00e1trico, entre outros indicadores.<\/p>\n<p>A segunda consulta \u00e9 realizada quatro meses depois da primeira, para uma reavalia\u00e7\u00e3o psicopatol\u00f3gica, e a terceira consulta ocorre quatro meses depois, com nova avalia\u00e7\u00e3o, e onde o doente poder\u00e1 ter alta, caso apresente remiss\u00e3o dos quadros ango-depressivos ou outros, previamente diagnosticados. Caso contr\u00e1rio, pode continuar a ser seguido na Psiquiatria, e pode ter consultas de outras especialidades, se for considerado necess\u00e1rio.<\/p>\n<p><strong>Fonte: Midlandcom<\/strong><\/p>\n","protected":false},"excerpt":{"rendered":"<p>O Centro Hospitalar de Leiria (CHL) disponibiliza desde o dia 11 de junho uma consulta de Psiquiatria de follow-up a doentes internados por infe\u00e7\u00e3o por SARS-CoV-2, seguidos em consultas p\u00f3s-infe\u00e7\u00e3o por Covid-19. A nova consulta semanal permite a avalia\u00e7\u00e3o diagn\u00f3stica e respetivo tratamento de doentes que tiveram alta de internamento em Servi\u00e7os do CHL por [&hellip;]<\/p>\n","protected":false},"author":2,"featured_media":1993,"comment_status":"open","ping_status":"open","sticky":false,"template":"","format":"standard","meta":{"footnotes":""},"categories":[6],"tags":[],"class_list":["post-4997","post","type-post","status-publish","format-standard","has-post-thumbnail","hentry","category-saude"],"_links":{"self":[{"href":"https:\/\/tintafresca.net\/index.php\/wp-json\/wp\/v2\/posts\/4997","targetHints":{"allow":["GET"]}}],"collection":[{"href":"https:\/\/tintafresca.net\/index.php\/wp-json\/wp\/v2\/posts"}],"about":[{"href":"https:\/\/tintafresca.net\/index.php\/wp-json\/wp\/v2\/types\/post"}],"author":[{"embeddable":true,"href":"https:\/\/tintafresca.net\/index.php\/wp-json\/wp\/v2\/users\/2"}],"replies":[{"embeddable":true,"href":"https:\/\/tintafresca.net\/index.php\/wp-json\/wp\/v2\/comments?post=4997"}],"version-history":[{"count":3,"href":"https:\/\/tintafresca.net\/index.php\/wp-json\/wp\/v2\/posts\/4997\/revisions"}],"predecessor-version":[{"id":5000,"href":"https:\/\/tintafresca.net\/index.php\/wp-json\/wp\/v2\/posts\/4997\/revisions\/5000"}],"wp:featuredmedia":[{"embeddable":true,"href":"https:\/\/tintafresca.net\/index.php\/wp-json\/wp\/v2\/media\/1993"}],"wp:attachment":[{"href":"https:\/\/tintafresca.net\/index.php\/wp-json\/wp\/v2\/media?parent=4997"}],"wp:term":[{"taxonomy":"category","embeddable":true,"href":"https:\/\/tintafresca.net\/index.php\/wp-json\/wp\/v2\/categories?post=4997"},{"taxonomy":"post_tag","embeddable":true,"href":"https:\/\/tintafresca.net\/index.php\/wp-json\/wp\/v2\/tags?post=4997"}],"curies":[{"name":"wp","href":"https:\/\/api.w.org\/{rel}","templated":true}]}}