{"id":5001,"date":"2021-06-14T19:22:58","date_gmt":"2021-06-14T19:22:58","guid":{"rendered":"https:\/\/tintafresca.net\/?p=5001"},"modified":"2021-06-14T19:22:58","modified_gmt":"2021-06-14T19:22:58","slug":"centro-hospitalar-de-leiria-atualiza-horarios-de-visitas-acompanhantes-cuidadores","status":"publish","type":"post","link":"https:\/\/tintafresca.net\/index.php\/2021\/06\/14\/centro-hospitalar-de-leiria-atualiza-horarios-de-visitas-acompanhantes-cuidadores\/","title":{"rendered":"Centro Hospitalar de Leiria atualiza hor\u00e1rios de visitas\/acompanhantes\/cuidadores"},"content":{"rendered":"<div id=\"attachment_4250\" style=\"width: 510px\" class=\"wp-caption alignleft\"><img loading=\"lazy\" decoding=\"async\" aria-describedby=\"caption-attachment-4250\" class=\"wp-image-4250 size-full\" src=\"https:\/\/tintafresca.net\/wp-content\/uploads\/2021\/05\/Alcobaca_Hospital30-1.jpg\" alt=\"\" width=\"500\" height=\"281\" \/><p id=\"caption-attachment-4250\" class=\"wp-caption-text\">Hospital de Alcoba\u00e7a<\/p><\/div>\n<p>O Centro Hospitalar de Leiria (CHL) divulga a atualiza\u00e7\u00e3o dos hor\u00e1rios de visitas, no que se refere ao hor\u00e1rio de visitas pelo segundo progenitor no Servi\u00e7o de Pediatria e na Unidade de Cuidados Especiais Neonatais e Pedi\u00e1tricos (UCEP), j\u00e1 em vigor.<\/p>\n<p>Est\u00e1 restringida a entrada a um acompanhante\/cuidador, sem a possibilidade de troca, e nas primeiras 24 horas ap\u00f3s o internamento est\u00e3o suspensas as entradas do acompanhante\/cuidador, \u00e0 exce\u00e7\u00e3o do Servi\u00e7o de Obstetr\u00edcia.<\/p>\n<p><strong><u>Hospital de Santo Andr\u00e9, Leiria<\/u><\/strong><\/p>\n<p><strong>Torre Nascente<\/strong><\/p>\n<table width=\"0\">\n<tbody>\n<tr>\n<td rowspan=\"2\" width=\"124\"><\/td>\n<td colspan=\"2\" width=\"263\">ALA A<\/td>\n<td colspan=\"2\" width=\"265\">ALA B<\/td>\n<\/tr>\n<tr>\n<td width=\"124\">Camas Pares<\/td>\n<td width=\"139\">Camas \u00cdmpares<\/td>\n<td width=\"124\">Camas Pares<\/td>\n<td width=\"141\">Camas \u00cdmpares<\/td>\n<\/tr>\n<tr>\n<td width=\"124\">Piso 1<\/td>\n<td width=\"124\">2\u00aa feira 17:00-17:30<\/p>\n<p>S\u00e1bado 17:00-18:00<\/td>\n<td width=\"139\">3\u00aa feira 17:00-17:30<\/p>\n<p>Domingo 17:00-18:00<\/td>\n<td width=\"124\">4\u00aa feira 17:00-17:30<\/p>\n<p>S\u00e1bado 17:00-18:00<\/td>\n<td width=\"141\">5\u00aa feira 17:00-17:30<\/p>\n<p>Domingo 17:00-18:00<\/td>\n<\/tr>\n<tr>\n<td width=\"124\">Piso 2<\/td>\n<td width=\"124\">2\u00aa feira 17:45-18:15<\/p>\n<p>S\u00e1bado 18:00-19:00<\/td>\n<td width=\"139\">3\u00aa feira 17:45-18:15<\/p>\n<p>Domingo 18:00-19:00<\/td>\n<td width=\"124\">4\u00aa feira 17:45-18:15<\/p>\n<p>S\u00e1bado 18:00-19:00<\/td>\n<td width=\"141\">5\u00aa feira 17:45-18:15<\/p>\n<p>Domingo 18:00-19:00<\/td>\n<\/tr>\n<tr>\n<td width=\"124\">Piso 3<\/td>\n<td width=\"124\">2\u00aa feira 18:30-19:00<\/p>\n<p>S\u00e1bado 18:30-19:30<\/td>\n<td width=\"139\">3\u00aa feira 18:30-19:00<\/p>\n<p>Domingo 18:30-19:30<\/td>\n<td width=\"124\">4\u00aa feira 18:30-19:00<\/p>\n<p>S\u00e1bado 17:00-18:00<\/td>\n<td width=\"141\">5\u00aa feira 18:30-19:00<\/p>\n<p>Domingo 17:00-18:00<\/td>\n<\/tr>\n<tr>\n<td width=\"124\">Piso 4 (exceto \u00c1rea COVID-19)<\/td>\n<td width=\"124\">2\u00aa feira 19:15-19:45<\/p>\n<p>S\u00e1bado 19:00-20:00<\/td>\n<td width=\"139\">3\u00aa feira 19:15-19:45<\/p>\n<p>Domingo 19:00-20:00<\/td>\n<td width=\"124\">4\u00aa feira 19:15-19:45<\/p>\n<p>S\u00e1bado 19:00-20:00<\/td>\n<td width=\"141\">5\u00aa feira 19:15-19:45<\/p>\n<p>Domingo 19:00-20:00<\/td>\n<\/tr>\n<tr>\n<td width=\"124\">Piso 5<\/td>\n<td width=\"124\">4\u00aa feira 20:00-20:30<\/p>\n<p>S\u00e1bado 19:30-20:30<\/td>\n<td width=\"139\">5\u00aa feira 20:00-20:30<\/p>\n<p>Domingo 19:30-20:30<\/td>\n<td width=\"124\"><\/td>\n<td width=\"141\"><\/td>\n<\/tr>\n<\/tbody>\n<\/table>\n<p>&nbsp;<\/p>\n<p><strong>Torre Poente<\/strong><\/p>\n<table width=\"0\">\n<tbody>\n<tr>\n<td rowspan=\"2\" width=\"121\"><\/td>\n<td colspan=\"2\" width=\"275\">ALA A<\/td>\n<td colspan=\"2\" width=\"261\">ALA B<\/td>\n<\/tr>\n<tr>\n<td width=\"125\">Camas Pares<\/td>\n<td width=\"151\">Camas \u00cdmpares<\/td>\n<td width=\"125\">Camas Pares<\/td>\n<td width=\"136\">Camas \u00cdmpares<\/td>\n<\/tr>\n<tr>\n<td width=\"121\">Piso 1<\/td>\n<td width=\"125\">Todos os dias das 16:00 \u00e0s 16:30<strong>*<\/strong><\/td>\n<td width=\"151\">Todos os dias das 17:00 \u00e0s 17:30<strong>*<\/strong><\/td>\n<td width=\"125\">Todos os dias das 17:45 \u00e0s 18:15<strong>*<\/strong><\/td>\n<td width=\"136\">Todos os dias das 18:30 \u00e0s 19:00<strong>*<\/strong><\/td>\n<\/tr>\n<tr>\n<td width=\"121\">Piso 2<\/td>\n<td width=\"125\">Todos os dias das 17:45 \u00e0s 18:15<\/td>\n<td width=\"151\">Todos os dias das 18:30 \u00e0s 19:00<\/td>\n<td width=\"125\">4\u00aa feira 17:45-18:15<\/p>\n<p>S\u00e1bado 18:00-19:00<\/td>\n<td width=\"136\">5\u00aa feira 17:45-18:15<\/p>\n<p>Domingo 18:00-19:00<\/td>\n<\/tr>\n<tr>\n<td width=\"121\">Piso 3<\/td>\n<td width=\"125\">2\u00aa feira 18:30-19:00<\/p>\n<p>S\u00e1bado 18:30-19:30<\/td>\n<td width=\"151\">3\u00aa feira 18:30-19:00<\/p>\n<p>Domingo 18:30-19:30<\/td>\n<td width=\"125\">4\u00aa feira 18:30-19:00<\/p>\n<p>S\u00e1bado 17:00-18:00<\/td>\n<td width=\"136\">5\u00aa feira 18:30-19:00<\/p>\n<p>Domingo 17:00-18:00<\/td>\n<\/tr>\n<tr>\n<td width=\"121\">Piso 4<\/td>\n<td width=\"125\">2\u00aa feira 17:00-17:30<\/p>\n<p>S\u00e1bado 17:00-18:00<\/td>\n<td width=\"151\">3\u00aa feira 17:00-17:30<\/p>\n<p>Domingo 17:00-18:00<\/td>\n<td width=\"125\">4\u00aa feira 17:00-17:30<\/p>\n<p>S\u00e1bado 18:00-19:00<\/td>\n<td width=\"136\">5\u00aa feira 17:00-17:30<\/p>\n<p>Domingo 18:00-19:00<\/td>\n<\/tr>\n<\/tbody>\n<\/table>\n<p>&nbsp;<\/p>\n<p><strong>*<\/strong>Aplic\u00e1vel apenas ao segundo progenitor no Servi\u00e7o de Pediatria e UCEP.<\/p>\n<p><strong><u>Hospital Distrital de Pombal (HDP)<\/u><\/strong><\/p>\n<p><strong>Medicina Interna<\/strong><\/p>\n<table>\n<tbody>\n<tr>\n<td width=\"139\">Camas Pares<\/td>\n<td width=\"139\">Camas \u00cdmpares<\/td>\n<\/tr>\n<tr>\n<td width=\"139\">2\u00aa feira 18:30-19:00<\/p>\n<p>S\u00e1bado 19:00-20:00<\/td>\n<td width=\"139\">3\u00aa feira 18:30-19:00<\/p>\n<p>Domingo 19:00-20:00<\/td>\n<\/tr>\n<\/tbody>\n<\/table>\n<p>&nbsp;<\/p>\n<p><strong><u>Hospital de Alcoba\u00e7a Bernardino Lopes de Oliveira (HABLO)<\/u><\/strong><\/p>\n<p><strong>Medicina Interna<\/strong><\/p>\n<table>\n<tbody>\n<tr>\n<td width=\"139\">Camas Pares<\/td>\n<td width=\"139\">Camas \u00cdmpares<\/td>\n<\/tr>\n<tr>\n<td width=\"139\">2\u00aa feira 18:30-19:00<\/p>\n<p>S\u00e1bado 19:00-20:00<\/td>\n<td width=\"139\">3\u00aa feira 18:30-19:00<\/p>\n<p>Domingo 19:00-20:00<\/td>\n<\/tr>\n<\/tbody>\n<\/table>\n<p>&nbsp;<\/p>\n<p>No caso de servi\u00e7os de internamento em que n\u00e3o exista a figura de acompanhante\/cuidador, \u00e9 permitida uma visita num per\u00edodo \u00fanico:<\/p>\n<p><strong>&#8211;<\/strong> <strong>Servi\u00e7o de Medicina Intensiva e Unidade de Cuidados Intensivos Card\u00edacos (UCIC):<\/strong> 19h00-19h30 (quartas-feiras, sextas-feiras)<\/p>\n<p><strong>&#8211;<\/strong> <strong>Unidade de Internamento de Curta Dura\u00e7\u00e3o (UICD) (HABLO\/HDP):<\/strong> 19h00-19h30 (quartas-feiras, sextas-feiras)<\/p>\n<p><strong>&#8211;<\/strong> <strong>Unidade de Cuidados Agudos Polivalente (UCAP):<\/strong> 19h00-19h30 (quartas-feiras, domingos)<\/p>\n<p><strong>&#8211; Unidade de Internamento de Doentes de Evolu\u00e7\u00e3o Prolongada de Psiquiatria (UIDEPP),<\/strong> nos Andrinos: por marca\u00e7\u00e3o pr\u00e9via, sempre que as condi\u00e7\u00f5es atmosf\u00e9ricas o permitam, no hor\u00e1rio das 17h30 \u00e0s 18h00. O doente recebe o visitante no Telheiro ou em alternativa nos refeit\u00f3rios dos respetivos pavilh\u00f5es. As visitas s\u00e3o acompanhadas pelo vigilante do servi\u00e7o.<\/p>\n<p><strong>\u00a0 \u00a0Fonte: Midlandcom<\/strong><\/p>\n<p>&nbsp;<\/p>\n","protected":false},"excerpt":{"rendered":"<p>O Centro Hospitalar de Leiria (CHL) divulga a atualiza\u00e7\u00e3o dos hor\u00e1rios de visitas, no que se refere ao hor\u00e1rio de visitas pelo segundo progenitor no Servi\u00e7o de Pediatria e na Unidade de Cuidados Especiais Neonatais e Pedi\u00e1tricos (UCEP), j\u00e1 em vigor. Est\u00e1 restringida a entrada a um acompanhante\/cuidador, sem a possibilidade de troca, e nas [&hellip;]<\/p>\n","protected":false},"author":2,"featured_media":4251,"comment_status":"open","ping_status":"open","sticky":false,"template":"","format":"standard","meta":{"footnotes":""},"categories":[6],"tags":[],"class_list":["post-5001","post","type-post","status-publish","format-standard","has-post-thumbnail","hentry","category-saude"],"_links":{"self":[{"href":"https:\/\/tintafresca.net\/index.php\/wp-json\/wp\/v2\/posts\/5001","targetHints":{"allow":["GET"]}}],"collection":[{"href":"https:\/\/tintafresca.net\/index.php\/wp-json\/wp\/v2\/posts"}],"about":[{"href":"https:\/\/tintafresca.net\/index.php\/wp-json\/wp\/v2\/types\/post"}],"author":[{"embeddable":true,"href":"https:\/\/tintafresca.net\/index.php\/wp-json\/wp\/v2\/users\/2"}],"replies":[{"embeddable":true,"href":"https:\/\/tintafresca.net\/index.php\/wp-json\/wp\/v2\/comments?post=5001"}],"version-history":[{"count":2,"href":"https:\/\/tintafresca.net\/index.php\/wp-json\/wp\/v2\/posts\/5001\/revisions"}],"predecessor-version":[{"id":5016,"href":"https:\/\/tintafresca.net\/index.php\/wp-json\/wp\/v2\/posts\/5001\/revisions\/5016"}],"wp:featuredmedia":[{"embeddable":true,"href":"https:\/\/tintafresca.net\/index.php\/wp-json\/wp\/v2\/media\/4251"}],"wp:attachment":[{"href":"https:\/\/tintafresca.net\/index.php\/wp-json\/wp\/v2\/media?parent=5001"}],"wp:term":[{"taxonomy":"category","embeddable":true,"href":"https:\/\/tintafresca.net\/index.php\/wp-json\/wp\/v2\/categories?post=5001"},{"taxonomy":"post_tag","embeddable":true,"href":"https:\/\/tintafresca.net\/index.php\/wp-json\/wp\/v2\/tags?post=5001"}],"curies":[{"name":"wp","href":"https:\/\/api.w.org\/{rel}","templated":true}]}}