{"id":5108,"date":"2021-06-18T18:42:24","date_gmt":"2021-06-18T18:42:24","guid":{"rendered":"https:\/\/tintafresca.net\/?p=5108"},"modified":"2021-06-18T18:42:24","modified_gmt":"2021-06-18T18:42:24","slug":"municipio-de-alcobaca-publica-ebook-sobre-alimentacao-saudavel-com-receitas-familiares-recolhidas-por-alunos","status":"publish","type":"post","link":"https:\/\/tintafresca.net\/index.php\/2021\/06\/18\/municipio-de-alcobaca-publica-ebook-sobre-alimentacao-saudavel-com-receitas-familiares-recolhidas-por-alunos\/","title":{"rendered":"Munic\u00edpio de Alcoba\u00e7a publica ebook sobre alimenta\u00e7\u00e3o saud\u00e1vel com receitas familiares recolhidas por alunos"},"content":{"rendered":"<div id=\"attachment_5110\" style=\"width: 510px\" class=\"wp-caption alignleft\"><img loading=\"lazy\" decoding=\"async\" aria-describedby=\"caption-attachment-5110\" class=\"wp-image-5110 size-full\" src=\"https:\/\/tintafresca.net\/wp-content\/uploads\/2021\/06\/Alcobaca_comer_ebook10.jpg\" alt=\"\" width=\"500\" height=\"333\" srcset=\"https:\/\/tintafresca.net\/wp-content\/uploads\/2021\/06\/Alcobaca_comer_ebook10.jpg 500w, https:\/\/tintafresca.net\/wp-content\/uploads\/2021\/06\/Alcobaca_comer_ebook10-300x200.jpg 300w\" sizes=\"auto, (max-width: 500px) 100vw, 500px\" \/><p id=\"caption-attachment-5110\" class=\"wp-caption-text\">Autarquia quer promover h\u00e1bitos de alimenta\u00e7\u00e3o saud\u00e1veis com base em produtos end\u00f3genos do concelho<\/p><\/div>\n<p>Durante o m\u00eas de junho, a C\u00e2mara Municipal de Alcoba\u00e7a entregou a 5 turmas do 4\u00ba ano do 1\u00ba ciclo os diplomas de participa\u00e7\u00e3o no programa \u201cComer Bem \u00e9 Ser Fixe\u201d, uma iniciativa de promo\u00e7\u00e3o de h\u00e1bitos de alimenta\u00e7\u00e3o saud\u00e1veis. O projeto pretende promover junto dos alunos, encarregados de educa\u00e7\u00e3o, professores e pessoal n\u00e3o docente um comportamento positivo relativo \u00e0 alimenta\u00e7\u00e3o, com um forte incentivo \u00e0 ado\u00e7\u00e3o de bons h\u00e1bitos alimentares e um estilo de vida saud\u00e1vel.<\/p>\n<p>S\u00e3o variados os temas que s\u00e3o abordados:<br \/>\n\u00b7 A origem dos alimentos;<br \/>\n\u00b7 Conhecimento dos alimentos;<br \/>\n\u00b7 As bases de uma alimenta\u00e7\u00e3o saud\u00e1vel e sustent\u00e1vel &#8211; evitando o desperd\u00edcio;<br \/>\n\u00b7 A alimenta\u00e7\u00e3o numa vertente cultural (conhecimento de produtos regionais);<br \/>\n\u00b7 Cria\u00e7\u00e3o de receitas saud\u00e1veis &#8211; as quais poder\u00e3o integrar as ementas das refei\u00e7\u00f5es escolares. A entrega dos diplomas tamb\u00e9m serviu para a apresenta\u00e7\u00e3o do e-book do programa que inclui receitas saud\u00e1veis concebidas pelos alunos \u2013 consulte o documento AQUI.<\/p>\n<p>\u201cCom esta iniciativa, a C\u00e2mara Municipal de Alcoba\u00e7a coloca em plano de destaque, junto desta faixa et\u00e1ria, diversas quest\u00f5es da \u00e1rea do nutricionismo que est\u00e3o na ordem do dia. A promo\u00e7\u00e3o de h\u00e1bitos de alimenta\u00e7\u00e3o saud\u00e1veis \u00e9 feita com base em produtos end\u00f3genos do concelho, construindo as bases para uma maior consciencializa\u00e7\u00e3o do enorme potencial gastron\u00f3mico do nosso territ\u00f3rio. A nossa pol\u00edtica de educa\u00e7\u00e3o alimentar e nutricional \u00e9 tamb\u00e9m um dos fundamentos da candidatura de Alcoba\u00e7a \u00e0 Rede das Cidades Criativas da UNESCO, na \u00e1rea da Gastronomia, que estamos a desenvolver\u201d, explica a vereadora da Educa\u00e7\u00e3o, In\u00eas Silva.<\/p>\n<p><strong>\u00a0 \u00a0 Fonte: GRPP|CMA<\/strong><\/p>\n","protected":false},"excerpt":{"rendered":"<p>Durante o m\u00eas de junho, a C\u00e2mara Municipal de Alcoba\u00e7a entregou a 5 turmas do 4\u00ba ano do 1\u00ba ciclo os diplomas de participa\u00e7\u00e3o no programa \u201cComer Bem \u00e9 Ser Fixe\u201d, uma iniciativa de promo\u00e7\u00e3o de h\u00e1bitos de alimenta\u00e7\u00e3o saud\u00e1veis. O projeto pretende promover junto dos alunos, encarregados de educa\u00e7\u00e3o, professores e pessoal n\u00e3o docente [&hellip;]<\/p>\n","protected":false},"author":2,"featured_media":5111,"comment_status":"open","ping_status":"open","sticky":false,"template":"","format":"standard","meta":{"footnotes":""},"categories":[14,6],"tags":[],"class_list":["post-5108","post","type-post","status-publish","format-standard","has-post-thumbnail","hentry","category-educacao","category-saude"],"_links":{"self":[{"href":"https:\/\/tintafresca.net\/index.php\/wp-json\/wp\/v2\/posts\/5108","targetHints":{"allow":["GET"]}}],"collection":[{"href":"https:\/\/tintafresca.net\/index.php\/wp-json\/wp\/v2\/posts"}],"about":[{"href":"https:\/\/tintafresca.net\/index.php\/wp-json\/wp\/v2\/types\/post"}],"author":[{"embeddable":true,"href":"https:\/\/tintafresca.net\/index.php\/wp-json\/wp\/v2\/users\/2"}],"replies":[{"embeddable":true,"href":"https:\/\/tintafresca.net\/index.php\/wp-json\/wp\/v2\/comments?post=5108"}],"version-history":[{"count":2,"href":"https:\/\/tintafresca.net\/index.php\/wp-json\/wp\/v2\/posts\/5108\/revisions"}],"predecessor-version":[{"id":5112,"href":"https:\/\/tintafresca.net\/index.php\/wp-json\/wp\/v2\/posts\/5108\/revisions\/5112"}],"wp:featuredmedia":[{"embeddable":true,"href":"https:\/\/tintafresca.net\/index.php\/wp-json\/wp\/v2\/media\/5111"}],"wp:attachment":[{"href":"https:\/\/tintafresca.net\/index.php\/wp-json\/wp\/v2\/media?parent=5108"}],"wp:term":[{"taxonomy":"category","embeddable":true,"href":"https:\/\/tintafresca.net\/index.php\/wp-json\/wp\/v2\/categories?post=5108"},{"taxonomy":"post_tag","embeddable":true,"href":"https:\/\/tintafresca.net\/index.php\/wp-json\/wp\/v2\/tags?post=5108"}],"curies":[{"name":"wp","href":"https:\/\/api.w.org\/{rel}","templated":true}]}}