{"id":5129,"date":"2021-06-19T14:35:14","date_gmt":"2021-06-19T14:35:14","guid":{"rendered":"https:\/\/tintafresca.net\/?p=5129"},"modified":"2021-06-19T14:35:14","modified_gmt":"2021-06-19T14:35:14","slug":"deputada-do-pcp-no-parlamento-europeu-sandra-pereira-visitou-a-cooperativa-do-cadaval","status":"publish","type":"post","link":"https:\/\/tintafresca.net\/index.php\/2021\/06\/19\/deputada-do-pcp-no-parlamento-europeu-sandra-pereira-visitou-a-cooperativa-do-cadaval\/","title":{"rendered":"Deputada do PCP no Parlamento Europeu Sandra Pereira visitou a Cooperativa do Cadaval"},"content":{"rendered":"<div id=\"attachment_5131\" style=\"width: 510px\" class=\"wp-caption alignleft\"><img loading=\"lazy\" decoding=\"async\" aria-describedby=\"caption-attachment-5131\" class=\"wp-image-5131 size-full\" src=\"https:\/\/tintafresca.net\/wp-content\/uploads\/2021\/06\/Cadaval_CDU_Coopval20.jpg\" alt=\"\" width=\"500\" height=\"329\" srcset=\"https:\/\/tintafresca.net\/wp-content\/uploads\/2021\/06\/Cadaval_CDU_Coopval20.jpg 500w, https:\/\/tintafresca.net\/wp-content\/uploads\/2021\/06\/Cadaval_CDU_Coopval20-300x197.jpg 300w\" sizes=\"auto, (max-width: 500px) 100vw, 500px\" \/><p id=\"caption-attachment-5131\" class=\"wp-caption-text\">Delega\u00e7\u00e3o do PCP na COOPVAL<\/p><\/div>\n<p>Sandra Pereira, eleita pela CDU ao Parlamento Europeu, visitou a Cooperativa Agr\u00edcola dos Fruticultores do Cadaval (COOPVAL), no dia 16 de junho. A deputada esteve acompanhada pelos candidatos e eleitos da CDU no Cadaval e reuniu com a Dire\u00e7\u00e3o da Coopval e fez uma visita \u00e0s instala\u00e7\u00f5es. A iniciativa insere-se nas Jornadas de Trabalho dos Deputados do PCP no Parlamento Europeu, com o tema \u201c A produ\u00e7\u00e3o nacional fator essencial do desenvolvimento do Pa\u00eds\u201d.<\/p>\n<p>A Comitiva valorizou a Cooperativa e o seu contributo para o desenvolvimento econ\u00f3mico e social, saudando todos os cooperantes pelo trabalho desenvolvido em mais de 50 anos.<\/p>\n<p>O impacto da pandemia, a sa\u00edda do Reino Unido e o impacto nas importa\u00e7\u00f5es, as altera\u00e7\u00f5es clim\u00e1ticas, a pol\u00edtica agr\u00edcola comum, o fogo bacteriano e a burocracia nacional foram algumas das quest\u00f5es abordadas.<\/p>\n<p>Algumas das quest\u00f5es colocadas ser\u00e3o alvo de interven\u00e7\u00e3o no Parlamento Europeu.<\/p>\n<p>Esta visita insere-se nas Jornadas de Trabalho dos Deputados do PCP no Parlamento Europeu dedicadas ao tema \u201cA produ\u00e7\u00e3o nacional &#8211; fator essencial do desenvolvimento do Pa\u00eds\u201d.<\/p>\n<p>As Jornadas terminaram com a realiza\u00e7\u00e3o do Semin\u00e1rio \u201cO papel da produ\u00e7\u00e3o nacional na promo\u00e7\u00e3o do desenvolvimento do Pa\u00eds \u2013 Os impactos das pol\u00edticas da UE\u00bb, no dia 17 de junho, na Casa do Alentejo, em Lisboa, que contou com a participa\u00e7\u00e3o de Jer\u00f3nimo de Sousa, secret\u00e1rio-geral do PCP, a encerrar o programa.<\/p>\n<p>Estas Jornadas de Trabalho inserem-se na atividade regular desenvolvida pelos deputados do PCP no Parlamento Europeu, com o objetivo de aprofundar o conhecimento dos problemas do pa\u00eds e a contar com solu\u00e7\u00f5es para os ultrapassar, atrav\u00e9s do contacto direto com os trabalhadores e os diversos sectores e \u00e1reas de atividade, potenciando, desta forma, a defesa dos interesses nacionais na sua interven\u00e7\u00e3o no Parlamento Europeu.<\/p>\n","protected":false},"excerpt":{"rendered":"<p>Sandra Pereira, eleita pela CDU ao Parlamento Europeu, visitou a Cooperativa Agr\u00edcola dos Fruticultores do Cadaval (COOPVAL), no dia 16 de junho. A deputada esteve acompanhada pelos candidatos e eleitos da CDU no Cadaval e reuniu com a Dire\u00e7\u00e3o da Coopval e fez uma visita \u00e0s instala\u00e7\u00f5es. A iniciativa insere-se nas Jornadas de Trabalho dos [&hellip;]<\/p>\n","protected":false},"author":2,"featured_media":5132,"comment_status":"open","ping_status":"open","sticky":false,"template":"","format":"standard","meta":{"footnotes":""},"categories":[7],"tags":[],"class_list":["post-5129","post","type-post","status-publish","format-standard","has-post-thumbnail","hentry","category-economia"],"_links":{"self":[{"href":"https:\/\/tintafresca.net\/index.php\/wp-json\/wp\/v2\/posts\/5129","targetHints":{"allow":["GET"]}}],"collection":[{"href":"https:\/\/tintafresca.net\/index.php\/wp-json\/wp\/v2\/posts"}],"about":[{"href":"https:\/\/tintafresca.net\/index.php\/wp-json\/wp\/v2\/types\/post"}],"author":[{"embeddable":true,"href":"https:\/\/tintafresca.net\/index.php\/wp-json\/wp\/v2\/users\/2"}],"replies":[{"embeddable":true,"href":"https:\/\/tintafresca.net\/index.php\/wp-json\/wp\/v2\/comments?post=5129"}],"version-history":[{"count":2,"href":"https:\/\/tintafresca.net\/index.php\/wp-json\/wp\/v2\/posts\/5129\/revisions"}],"predecessor-version":[{"id":5133,"href":"https:\/\/tintafresca.net\/index.php\/wp-json\/wp\/v2\/posts\/5129\/revisions\/5133"}],"wp:featuredmedia":[{"embeddable":true,"href":"https:\/\/tintafresca.net\/index.php\/wp-json\/wp\/v2\/media\/5132"}],"wp:attachment":[{"href":"https:\/\/tintafresca.net\/index.php\/wp-json\/wp\/v2\/media?parent=5129"}],"wp:term":[{"taxonomy":"category","embeddable":true,"href":"https:\/\/tintafresca.net\/index.php\/wp-json\/wp\/v2\/categories?post=5129"},{"taxonomy":"post_tag","embeddable":true,"href":"https:\/\/tintafresca.net\/index.php\/wp-json\/wp\/v2\/tags?post=5129"}],"curies":[{"name":"wp","href":"https:\/\/api.w.org\/{rel}","templated":true}]}}