{"id":5174,"date":"2021-06-21T17:54:42","date_gmt":"2021-06-21T17:54:42","guid":{"rendered":"https:\/\/tintafresca.net\/?p=5174"},"modified":"2021-06-21T22:41:45","modified_gmt":"2021-06-21T22:41:45","slug":"centros-hospitalares-de-leiria-e-medio-tejo-recebem-medalha-de-merito-municipal-de-ourem-pelo-empenho-e-dedicacao-na-pandemia","status":"publish","type":"post","link":"https:\/\/tintafresca.net\/index.php\/2021\/06\/21\/centros-hospitalares-de-leiria-e-medio-tejo-recebem-medalha-de-merito-municipal-de-ourem-pelo-empenho-e-dedicacao-na-pandemia\/","title":{"rendered":"Centros Hospitalares de Leiria e M\u00e9dio Tejo recebem medalha de m\u00e9rito municipal de Our\u00e9m pela dedica\u00e7\u00e3o na pandemia"},"content":{"rendered":"<div id=\"attachment_5176\" style=\"width: 510px\" class=\"wp-caption alignleft\"><img loading=\"lazy\" decoding=\"async\" aria-describedby=\"caption-attachment-5176\" class=\"wp-image-5176 size-full\" src=\"https:\/\/tintafresca.net\/wp-content\/uploads\/2021\/06\/Ourem_Joao-Moura_Luis-Albuquerque_Licinio-de-Carvalho10.jpg\" alt=\"\" width=\"500\" height=\"374\" srcset=\"https:\/\/tintafresca.net\/wp-content\/uploads\/2021\/06\/Ourem_Joao-Moura_Luis-Albuquerque_Licinio-de-Carvalho10.jpg 500w, https:\/\/tintafresca.net\/wp-content\/uploads\/2021\/06\/Ourem_Joao-Moura_Luis-Albuquerque_Licinio-de-Carvalho10-300x224.jpg 300w\" sizes=\"auto, (max-width: 500px) 100vw, 500px\" \/><p id=\"caption-attachment-5176\" class=\"wp-caption-text\">Jo\u00e3o Moura, Lu\u00eds Miguel Albuquerque e Lic\u00ednio de Carvalho<\/p><\/div>\n<p>O Centro Hospitalar de Leiria (CHL) foi homenageado com a medalha de m\u00e9rito municipal, setor da Sa\u00fade, pela C\u00e2mara Municipal de Our\u00e9m, pelo seu contributo para o desenvolvimento social e sa\u00fade daquele concelho, nomeadamente pela disponibilidade, empenho, compet\u00eancia e dedica\u00e7\u00e3o com que t\u00eam sido prestados os cuidados de sa\u00fade aos mun\u00edcipes, de forma especial durante a pandemia por Covid-19. Lic\u00ednio de Carvalho, presidente do Conselho de Administra\u00e7\u00e3o do CHL, subiu ao palco do Teatro Municipal de Our\u00e9m para receber a distin\u00e7\u00e3o em nome da institui\u00e7\u00e3o, na sess\u00e3o solene do Dia do Munic\u00edpio de Our\u00e9m, realizada no dia 20 de junho.<\/p>\n<p>\u00abGostava muito de agradecer em nome do Centro Hospitalar de Leiria este reconhecimento feito pelo Munic\u00edpio de Our\u00e9m, que hoje celebra 30 anos de eleva\u00e7\u00e3o a cidade e \u00e9 o seu dia municipal \u2013 est\u00e3o todos de parab\u00e9ns\u00bb, enfatizou Lic\u00ednio de Carvalho.<\/p>\n<p>\u00abEsta distin\u00e7\u00e3o destina-se naturalmente aos 2.300 colaboradores do CHL, que nos \u00faltimos meses, no \u00faltimo ano, tiveram um desafio enorme e que estiveram sempre na linha da frente, sempre a lutar contra aquilo que n\u00e3o se sabe ao certo o que \u00e9, mas sempre com dedica\u00e7\u00e3o e com empenho, que realmente lhe \u00e9 devido e que \u00e9 apan\u00e1gio dos profissionais de sa\u00fade. Este \u00e9 um reconhecimento p\u00fablico de todo o trabalho que tem sido realizado, sobretudo no \u00e2mbito da pandemia, e que muito nos orgulha!\u00bb, acrescentou.<\/p>\n<p>Lic\u00ednio de Carvalho salientou ainda que \u00abo Munic\u00edpio de Our\u00e9m pode sempre contar com o Centro Hospitalar de Leiria, quer na presta\u00e7\u00e3o de cuidados de sa\u00fade, quer na liga\u00e7\u00e3o consolidada que mant\u00e9m, que ultrapassa o n\u00edvel meramente institucional. O Conselho de Administra\u00e7\u00e3o do CHL continuar\u00e1 a contar com a colabora\u00e7\u00e3o e amizade dos \u00f3rg\u00e3os aut\u00e1rquicos deste munic\u00edpio, na sua miss\u00e3o de Cuidar.\u00bb<\/p>\n<p>Lu\u00eds Pisco, presidente do Conselho Diretivo da Administra\u00e7\u00e3o Regional de Sa\u00fade de Lisboa e Vale do Tejo, proferiu a ora\u00e7\u00e3o de sapi\u00eancia dedicada \u00e0 \u00e1rea da sa\u00fade e destacou os homenageados nessa categoria. \u00abTrata-se de um reconhecimento p\u00fablico, e n\u00e3o apenas de um reconhecimento interpares, e ainda \u00e9 mais valorizado dada a prof\u00edcua colabora\u00e7\u00e3o entre a sa\u00fade e o poder local. Desde a primeira hora dedicamos toda a nossa energia e saber \u00e0 conten\u00e7\u00e3o desta pandemia. A humildade, dedica\u00e7\u00e3o e esfor\u00e7o inabal\u00e1veis na gest\u00e3o da doen\u00e7a, com o inerente risco que isso representa, t\u00eam em sido demonstrados pelos profissionais de sa\u00fade, quer durante as sucessivas vagas, quer durante os per\u00edodos de recupera\u00e7\u00e3o do movimento assistencial. Muito obrigada a todos pelo profissionalismo e por nunca desistirem.\u00bb<\/p>\n<p>O presidente da Assembleia Municipal de Our\u00e9m, Jo\u00e3o Moura, tamb\u00e9m sublinhou o reconhecimento p\u00fablico feito pelo Munic\u00edpio ao setor da Sa\u00fade. \u00abUma homenagem just\u00edssima aos profissionais de sa\u00fade que estiveram na primeira linha nesta guerra, neste combate, que est\u00e1 ainda a ser a pandemia, e que n\u00f3s estamos de forma muito gloriosa a conseguir vencer.\u00bb<\/p>\n<p>Lu\u00eds Miguel Albuquerque, presidente da C\u00e2mara Municipal de Our\u00e9m, encerrou a sess\u00e3o solene, e destacou os homenageados da Sa\u00fade. \u00abSaudemos, pois, a liberdade de recuperarmos desde ent\u00e3o [in\u00edcio da pandemia], gra\u00e7as ao esfor\u00e7o conjunto de toda a popula\u00e7\u00e3o, mas tamb\u00e9m ao trabalho de milhares de profissionais de sa\u00fade, verdadeiramente incans\u00e1veis no socorro a milh\u00f5es de portugueses, \u00e9 tamb\u00e9m a eles, \u00e0s institui\u00e7\u00f5es que servem e a quem superiormente as dirige que rendemos homenagem neste dia do Munic\u00edpio. A prop\u00f3sito de cuidados de sa\u00fade e de pandemia, \u00e9 de elementar justi\u00e7a vincar o nosso mais profundo agradecimento a todos os profissionais de sa\u00fade, colaboradores e volunt\u00e1rios que t\u00eam contribu\u00eddo para o sucesso em que resulta o processo de vacina\u00e7\u00e3o no concelho de Our\u00e9m.\u00bb<\/p>\n<p>No setor da Sa\u00fade, receberam tamb\u00e9m medalhas de m\u00e9rito municipal o Centro Hospitalar do M\u00e9dio Tejo, o Agrupamento dos Centros de Sa\u00fade do M\u00e9dio Tejo, e Ana San-Bento e Jos\u00e9 Nunes Martins, como delegados de sa\u00fade do concelho de Our\u00e9m. Na sess\u00e3o solene do Dia do Munic\u00edpio de Our\u00e9m foram atribu\u00eddas medalhas de m\u00e9rito municipal nas \u00e1reas de Servi\u00e7o P\u00fablico, Social e Sa\u00fade, Empresarial, e a medalha de bons servi\u00e7os pelos 25 anos de trabalho ao servi\u00e7o do munic\u00edpio. Cl\u00e1udia Pereira, secret\u00e1ria de Estado para a Integra\u00e7\u00e3o e as Migra\u00e7\u00f5es, presidiu tamb\u00e9m \u00e0 cerim\u00f3nia, no \u00e2mbito da celebra\u00e7\u00e3o de um protocolo com o Munic\u00edpio de Our\u00e9m para a implementa\u00e7\u00e3o do Centro Local de Apoio \u00e0 Integra\u00e7\u00e3o de Migrantes.<\/p>\n<p><strong>\u00a0 \u00a0 \u00a0Fonte: Midlandcom<\/strong><\/p>\n","protected":false},"excerpt":{"rendered":"<p>O Centro Hospitalar de Leiria (CHL) foi homenageado com a medalha de m\u00e9rito municipal, setor da Sa\u00fade, pela C\u00e2mara Municipal de Our\u00e9m, pelo seu contributo para o desenvolvimento social e sa\u00fade daquele concelho, nomeadamente pela disponibilidade, empenho, compet\u00eancia e dedica\u00e7\u00e3o com que t\u00eam sido prestados os cuidados de sa\u00fade aos mun\u00edcipes, de forma especial durante [&hellip;]<\/p>\n","protected":false},"author":2,"featured_media":5178,"comment_status":"open","ping_status":"open","sticky":false,"template":"","format":"standard","meta":{"footnotes":""},"categories":[6],"tags":[],"class_list":["post-5174","post","type-post","status-publish","format-standard","has-post-thumbnail","hentry","category-saude"],"_links":{"self":[{"href":"https:\/\/tintafresca.net\/index.php\/wp-json\/wp\/v2\/posts\/5174","targetHints":{"allow":["GET"]}}],"collection":[{"href":"https:\/\/tintafresca.net\/index.php\/wp-json\/wp\/v2\/posts"}],"about":[{"href":"https:\/\/tintafresca.net\/index.php\/wp-json\/wp\/v2\/types\/post"}],"author":[{"embeddable":true,"href":"https:\/\/tintafresca.net\/index.php\/wp-json\/wp\/v2\/users\/2"}],"replies":[{"embeddable":true,"href":"https:\/\/tintafresca.net\/index.php\/wp-json\/wp\/v2\/comments?post=5174"}],"version-history":[{"count":7,"href":"https:\/\/tintafresca.net\/index.php\/wp-json\/wp\/v2\/posts\/5174\/revisions"}],"predecessor-version":[{"id":5199,"href":"https:\/\/tintafresca.net\/index.php\/wp-json\/wp\/v2\/posts\/5174\/revisions\/5199"}],"wp:featuredmedia":[{"embeddable":true,"href":"https:\/\/tintafresca.net\/index.php\/wp-json\/wp\/v2\/media\/5178"}],"wp:attachment":[{"href":"https:\/\/tintafresca.net\/index.php\/wp-json\/wp\/v2\/media?parent=5174"}],"wp:term":[{"taxonomy":"category","embeddable":true,"href":"https:\/\/tintafresca.net\/index.php\/wp-json\/wp\/v2\/categories?post=5174"},{"taxonomy":"post_tag","embeddable":true,"href":"https:\/\/tintafresca.net\/index.php\/wp-json\/wp\/v2\/tags?post=5174"}],"curies":[{"name":"wp","href":"https:\/\/api.w.org\/{rel}","templated":true}]}}