{"id":5224,"date":"2021-06-22T21:16:57","date_gmt":"2021-06-22T21:16:57","guid":{"rendered":"https:\/\/tintafresca.net\/?p=5224"},"modified":"2021-06-22T21:18:15","modified_gmt":"2021-06-22T21:18:15","slug":"bombeiros-do-concelho-de-ourem-vao-receber-nova-equipa-de-intervencao-permanente-e-equipamentos-de-protecao-individual","status":"publish","type":"post","link":"https:\/\/tintafresca.net\/index.php\/2021\/06\/22\/bombeiros-do-concelho-de-ourem-vao-receber-nova-equipa-de-intervencao-permanente-e-equipamentos-de-protecao-individual\/","title":{"rendered":"Bombeiros do concelho de Our\u00e9m v\u00e3o receber nova equipa de interven\u00e7\u00e3o permanente e equipamentos de prote\u00e7\u00e3o"},"content":{"rendered":"<div id=\"attachment_5226\" style=\"width: 510px\" class=\"wp-caption alignleft\"><img loading=\"lazy\" decoding=\"async\" aria-describedby=\"caption-attachment-5226\" class=\"wp-image-5226 size-full\" src=\"https:\/\/tintafresca.net\/wp-content\/uploads\/2021\/06\/Fatima_Bombeiros20.jpg\" alt=\"\" width=\"500\" height=\"333\" srcset=\"https:\/\/tintafresca.net\/wp-content\/uploads\/2021\/06\/Fatima_Bombeiros20.jpg 500w, https:\/\/tintafresca.net\/wp-content\/uploads\/2021\/06\/Fatima_Bombeiros20-300x200.jpg 300w\" sizes=\"auto, (max-width: 500px) 100vw, 500px\" \/><p id=\"caption-attachment-5226\" class=\"wp-caption-text\">Nova equipa ser\u00e1 a quarta do concelho de Our\u00e9m<\/p><\/div>\n<p>A C\u00e2mara Municipal de Our\u00e9m aprovou esta segunda-feira, dia 21 de junho, uma proposta de protocolo que vai viabilizar a constitui\u00e7\u00e3o de uma nova Equipa de Interven\u00e7\u00e3o Permanente afeta ao concelho. Na mesma reuni\u00e3o foi tamb\u00e9m aprovado um protocolo a celebrar com as associa\u00e7\u00f5es de bombeiros concelhias para fornecimento de equipamentos de prote\u00e7\u00e3o individual para combate a inc\u00eandios urbanos, al\u00e9m de m\u00e1scaras de carbono aptas para o combate a inc\u00eandios rurais.<\/p>\n<p>O Munic\u00edpio de Our\u00e9m conta j\u00e1 com tr\u00eas Equipas de Interven\u00e7\u00e3o Permanente, alocadas\u00a0\u00e0s corpora\u00e7\u00f5es de bombeiros do concelho (Our\u00e9m, F\u00e1tima e Caxarias). Por proposta da\u00a0Autoridade Nacional de Emerg\u00eancia e Prote\u00e7\u00e3o Civil e com o objetivo de \u201cmelhorar a\u00a0efici\u00eancia da prote\u00e7\u00e3o civil e as condi\u00e7\u00f5es de preven\u00e7\u00e3o e socorro\u201d, a C\u00e2mara Municipal\u00a0aprovou a pretens\u00e3o de constituir uma nova Equipa de Interven\u00e7\u00e3o Permanente que ficar\u00e1 afeta \u00e0s sec\u00e7\u00f5es de Espite e Freixianda, da Associa\u00e7\u00e3o Humanit\u00e1ria dos Bombeiros Volunt\u00e1rios de Our\u00e9m.<\/p>\n<p>Estas Equipas t\u00eam como miss\u00e3o assegurar servi\u00e7os de socorro \u00e0s popula\u00e7\u00f5es, sendo constitu\u00eddas por cinco bombeiros em regime de perman\u00eancia. Os custos decorrentes da remunera\u00e7\u00e3o dos elementos das EIP\u2019s s\u00e3o assumidos pela ANEPC e pelo Munic\u00edpio de Our\u00e9m em partes iguais. O protocolo aprovado \u00e9 v\u00e1lido por um per\u00edodo de tr\u00eas anos e renov\u00e1vel autom\u00e1tica e sucessivamente por igual per\u00edodo, caso n\u00e3o seja resolvido.<\/p>\n<p>A C\u00e2mara Municipal de Our\u00e9m aprovou tamb\u00e9m as propostas de protocolo a firmar com as tr\u00eas associa\u00e7\u00f5es de bombeiros do concelho, que permitir\u00e3o o fornecimento de\u00a0equipamentos de prote\u00e7\u00e3o individual para combate a inc\u00eandios urbanos e m\u00e1scaras de\u00a0carbono destinadas ao combate a inc\u00eandios rurais. Neste contexto, o Munic\u00edpio<\/p>\n<p>determinou financiar a aquisi\u00e7\u00e3o de 100 equipamentos de prote\u00e7\u00e3o individual a distribuir proporcionalmente pelas tr\u00eas corpora\u00e7\u00f5es de bombeiros do concelho, assim como a compra de m\u00e1scaras de carbono para todos os operacionais no quadro ativo. Este apoio camar\u00e1rio visa dotar os bombeiros do concelho de todas as condi\u00e7\u00f5es de seguran\u00e7a para o exerc\u00edcio das suas fun\u00e7\u00f5es, num investimento que ronda os 100 mil euros.<\/p>\n<p>Estes investimentos municipais, entre outros j\u00e1 concretizados, pretendem valorizar as\u00a0associa\u00e7\u00f5es e as suas corpora\u00e7\u00f5es de bombeiros enquanto pilares fundamentais do\u00a0sistema de prote\u00e7\u00e3o e socorro, atrav\u00e9s de incentivos ao voluntariado e capacitando os\u00a0bombeiros com equipamento adequado para um pleno aproveitamento das capacidades\u00a0operacionais e de comando.<\/p>\n<p><strong>\u00a0 \u00a0 Fonte: GC|CMO<\/strong><\/p>\n","protected":false},"excerpt":{"rendered":"<p>A C\u00e2mara Municipal de Our\u00e9m aprovou esta segunda-feira, dia 21 de junho, uma proposta de protocolo que vai viabilizar a constitui\u00e7\u00e3o de uma nova Equipa de Interven\u00e7\u00e3o Permanente afeta ao concelho. Na mesma reuni\u00e3o foi tamb\u00e9m aprovado um protocolo a celebrar com as associa\u00e7\u00f5es de bombeiros concelhias para fornecimento de equipamentos de prote\u00e7\u00e3o individual para [&hellip;]<\/p>\n","protected":false},"author":2,"featured_media":5227,"comment_status":"open","ping_status":"open","sticky":false,"template":"","format":"standard","meta":{"footnotes":""},"categories":[9],"tags":[],"class_list":["post-5224","post","type-post","status-publish","format-standard","has-post-thumbnail","hentry","category-ambiente"],"_links":{"self":[{"href":"https:\/\/tintafresca.net\/index.php\/wp-json\/wp\/v2\/posts\/5224","targetHints":{"allow":["GET"]}}],"collection":[{"href":"https:\/\/tintafresca.net\/index.php\/wp-json\/wp\/v2\/posts"}],"about":[{"href":"https:\/\/tintafresca.net\/index.php\/wp-json\/wp\/v2\/types\/post"}],"author":[{"embeddable":true,"href":"https:\/\/tintafresca.net\/index.php\/wp-json\/wp\/v2\/users\/2"}],"replies":[{"embeddable":true,"href":"https:\/\/tintafresca.net\/index.php\/wp-json\/wp\/v2\/comments?post=5224"}],"version-history":[{"count":3,"href":"https:\/\/tintafresca.net\/index.php\/wp-json\/wp\/v2\/posts\/5224\/revisions"}],"predecessor-version":[{"id":5229,"href":"https:\/\/tintafresca.net\/index.php\/wp-json\/wp\/v2\/posts\/5224\/revisions\/5229"}],"wp:featuredmedia":[{"embeddable":true,"href":"https:\/\/tintafresca.net\/index.php\/wp-json\/wp\/v2\/media\/5227"}],"wp:attachment":[{"href":"https:\/\/tintafresca.net\/index.php\/wp-json\/wp\/v2\/media?parent=5224"}],"wp:term":[{"taxonomy":"category","embeddable":true,"href":"https:\/\/tintafresca.net\/index.php\/wp-json\/wp\/v2\/categories?post=5224"},{"taxonomy":"post_tag","embeddable":true,"href":"https:\/\/tintafresca.net\/index.php\/wp-json\/wp\/v2\/tags?post=5224"}],"curies":[{"name":"wp","href":"https:\/\/api.w.org\/{rel}","templated":true}]}}