{"id":533,"date":"2021-01-14T22:49:06","date_gmt":"2021-01-14T21:49:06","guid":{"rendered":"https:\/\/tintafresca.net\/?p=533"},"modified":"2021-01-15T15:35:57","modified_gmt":"2021-01-15T14:35:57","slug":"camara-de-alcobaca-confina-mas-inicia-obras-da-zona-industrial-da-benedita-e-o-pavilhao-multiusos","status":"publish","type":"post","link":"https:\/\/tintafresca.net\/index.php\/2021\/01\/14\/camara-de-alcobaca-confina-mas-inicia-obras-da-zona-industrial-da-benedita-e-o-pavilhao-multiusos\/","title":{"rendered":"Alcoba\u00e7a confina mas inicia obras da Zona Industrial da Benedita e do Pavilh\u00e3o Multiusos"},"content":{"rendered":"<div id=\"attachment_534\" style=\"width: 510px\" class=\"wp-caption alignleft\"><img loading=\"lazy\" decoding=\"async\" aria-describedby=\"caption-attachment-534\" class=\"wp-image-534 size-full\" src=\"https:\/\/tintafresca.net\/wp-content\/uploads\/2021\/01\/Alcobaca_Multiusos10.jpg\" alt=\"\" width=\"500\" height=\"261\" srcset=\"https:\/\/tintafresca.net\/wp-content\/uploads\/2021\/01\/Alcobaca_Multiusos10.jpg 500w, https:\/\/tintafresca.net\/wp-content\/uploads\/2021\/01\/Alcobaca_Multiusos10-300x157.jpg 300w\" sizes=\"auto, (max-width: 500px) 100vw, 500px\" \/><p id=\"caption-attachment-534\" class=\"wp-caption-text\">Futuro Pavilh\u00e3o Multiusos de Alcoba\u00e7a<\/p><\/div>\n<p>Alcoba\u00e7a apresenta esta quinta-feira, dia 14 de janeiro, 694 casos ativos de Covid-19, 896 curados e 28 falecidos, anunciou o presidente da C\u00e2mara Municipal de Alcoba\u00e7a. Paulo In\u00e1cio informou tamb\u00e9m que est\u00e3o a decorrer os procedimentos conducentes \u00e0 despistagem e testagem de todo o corpo docente e auxiliares do concelho de Alcoba\u00e7a, de forma a que estes, assim como os alunos e pais, possam estar um pouco mais confort\u00e1veis e seguros.<\/p>\n<p>O autarca determinou que o mercado di\u00e1rio bem como o de s\u00e1bado e de segunda-feira, realizados no Mercado Municipal de Alcoba\u00e7a, manter-se-\u00e3o em funcionamento como habitualmente, assegurando alimenta\u00e7\u00e3o de qualidade para todos. Todavia n\u00e3o ser\u00e1 realizado o mercado de segunda-feira que habitualmente ocorre junto ao MercoAlcoba\u00e7a. Igualmente, segundo informa\u00e7\u00f5es recolhidas junto dos presidentes de Junta de Freguesia, s\u00f3 ser\u00e3o realizados mercados alimentares.<\/p>\n<p>A C\u00e2mara Municipal de Alcoba\u00e7a estar\u00e1 de portas encerradas e atender\u00e1 os mun\u00edcipes por marca\u00e7\u00e3o pr\u00e9via por via telef\u00f3nica ou email, contactos estes que est\u00e3o apostos no site municipal bem como nas portas dos espa\u00e7os municipais. Tamb\u00e9m as piscinas e pavilh\u00f5es municipais, a biblioteca, os museus e o Cine-Teatro estar\u00e3o encerrados e n\u00e3o se realizar\u00e1 qualquer evento desportivo ou cultural durante o confinamento.<\/p>\n<p>Paulo In\u00e1cio comunicou tamb\u00e9m na sua <a href=\"https:\/\/www.facebook.com\/paulo.inacio.presidente.municipio.alcobaca\">p\u00e1gina de Facebook<\/a> que, no in\u00edcio do pr\u00f3ximo m\u00eas de fevereiro, a esta\u00e7\u00e3o rodovi\u00e1ria de Alcoba\u00e7a estar\u00e1 encerrada para obras significativas de remodela\u00e7\u00e3o e moderniza\u00e7\u00e3o at\u00e9 finais de maio.<\/p>\n<p>Os cais de embarque\/desembarque para o transporte p\u00fablico passar\u00e3o a localizar-se nos espa\u00e7os juntos ao Mercado Municipal bem como junto \u00e0 Caixa de Cr\u00e9dito Agr\u00edcola, que outrora era habitualmente usado para autocarros tur\u00edsticos. Todavia, ficar\u00e3o sempre salvaguardados 2 a 3 lugares para autocarros tur\u00edsticos neste mesmo espa\u00e7o.<\/p>\n<p>Ser\u00e1 tamb\u00e9m colocado no passeio junto a esses cais de embarque\/desembarque um contentor que servir\u00e1 de escrit\u00f3rio para compra e venda de bilhetes. O remanescente da vasta frota de autocarros ficar\u00e1 parqueado durante este per\u00edodo numa zona de estacionamento do parque da Cova da On\u00e7a.<\/p>\n<p>Recordando que h\u00e1 vida para al\u00e9m da pandemia, Paulo In\u00e1cio anunciou que o Munic\u00edpio de Alcoba\u00e7a j\u00e1 \u00e9 detentor do visto do Tribunal de Contas referente ao futuro Pavilh\u00e3o Multiusos do nosso concelho.<\/p>\n<p>Assim, iniciar-se-\u00e3o durante o m\u00eas de fevereiro a execu\u00e7\u00e3o de duas obras referenciais para toda a regi\u00e3o: a Zona Industrial da Benedita (vulgo, ALEB) e o Pavilh\u00e3o Multiusos de Alcoba\u00e7a (antigo MercoAlcoba\u00e7a).<\/p>\n<p>A sua conclus\u00e3o est\u00e1 prevista para durante o ano de 2022.<\/p>\n","protected":false},"excerpt":{"rendered":"<p>Alcoba\u00e7a apresenta esta quinta-feira, dia 14 de janeiro, 694 casos ativos de Covid-19, 896 curados e 28 falecidos, anunciou o presidente da C\u00e2mara Municipal de Alcoba\u00e7a. Paulo In\u00e1cio informou tamb\u00e9m que est\u00e3o a decorrer os procedimentos conducentes \u00e0 despistagem e testagem de todo o corpo docente e auxiliares do concelho de Alcoba\u00e7a, de forma a [&hellip;]<\/p>\n","protected":false},"author":2,"featured_media":535,"comment_status":"open","ping_status":"open","sticky":false,"template":"","format":"standard","meta":{"footnotes":""},"categories":[3,7,6],"tags":[],"class_list":["post-533","post","type-post","status-publish","format-standard","has-post-thumbnail","hentry","category-destaques","category-economia","category-saude"],"_links":{"self":[{"href":"https:\/\/tintafresca.net\/index.php\/wp-json\/wp\/v2\/posts\/533","targetHints":{"allow":["GET"]}}],"collection":[{"href":"https:\/\/tintafresca.net\/index.php\/wp-json\/wp\/v2\/posts"}],"about":[{"href":"https:\/\/tintafresca.net\/index.php\/wp-json\/wp\/v2\/types\/post"}],"author":[{"embeddable":true,"href":"https:\/\/tintafresca.net\/index.php\/wp-json\/wp\/v2\/users\/2"}],"replies":[{"embeddable":true,"href":"https:\/\/tintafresca.net\/index.php\/wp-json\/wp\/v2\/comments?post=533"}],"version-history":[{"count":6,"href":"https:\/\/tintafresca.net\/index.php\/wp-json\/wp\/v2\/posts\/533\/revisions"}],"predecessor-version":[{"id":541,"href":"https:\/\/tintafresca.net\/index.php\/wp-json\/wp\/v2\/posts\/533\/revisions\/541"}],"wp:featuredmedia":[{"embeddable":true,"href":"https:\/\/tintafresca.net\/index.php\/wp-json\/wp\/v2\/media\/535"}],"wp:attachment":[{"href":"https:\/\/tintafresca.net\/index.php\/wp-json\/wp\/v2\/media?parent=533"}],"wp:term":[{"taxonomy":"category","embeddable":true,"href":"https:\/\/tintafresca.net\/index.php\/wp-json\/wp\/v2\/categories?post=533"},{"taxonomy":"post_tag","embeddable":true,"href":"https:\/\/tintafresca.net\/index.php\/wp-json\/wp\/v2\/tags?post=533"}],"curies":[{"name":"wp","href":"https:\/\/api.w.org\/{rel}","templated":true}]}}