{"id":5496,"date":"2021-07-02T17:47:15","date_gmt":"2021-07-02T17:47:15","guid":{"rendered":"https:\/\/tintafresca.net\/?p=5496"},"modified":"2021-07-02T18:10:42","modified_gmt":"2021-07-02T18:10:42","slug":"secretario-de-estado-adjunto-e-da-saude-antonio-sales-inaugura-obras-no-concelho-de-porto-de-mos","status":"publish","type":"post","link":"https:\/\/tintafresca.net\/index.php\/2021\/07\/02\/secretario-de-estado-adjunto-e-da-saude-antonio-sales-inaugura-obras-no-concelho-de-porto-de-mos\/","title":{"rendered":"Secret\u00e1rio de Estado Adjunto e da Sa\u00fade Ant\u00f3nio Sales inaugura obras no concelho de Porto de M\u00f3s"},"content":{"rendered":"<div id=\"attachment_5498\" style=\"width: 234px\" class=\"wp-caption alignleft\"><img loading=\"lazy\" decoding=\"async\" aria-describedby=\"caption-attachment-5498\" class=\"wp-image-5498 size-full\" src=\"https:\/\/tintafresca.net\/wp-content\/uploads\/2021\/07\/Leiria_Antonio_Sales.png\" alt=\"\" width=\"224\" height=\"223\" srcset=\"https:\/\/tintafresca.net\/wp-content\/uploads\/2021\/07\/Leiria_Antonio_Sales.png 224w, https:\/\/tintafresca.net\/wp-content\/uploads\/2021\/07\/Leiria_Antonio_Sales-150x150.png 150w\" sizes=\"auto, (max-width: 224px) 100vw, 224px\" \/><p id=\"caption-attachment-5498\" class=\"wp-caption-text\">Ant\u00f3nio Sales<\/p><\/div>\n<p>As inaugura\u00e7\u00f5es das obras de requalifica\u00e7\u00e3o da Extens\u00e3o de Sa\u00fade de Mira de Aire e do Gabinete de Sa\u00fade Oral no Centro de Sa\u00fade de Porto de M\u00f3s v\u00e3o ter lugar na quinta-feira, dia 8 de julho, sendo presididas pelo secret\u00e1rio de Estado Adjunto e da Sa\u00fade, Ant\u00f3nio Lacerda Sales. Pelas 10h, ter\u00e1 lugar a inaugura\u00e7\u00e3o das Obras de Requalifica\u00e7\u00e3o da Extens\u00e3o de Sa\u00fade de Mira de Aire e, pelas 11h, ter\u00e1 lugar a inaugura\u00e7\u00e3o do Gabinete de Sa\u00fade Oral no Centro de Sa\u00fade de Porto de M\u00f3s, com a presen\u00e7a do presidente da C\u00e2mara Municipal de Porto de M\u00f3s, Jorge Vala.<\/p>\n<p>Ser\u00e3o cumpridas todas as normas da DGS, nomeadamente do que diz respeito ao distanciamento f\u00edsico, n\u00famero limitado de convidados e uso obrigat\u00f3rio de m\u00e1scara.<\/p>\n","protected":false},"excerpt":{"rendered":"<p>As inaugura\u00e7\u00f5es das obras de requalifica\u00e7\u00e3o da Extens\u00e3o de Sa\u00fade de Mira de Aire e do Gabinete de Sa\u00fade Oral no Centro de Sa\u00fade de Porto de M\u00f3s v\u00e3o ter lugar na quinta-feira, dia 8 de julho, sendo presididas pelo secret\u00e1rio de Estado Adjunto e da Sa\u00fade, Ant\u00f3nio Lacerda Sales. Pelas 10h, ter\u00e1 lugar a [&hellip;]<\/p>\n","protected":false},"author":2,"featured_media":5499,"comment_status":"open","ping_status":"open","sticky":false,"template":"","format":"standard","meta":{"footnotes":""},"categories":[6],"tags":[],"class_list":["post-5496","post","type-post","status-publish","format-standard","has-post-thumbnail","hentry","category-saude"],"_links":{"self":[{"href":"https:\/\/tintafresca.net\/index.php\/wp-json\/wp\/v2\/posts\/5496","targetHints":{"allow":["GET"]}}],"collection":[{"href":"https:\/\/tintafresca.net\/index.php\/wp-json\/wp\/v2\/posts"}],"about":[{"href":"https:\/\/tintafresca.net\/index.php\/wp-json\/wp\/v2\/types\/post"}],"author":[{"embeddable":true,"href":"https:\/\/tintafresca.net\/index.php\/wp-json\/wp\/v2\/users\/2"}],"replies":[{"embeddable":true,"href":"https:\/\/tintafresca.net\/index.php\/wp-json\/wp\/v2\/comments?post=5496"}],"version-history":[{"count":2,"href":"https:\/\/tintafresca.net\/index.php\/wp-json\/wp\/v2\/posts\/5496\/revisions"}],"predecessor-version":[{"id":5500,"href":"https:\/\/tintafresca.net\/index.php\/wp-json\/wp\/v2\/posts\/5496\/revisions\/5500"}],"wp:featuredmedia":[{"embeddable":true,"href":"https:\/\/tintafresca.net\/index.php\/wp-json\/wp\/v2\/media\/5499"}],"wp:attachment":[{"href":"https:\/\/tintafresca.net\/index.php\/wp-json\/wp\/v2\/media?parent=5496"}],"wp:term":[{"taxonomy":"category","embeddable":true,"href":"https:\/\/tintafresca.net\/index.php\/wp-json\/wp\/v2\/categories?post=5496"},{"taxonomy":"post_tag","embeddable":true,"href":"https:\/\/tintafresca.net\/index.php\/wp-json\/wp\/v2\/tags?post=5496"}],"curies":[{"name":"wp","href":"https:\/\/api.w.org\/{rel}","templated":true}]}}