{"id":556,"date":"2021-01-15T15:32:02","date_gmt":"2021-01-15T14:32:02","guid":{"rendered":"https:\/\/tintafresca.net\/?p=556"},"modified":"2021-01-16T12:01:28","modified_gmt":"2021-01-16T11:01:28","slug":"concelho-de-torres-vedras-apresenta-889-casos-ativos-de-infecao-por-sars-cov-2-e-novo-surto-em-lar","status":"publish","type":"post","link":"https:\/\/tintafresca.net\/index.php\/2021\/01\/15\/concelho-de-torres-vedras-apresenta-889-casos-ativos-de-infecao-por-sars-cov-2-e-novo-surto-em-lar\/","title":{"rendered":"Concelho de Torres Vedras apresenta 889 casos ativos de infe\u00e7\u00e3o por SARS-CoV-2 e novo surto em lar"},"content":{"rendered":"<div id=\"attachment_557\" style=\"width: 510px\" class=\"wp-caption alignleft\"><img loading=\"lazy\" decoding=\"async\" aria-describedby=\"caption-attachment-557\" class=\"wp-image-557 size-full\" src=\"https:\/\/tintafresca.net\/wp-content\/uploads\/2021\/01\/TV_COVID_Barro_Senior_Residence10.jpg\" alt=\"\" width=\"500\" height=\"353\" srcset=\"https:\/\/tintafresca.net\/wp-content\/uploads\/2021\/01\/TV_COVID_Barro_Senior_Residence10.jpg 500w, https:\/\/tintafresca.net\/wp-content\/uploads\/2021\/01\/TV_COVID_Barro_Senior_Residence10-300x212.jpg 300w\" sizes=\"auto, (max-width: 500px) 100vw, 500px\" \/><p id=\"caption-attachment-557\" class=\"wp-caption-text\">Balan\u00e7o de casos COVID-19 no dia 13 de janeiro<\/p><\/div>\n<p>A 13 de janeiro, o concelho de Torres Vedras apresentava 889 casos ativos de infe\u00e7\u00e3o por SARS-CoV-2, que se encontram a ser acompanhados pelas autoridades de sa\u00fade. Existiam 305 casos suspeitos a aguardar os resultados laboratoriais e 1363 contactos sob vigil\u00e2ncia ativa das autoridades de sa\u00fade. O Concelho apresentou 145 novos casos confirmados e 25 novos casos recuperados. Infelizmente, o Concelho registou, ainda, dois novos \u00f3bitos.<\/p>\n<p>At\u00e9 ao momento, n\u00e3o foi poss\u00edvel atualizar a distribui\u00e7\u00e3o por freguesias dos novos casos confirmados e novos casos recuperados de dia 13 de janeiro. Esta informa\u00e7\u00e3o ser\u00e1 atualizada assim que poss\u00edvel.<\/p>\n<p><strong>Novo\u00a0<em>cluster<\/em>\u00a0de casos de COVID-19 est\u00e1 associado ao Lar Barro Senior Residence<\/strong><\/p>\n<p>No total, foram contabilizados 3032 casos confirmados, dos quais 2103 recuperados. Desde que a pandemia chegou ao Concelho, h\u00e1, infelizmente, 40 \u00f3bitos a lamentar.<\/p>\n<p>Foi identificado no Concelho de Torres Vedras um novo\u00a0<em>cluster<\/em>\u00a0de casos de COVID-19, associados ao Lar Barro Senior Residence, no Barro, na freguesia de Santa Maria, S\u00e3o Pedro e Matac\u00e3es.<\/p>\n<p>Este\u00a0<em>cluster<\/em>\u00a0apresenta 50 casos ativos, dos quais 36 s\u00e3o utentes e 14 s\u00e3o funcion\u00e1rios. Foram testados 36 utentes e 29 funcion\u00e1rios.<\/p>\n<p>A situa\u00e7\u00e3o est\u00e1 a ser acompanhada pelas autoridades de sa\u00fade.<\/p>\n<p>Situa\u00e7\u00e3o epidemiol\u00f3gica em empresas agr\u00edcolas<\/p>\n<p>O\u00a0<em>cluster<\/em>\u00a0de casos de COVID-19 associados a empresas agr\u00edcolas continuava com seis casos ativos de infe\u00e7\u00e3o por SARS-CoV-2.<\/p>\n<p><strong>Situa\u00e7\u00e3o epidemiol\u00f3gica no Lar Vida Maior<\/strong><\/p>\n<p>O\u00a0<em>cluster\u00a0<\/em>de COVID-19 localizado no Lar Vida Maior, em Maceira, na freguesia de Uni\u00e3o das Freguesias de A dos Cunhados e Maceira, contava com sete casos ativos de infe\u00e7\u00e3o por SARS-CoV-2, tendo registado um novo caso recuperado.<\/p>\n<p><strong>Situa\u00e7\u00e3o epidemiol\u00f3gica no Hospital de Torres Vedras<\/strong><\/p>\n<p>O\u00a0<em>cluster<\/em>\u00a0de casos de COVID-19 associados ao Hospital de Torres Vedras registava 134 casos ativos de infe\u00e7\u00e3o por SARS-CoV-2, apresentando 11 novos casos confirmados e tr\u00eas novos casos recuperados.<\/p>\n<p><strong>Situa\u00e7\u00e3o epidemiol\u00f3gica no Lar de S\u00e3o Jos\u00e9<\/strong><\/p>\n<p>O<em>\u00a0cluster<\/em>\u00a0de casos de COVID-19 no Lar de S\u00e3o Jos\u00e9, na cidade de Torres Vedras, apresentava 124 casos ativos de infe\u00e7\u00e3o por SARS-CoV-2, tendo registado 36 novos casos confirmados e dois \u00f3bitos.<\/p>\n<p><strong>Situa\u00e7\u00e3o epidemiol\u00f3gica no Lar de Nossa Senhora do Carmo<\/strong><\/p>\n<p>O\u00a0<em>cluster<\/em>\u00a0de COVID-19 localizado no Lar de Nossa Senhora do Carmo, em Ordasqueira, contava com 96 casos ativos de infe\u00e7\u00e3o por SARS-CoV-2, tendo apresentado 18 novos casos confirmados.<\/p>\n<p>Foi identificado no Concelho de Torres Vedras um novo\u00a0<em>cluster<\/em>\u00a0de casos de COVID-19, associados ao Lar Barro Senior Residence, no Barro, na freguesia de Santa Maria, S\u00e3o Pedro e Matac\u00e3es.<\/p>\n<p>Este\u00a0<em>cluster<\/em>\u00a0apresenta 50 casos ativos, dos quais 36 s\u00e3o utentes e 14 s\u00e3o funcion\u00e1rios. Foram testados 36 utentes e 29 funcion\u00e1rios.<\/p>\n<p>A situa\u00e7\u00e3o est\u00e1 a ser acompanhada pelas autoridades de sa\u00fade.<\/p>\n<p><strong> \u00a0 Fonte: ACM|CMTV<\/strong><\/p>\n","protected":false},"excerpt":{"rendered":"<p>A 13 de janeiro, o concelho de Torres Vedras apresentava 889 casos ativos de infe\u00e7\u00e3o por SARS-CoV-2, que se encontram a ser acompanhados pelas autoridades de sa\u00fade. Existiam 305 casos suspeitos a aguardar os resultados laboratoriais e 1363 contactos sob vigil\u00e2ncia ativa das autoridades de sa\u00fade. O Concelho apresentou 145 novos casos confirmados e 25 [&hellip;]<\/p>\n","protected":false},"author":2,"featured_media":557,"comment_status":"open","ping_status":"open","sticky":false,"template":"","format":"standard","meta":{"footnotes":""},"categories":[6,1],"tags":[],"class_list":["post-556","post","type-post","status-publish","format-standard","has-post-thumbnail","hentry","category-saude","category-uncategorized"],"_links":{"self":[{"href":"https:\/\/tintafresca.net\/index.php\/wp-json\/wp\/v2\/posts\/556","targetHints":{"allow":["GET"]}}],"collection":[{"href":"https:\/\/tintafresca.net\/index.php\/wp-json\/wp\/v2\/posts"}],"about":[{"href":"https:\/\/tintafresca.net\/index.php\/wp-json\/wp\/v2\/types\/post"}],"author":[{"embeddable":true,"href":"https:\/\/tintafresca.net\/index.php\/wp-json\/wp\/v2\/users\/2"}],"replies":[{"embeddable":true,"href":"https:\/\/tintafresca.net\/index.php\/wp-json\/wp\/v2\/comments?post=556"}],"version-history":[{"count":2,"href":"https:\/\/tintafresca.net\/index.php\/wp-json\/wp\/v2\/posts\/556\/revisions"}],"predecessor-version":[{"id":559,"href":"https:\/\/tintafresca.net\/index.php\/wp-json\/wp\/v2\/posts\/556\/revisions\/559"}],"wp:featuredmedia":[{"embeddable":true,"href":"https:\/\/tintafresca.net\/index.php\/wp-json\/wp\/v2\/media\/557"}],"wp:attachment":[{"href":"https:\/\/tintafresca.net\/index.php\/wp-json\/wp\/v2\/media?parent=556"}],"wp:term":[{"taxonomy":"category","embeddable":true,"href":"https:\/\/tintafresca.net\/index.php\/wp-json\/wp\/v2\/categories?post=556"},{"taxonomy":"post_tag","embeddable":true,"href":"https:\/\/tintafresca.net\/index.php\/wp-json\/wp\/v2\/tags?post=556"}],"curies":[{"name":"wp","href":"https:\/\/api.w.org\/{rel}","templated":true}]}}