{"id":5575,"date":"2021-07-04T21:21:01","date_gmt":"2021-07-04T21:21:01","guid":{"rendered":"https:\/\/tintafresca.net\/?p=5575"},"modified":"2021-07-04T21:21:01","modified_gmt":"2021-07-04T21:21:01","slug":"gnr-detem-homem-de-48-anos-por-violencia-domestica-no-concelho-de-almeirim","status":"publish","type":"post","link":"https:\/\/tintafresca.net\/index.php\/2021\/07\/04\/gnr-detem-homem-de-48-anos-por-violencia-domestica-no-concelho-de-almeirim\/","title":{"rendered":"GNR det\u00e9m homem de 48 anos por viol\u00eancia dom\u00e9stica no concelho de Almeirim"},"content":{"rendered":"<div id=\"attachment_1178\" style=\"width: 410px\" class=\"wp-caption alignleft\"><img loading=\"lazy\" decoding=\"async\" aria-describedby=\"caption-attachment-1178\" class=\"wp-image-1178\" src=\"https:\/\/tintafresca.net\/wp-content\/uploads\/2021\/02\/GNR.png\" alt=\"\" width=\"400\" height=\"271\" \/><p id=\"caption-attachment-1178\" class=\"wp-caption-text\">Militares da Guarda apuraram que o suspeito agredia f\u00edsica e psicologicamente a v\u00edtima, com quem esteve casado 20 anos<\/p><\/div>\n<p class=\"xwordsection1\" style=\"margin: 0cm; margin-bottom: .0001pt; text-align: justify; background: white;\">O Comando Territorial de Santar\u00e9m da GNR, atrav\u00e9s do N\u00facleo de Investiga\u00e7\u00e3o e Apoio a V\u00edtimas Espec\u00edficas (NIAVE) deteve, no dia 2 de julho, um homem de 48 anos por viol\u00eancia dom\u00e9stica, no concelho de Almeirim.<\/p>\n<p class=\"xwordsection1\" style=\"margin: 0cm; margin-bottom: .0001pt; text-align: justify; background: white;\">No \u00e2mbito de uma investiga\u00e7\u00e3o pelo crime de viol\u00eancia dom\u00e9stica, os militares da Guarda apuraram que o suspeito, agredia f\u00edsica e psicologicamente a v\u00edtima, sua companheira de 37 anos, com quem esteve casado 20 anos. No seguimento das dilig\u00eancias policiais apurou-se ainda que ap\u00f3s o fim da rela\u00e7\u00e3o, h\u00e1 cerca de um ano, o agressor saiu da resid\u00eancia que tinham em comum, e recusando-se a aceitar o fim da rela\u00e7\u00e3o passou a controlar o seu dia a dia, com persegui\u00e7\u00f5es e amea\u00e7as de morte constantes, causando medo e inquieta\u00e7\u00e3o na v\u00edtima.<\/p>\n<p class=\"wordsection1\" style=\"margin: 0cm; margin-bottom: .0001pt; text-align: justify;\">Ap\u00f3s cumprimento do mandado de deten\u00e7\u00e3o, o suspeito foi presente a primeiro interrogat\u00f3rio, no dia 2 de julho, no Tribunal Judicial de Santar\u00e9m, tendo-lhe sido aplicada a medida de coa\u00e7\u00e3o de proibi\u00e7\u00e3o de contacto com a v\u00edtima e de aproxima\u00e7\u00e3o \u00e0 sua resid\u00eancia e local de trabalho, controlado por pulseira eletr\u00f3nica e sujei\u00e7\u00e3o a tratamento de depend\u00eancia do \u00e1lcool.<\/p>\n<p><strong>\u00a0 \u00a0 Fonte: CTS|GNR<\/strong><\/p>\n","protected":false},"excerpt":{"rendered":"<p>O Comando Territorial de Santar\u00e9m da GNR, atrav\u00e9s do N\u00facleo de Investiga\u00e7\u00e3o e Apoio a V\u00edtimas Espec\u00edficas (NIAVE) deteve, no dia 2 de julho, um homem de 48 anos por viol\u00eancia dom\u00e9stica, no concelho de Almeirim. No \u00e2mbito de uma investiga\u00e7\u00e3o pelo crime de viol\u00eancia dom\u00e9stica, os militares da Guarda apuraram que o suspeito, agredia [&hellip;]<\/p>\n","protected":false},"author":2,"featured_media":1178,"comment_status":"open","ping_status":"open","sticky":false,"template":"","format":"standard","meta":{"footnotes":""},"categories":[11],"tags":[],"class_list":["post-5575","post","type-post","status-publish","format-standard","has-post-thumbnail","hentry","category-sociedade"],"_links":{"self":[{"href":"https:\/\/tintafresca.net\/index.php\/wp-json\/wp\/v2\/posts\/5575","targetHints":{"allow":["GET"]}}],"collection":[{"href":"https:\/\/tintafresca.net\/index.php\/wp-json\/wp\/v2\/posts"}],"about":[{"href":"https:\/\/tintafresca.net\/index.php\/wp-json\/wp\/v2\/types\/post"}],"author":[{"embeddable":true,"href":"https:\/\/tintafresca.net\/index.php\/wp-json\/wp\/v2\/users\/2"}],"replies":[{"embeddable":true,"href":"https:\/\/tintafresca.net\/index.php\/wp-json\/wp\/v2\/comments?post=5575"}],"version-history":[{"count":2,"href":"https:\/\/tintafresca.net\/index.php\/wp-json\/wp\/v2\/posts\/5575\/revisions"}],"predecessor-version":[{"id":5577,"href":"https:\/\/tintafresca.net\/index.php\/wp-json\/wp\/v2\/posts\/5575\/revisions\/5577"}],"wp:featuredmedia":[{"embeddable":true,"href":"https:\/\/tintafresca.net\/index.php\/wp-json\/wp\/v2\/media\/1178"}],"wp:attachment":[{"href":"https:\/\/tintafresca.net\/index.php\/wp-json\/wp\/v2\/media?parent=5575"}],"wp:term":[{"taxonomy":"category","embeddable":true,"href":"https:\/\/tintafresca.net\/index.php\/wp-json\/wp\/v2\/categories?post=5575"},{"taxonomy":"post_tag","embeddable":true,"href":"https:\/\/tintafresca.net\/index.php\/wp-json\/wp\/v2\/tags?post=5575"}],"curies":[{"name":"wp","href":"https:\/\/api.w.org\/{rel}","templated":true}]}}