{"id":573,"date":"2021-01-15T20:37:50","date_gmt":"2021-01-15T19:37:50","guid":{"rendered":"https:\/\/tintafresca.net\/?p=573"},"modified":"2021-01-15T20:37:50","modified_gmt":"2021-01-15T19:37:50","slug":"lares-e-ipss-do-concelho-de-alcobaca-vao-receber-esta-semana-a-vacina-contra-a-covid-19","status":"publish","type":"post","link":"https:\/\/tintafresca.net\/index.php\/2021\/01\/15\/lares-e-ipss-do-concelho-de-alcobaca-vao-receber-esta-semana-a-vacina-contra-a-covid-19\/","title":{"rendered":"Lares e IPSS do concelho de Alcoba\u00e7a v\u00e3o receber esta semana a vacina contra a Covid-19"},"content":{"rendered":"<div id=\"attachment_574\" style=\"width: 510px\" class=\"wp-caption alignleft\"><img loading=\"lazy\" decoding=\"async\" aria-describedby=\"caption-attachment-574\" class=\"wp-image-574 size-full\" src=\"https:\/\/tintafresca.net\/wp-content\/uploads\/2021\/01\/Alcobaca_Misericordia10.jpg\" alt=\"\" width=\"500\" height=\"281\" srcset=\"https:\/\/tintafresca.net\/wp-content\/uploads\/2021\/01\/Alcobaca_Misericordia10.jpg 500w, https:\/\/tintafresca.net\/wp-content\/uploads\/2021\/01\/Alcobaca_Misericordia10-300x169.jpg 300w\" sizes=\"auto, (max-width: 500px) 100vw, 500px\" \/><p id=\"caption-attachment-574\" class=\"wp-caption-text\">Lar da Miseric\u00f3rdia de Alcoba\u00e7a<\/p><\/div>\n<p>\u201c\u00c9 com enorme satisfa\u00e7\u00e3o que anuncio que durante toda a pr\u00f3xima semana, todos os utentes e funcion\u00e1rios dos lares e IPSS do concelho ir\u00e3o ser sujeitos \u00e0 primeira toma da vacina contra a Covid-19\u201d, informou o presidente da C\u00e2mara Municipal de Alcoba\u00e7a esta sexta-feira, dia 13 de janeiro. Segundo Paulo In\u00e1cio, trata-se de \u201cuma megaopera\u00e7\u00e3o articulada entre a C\u00e2mara Municipal de Alcoba\u00e7a e a ARS-LVT que durar\u00e1 de 2\u00aa \u00e0 6\u00aa feira com o objetivo de n\u00e3o deixar ningu\u00e9m para tr\u00e1s, para que todos os utentes e funcion\u00e1rios das nossas institui\u00e7\u00f5es fiquem desde j\u00e1 vacinados com a primeira toma.\u201d<\/p>\n","protected":false},"excerpt":{"rendered":"<p>\u201c\u00c9 com enorme satisfa\u00e7\u00e3o que anuncio que durante toda a pr\u00f3xima semana, todos os utentes e funcion\u00e1rios dos lares e IPSS do concelho ir\u00e3o ser sujeitos \u00e0 primeira toma da vacina contra a Covid-19\u201d, informou o presidente da C\u00e2mara Municipal de Alcoba\u00e7a esta sexta-feira, dia 13 de janeiro. Segundo Paulo In\u00e1cio, trata-se de \u201cuma megaopera\u00e7\u00e3o [&hellip;]<\/p>\n","protected":false},"author":2,"featured_media":575,"comment_status":"open","ping_status":"open","sticky":false,"template":"","format":"standard","meta":{"footnotes":""},"categories":[6,1],"tags":[],"class_list":["post-573","post","type-post","status-publish","format-standard","has-post-thumbnail","hentry","category-saude","category-uncategorized"],"_links":{"self":[{"href":"https:\/\/tintafresca.net\/index.php\/wp-json\/wp\/v2\/posts\/573","targetHints":{"allow":["GET"]}}],"collection":[{"href":"https:\/\/tintafresca.net\/index.php\/wp-json\/wp\/v2\/posts"}],"about":[{"href":"https:\/\/tintafresca.net\/index.php\/wp-json\/wp\/v2\/types\/post"}],"author":[{"embeddable":true,"href":"https:\/\/tintafresca.net\/index.php\/wp-json\/wp\/v2\/users\/2"}],"replies":[{"embeddable":true,"href":"https:\/\/tintafresca.net\/index.php\/wp-json\/wp\/v2\/comments?post=573"}],"version-history":[{"count":1,"href":"https:\/\/tintafresca.net\/index.php\/wp-json\/wp\/v2\/posts\/573\/revisions"}],"predecessor-version":[{"id":576,"href":"https:\/\/tintafresca.net\/index.php\/wp-json\/wp\/v2\/posts\/573\/revisions\/576"}],"wp:featuredmedia":[{"embeddable":true,"href":"https:\/\/tintafresca.net\/index.php\/wp-json\/wp\/v2\/media\/575"}],"wp:attachment":[{"href":"https:\/\/tintafresca.net\/index.php\/wp-json\/wp\/v2\/media?parent=573"}],"wp:term":[{"taxonomy":"category","embeddable":true,"href":"https:\/\/tintafresca.net\/index.php\/wp-json\/wp\/v2\/categories?post=573"},{"taxonomy":"post_tag","embeddable":true,"href":"https:\/\/tintafresca.net\/index.php\/wp-json\/wp\/v2\/tags?post=573"}],"curies":[{"name":"wp","href":"https:\/\/api.w.org\/{rel}","templated":true}]}}