{"id":586,"date":"2021-01-16T12:42:20","date_gmt":"2021-01-16T11:42:20","guid":{"rendered":"https:\/\/tintafresca.net\/?p=586"},"modified":"2021-01-16T12:43:37","modified_gmt":"2021-01-16T11:43:37","slug":"concelho-de-torres-vedras-ultrapassa-os-mil-casos-ativos-de-infecao-por-sars-cov-2-2","status":"publish","type":"post","link":"https:\/\/tintafresca.net\/index.php\/2021\/01\/16\/concelho-de-torres-vedras-ultrapassa-os-mil-casos-ativos-de-infecao-por-sars-cov-2-2\/","title":{"rendered":"Concelho de Torres Vedras ultrapassa os mil casos ativos de infe\u00e7\u00e3o por SARS-CoV-2"},"content":{"rendered":"<div id=\"attachment_498\" style=\"width: 510px\" class=\"wp-caption alignleft\"><img loading=\"lazy\" decoding=\"async\" aria-describedby=\"caption-attachment-498\" class=\"wp-image-498 size-full\" src=\"https:\/\/tintafresca.net\/wp-content\/uploads\/2021\/01\/TV_CHO20.jpg\" alt=\"\" width=\"500\" height=\"375\" srcset=\"https:\/\/tintafresca.net\/wp-content\/uploads\/2021\/01\/TV_CHO20.jpg 500w, https:\/\/tintafresca.net\/wp-content\/uploads\/2021\/01\/TV_CHO20-300x225.jpg 300w\" sizes=\"auto, (max-width: 500px) 100vw, 500px\" \/><p id=\"caption-attachment-498\" class=\"wp-caption-text\">Hospital de Torres Vedras<\/p><\/div>\n<p>A 14 de janeiro, o concelho de Torres Vedras registava 1015 casos ativos de infe\u00e7\u00e3o por SARS-CoV-2, que se encontram a ser acompanhados pelas autoridades de sa\u00fade. Existiam 327 casos suspeitos a aguardar os resultados laboratoriais e 1493 contactos sob vigil\u00e2ncia ativa das autoridades de sa\u00fade. O Concelho apresentou 153 novos casos confirmados e 23 novos casos recuperados. Infelizmente, o Concelho registou, ainda, quatro novos \u00f3bitos. A Unidade de Torres Vedras do Centro Hospitalar do Oeste j\u00e1 atingiu o limite de capacidade de tratamento de doentes.<\/p>\n<p>At\u00e9 ao momento, n\u00e3o foi poss\u00edvel atualizar a distribui\u00e7\u00e3o por freguesias dos novos casos confirmados e novos casos recuperados de dia 14 de janeiro. Esta informa\u00e7\u00e3o ser\u00e1 atualizada assim que poss\u00edvel.<\/p>\n<p>No total, foram contabilizados 3185 casos confirmados, dos quais 2126 recuperados. Desde que a pandemia chegou ao Concelho, h\u00e1, infelizmente, 44 \u00f3bitos a lamentar.<\/p>\n<p><strong>Situa\u00e7\u00e3o epidemiol\u00f3gica em empresas agr\u00edcolas<\/strong><\/p>\n<p>O cluster de casos de COVID-19 associados a empresas agr\u00edcolas contava com um caso ativo de infe\u00e7\u00e3o por SARS-CoV-2, tendo registado cinco novos casos recuperados.<\/p>\n<p><strong>Situa\u00e7\u00e3o epidemiol\u00f3gica no Lar Vida Maior<\/strong><\/p>\n<p>O cluster de COVID-19 localizado no Lar Vida Maior, em Maceira, na freguesia de Uni\u00e3o das Freguesias de A dos Cunhados e Maceira, contava com um caso ativo de infe\u00e7\u00e3o por SARS-CoV-2, tendo registado cinco novos casos recuperados e um \u00f3bito.<\/p>\n<p><strong>Situa\u00e7\u00e3o epidemiol\u00f3gica no Hospital de Torres Vedras<\/strong><\/p>\n<p>O cluster de casos de COVID-19 associados ao Hospital de Torres Vedras registava 134 casos ativos de infe\u00e7\u00e3o por SARS-CoV-2, apresentando quatro novos casos confirmados e quatro novos casos recuperados.<\/p>\n<p><strong>Situa\u00e7\u00e3o epidemiol\u00f3gica no Lar de S\u00e3o Jos\u00e9<\/strong><\/p>\n<p>O cluster de casos de COVID-19 no Lar de S\u00e3o Jos\u00e9, na cidade de Torres Vedras, apresentava 122 casos ativos de infe\u00e7\u00e3o por SARS-CoV-2, tendo registado dois novos \u00f3bitos.<\/p>\n<p><strong>Situa\u00e7\u00e3o epidemiol\u00f3gica no Lar de Nossa Senhora do Carmo<\/strong><\/p>\n<p>O cluster de casos de COVID-19 localizado no Lar de Nossa Senhora do Carmo, em Ordasqueira, contava com 96 casos ativos de infe\u00e7\u00e3o por SARS-CoV-2.<\/p>\n<p><strong>Situa\u00e7\u00e3o epidemiol\u00f3gica no Lar Barro Senior Residence<\/strong><\/p>\n<p>O cluster de casos de COVID-19 no Lar Barro Senior Residence, no Barro, na freguesia de Santa Maria, S\u00e3o Pedro e Matac\u00e3es, apresentava 50 casos ativos de infe\u00e7\u00e3o por SARS-CoV-2.<\/p>\n<p><strong>\u00a0 \u00a0 Fonte: ACM|CMTV<\/strong><\/p>\n","protected":false},"excerpt":{"rendered":"<p>A 14 de janeiro, o concelho de Torres Vedras registava 1015 casos ativos de infe\u00e7\u00e3o por SARS-CoV-2, que se encontram a ser acompanhados pelas autoridades de sa\u00fade. Existiam 327 casos suspeitos a aguardar os resultados laboratoriais e 1493 contactos sob vigil\u00e2ncia ativa das autoridades de sa\u00fade. O Concelho apresentou 153 novos casos confirmados e 23 [&hellip;]<\/p>\n","protected":false},"author":2,"featured_media":580,"comment_status":"open","ping_status":"open","sticky":false,"template":"","format":"standard","meta":{"footnotes":""},"categories":[3,6],"tags":[],"class_list":["post-586","post","type-post","status-publish","format-standard","has-post-thumbnail","hentry","category-destaques","category-saude"],"_links":{"self":[{"href":"https:\/\/tintafresca.net\/index.php\/wp-json\/wp\/v2\/posts\/586","targetHints":{"allow":["GET"]}}],"collection":[{"href":"https:\/\/tintafresca.net\/index.php\/wp-json\/wp\/v2\/posts"}],"about":[{"href":"https:\/\/tintafresca.net\/index.php\/wp-json\/wp\/v2\/types\/post"}],"author":[{"embeddable":true,"href":"https:\/\/tintafresca.net\/index.php\/wp-json\/wp\/v2\/users\/2"}],"replies":[{"embeddable":true,"href":"https:\/\/tintafresca.net\/index.php\/wp-json\/wp\/v2\/comments?post=586"}],"version-history":[{"count":2,"href":"https:\/\/tintafresca.net\/index.php\/wp-json\/wp\/v2\/posts\/586\/revisions"}],"predecessor-version":[{"id":588,"href":"https:\/\/tintafresca.net\/index.php\/wp-json\/wp\/v2\/posts\/586\/revisions\/588"}],"wp:featuredmedia":[{"embeddable":true,"href":"https:\/\/tintafresca.net\/index.php\/wp-json\/wp\/v2\/media\/580"}],"wp:attachment":[{"href":"https:\/\/tintafresca.net\/index.php\/wp-json\/wp\/v2\/media?parent=586"}],"wp:term":[{"taxonomy":"category","embeddable":true,"href":"https:\/\/tintafresca.net\/index.php\/wp-json\/wp\/v2\/categories?post=586"},{"taxonomy":"post_tag","embeddable":true,"href":"https:\/\/tintafresca.net\/index.php\/wp-json\/wp\/v2\/tags?post=586"}],"curies":[{"name":"wp","href":"https:\/\/api.w.org\/{rel}","templated":true}]}}