{"id":6487,"date":"2021-08-05T15:40:55","date_gmt":"2021-08-05T15:40:55","guid":{"rendered":"https:\/\/tintafresca.net\/?p=6487"},"modified":"2021-08-05T15:49:02","modified_gmt":"2021-08-05T15:49:02","slug":"centro-hospitalar-de-leiria-volta-a-permitir-a-entrada-de-acompanhante-cuidador-visitas-no-hospital-de-alcobaca","status":"publish","type":"post","link":"https:\/\/tintafresca.net\/index.php\/2021\/08\/05\/centro-hospitalar-de-leiria-volta-a-permitir-a-entrada-de-acompanhante-cuidador-visitas-no-hospital-de-alcobaca\/","title":{"rendered":"Centro Hospitalar de Leiria volta a permitir a entrada de visitas no Hospital de Alcoba\u00e7a"},"content":{"rendered":"<div id=\"attachment_4249\" style=\"width: 510px\" class=\"wp-caption alignleft\"><img loading=\"lazy\" decoding=\"async\" aria-describedby=\"caption-attachment-4249\" class=\"wp-image-4249 size-full\" src=\"https:\/\/tintafresca.net\/wp-content\/uploads\/2021\/05\/Alcobaca_Hospital30.jpg\" alt=\"\" width=\"500\" height=\"281\" \/><p id=\"caption-attachment-4249\" class=\"wp-caption-text\">Hospital de Alcoba\u00e7a Bernardino Lopes de Oliveira<\/p><\/div>\n<p>Ap\u00f3s a suspens\u00e3o tempor\u00e1ria da entrada de acompanhante\/cuidador\/visitas no Hospital de Alcoba\u00e7a Bernardino Lopes de Oliveira (HABLO), em vigor desde o dia 8 de julho, devido ao crescimento epid\u00e9mico da Covid-19 verificado na regi\u00e3o de Alcoba\u00e7a, o Grupo Coordenador Local do Programa de Preven\u00e7\u00e3o e Controlo de Infe\u00e7\u00f5es e de Resist\u00eancia aos Antimicrobianos (GCL-PPCIRA) do Centro Hospitalar de Leiria (CHL) prop\u00f4s retomar as visitas em seguran\u00e7a, depois da sua reavalia\u00e7\u00e3o semanal. O Conselho de Administra\u00e7\u00e3o do CHL deliberou na sua reuni\u00e3o de 4 de agosto, a revoga\u00e7\u00e3o da suspens\u00e3o tempor\u00e1ria da entrada de acompanhante\/cuidador\/visitas no HABLO, com efeitos a partir desta quinta-feira, 5 de agosto.<\/p>\n<p>Recorde-se que o n\u00famero de casos de COVID-19 tem vindo a diminuir, passando de 92 casos no dia 22 de julho para 51 casos, no dia 3 de agosto.<\/p>\n<p>O CHL agradece \u00e0 comunidade a compreens\u00e3o e cumprimento da medida anteriormente tomada.<\/p>\n<p><strong>Hor\u00e1rios no HABLO<\/strong><\/p>\n<p><strong>&#8211; Medicina Interna <\/strong><\/p>\n<table style=\"height: 180px;\" width=\"434\">\n<tbody>\n<tr>\n<td width=\"139\">Camas Pares<\/td>\n<td width=\"139\">Camas \u00cdmpares<\/td>\n<\/tr>\n<tr>\n<td width=\"139\">2\u00aa feira 18:30-19:00<\/p>\n<p>S\u00e1bado 19:00-20:00<\/td>\n<td width=\"139\">3\u00aa feira 18:30-19:00<\/p>\n<p>Domingo 19:00-20:00<\/td>\n<\/tr>\n<\/tbody>\n<\/table>\n<p>&#8211; Unidade de Internamento de Curta Dura\u00e7\u00e3o (UICD): 19h00-19h30 (quartas-feiras, sextas-feiras)<\/p>\n<p><strong>\u00a0 \u00a0Fonte: Midlandcom<\/strong><\/p>\n<p>&nbsp;<\/p>\n","protected":false},"excerpt":{"rendered":"<p>Ap\u00f3s a suspens\u00e3o tempor\u00e1ria da entrada de acompanhante\/cuidador\/visitas no Hospital de Alcoba\u00e7a Bernardino Lopes de Oliveira (HABLO), em vigor desde o dia 8 de julho, devido ao crescimento epid\u00e9mico da Covid-19 verificado na regi\u00e3o de Alcoba\u00e7a, o Grupo Coordenador Local do Programa de Preven\u00e7\u00e3o e Controlo de Infe\u00e7\u00f5es e de Resist\u00eancia aos Antimicrobianos (GCL-PPCIRA) do [&hellip;]<\/p>\n","protected":false},"author":2,"featured_media":6490,"comment_status":"open","ping_status":"open","sticky":false,"template":"","format":"standard","meta":{"footnotes":""},"categories":[1],"tags":[],"class_list":["post-6487","post","type-post","status-publish","format-standard","has-post-thumbnail","hentry","category-uncategorized"],"_links":{"self":[{"href":"https:\/\/tintafresca.net\/index.php\/wp-json\/wp\/v2\/posts\/6487","targetHints":{"allow":["GET"]}}],"collection":[{"href":"https:\/\/tintafresca.net\/index.php\/wp-json\/wp\/v2\/posts"}],"about":[{"href":"https:\/\/tintafresca.net\/index.php\/wp-json\/wp\/v2\/types\/post"}],"author":[{"embeddable":true,"href":"https:\/\/tintafresca.net\/index.php\/wp-json\/wp\/v2\/users\/2"}],"replies":[{"embeddable":true,"href":"https:\/\/tintafresca.net\/index.php\/wp-json\/wp\/v2\/comments?post=6487"}],"version-history":[{"count":3,"href":"https:\/\/tintafresca.net\/index.php\/wp-json\/wp\/v2\/posts\/6487\/revisions"}],"predecessor-version":[{"id":6491,"href":"https:\/\/tintafresca.net\/index.php\/wp-json\/wp\/v2\/posts\/6487\/revisions\/6491"}],"wp:featuredmedia":[{"embeddable":true,"href":"https:\/\/tintafresca.net\/index.php\/wp-json\/wp\/v2\/media\/6490"}],"wp:attachment":[{"href":"https:\/\/tintafresca.net\/index.php\/wp-json\/wp\/v2\/media?parent=6487"}],"wp:term":[{"taxonomy":"category","embeddable":true,"href":"https:\/\/tintafresca.net\/index.php\/wp-json\/wp\/v2\/categories?post=6487"},{"taxonomy":"post_tag","embeddable":true,"href":"https:\/\/tintafresca.net\/index.php\/wp-json\/wp\/v2\/tags?post=6487"}],"curies":[{"name":"wp","href":"https:\/\/api.w.org\/{rel}","templated":true}]}}