{"id":6587,"date":"2021-08-08T23:59:27","date_gmt":"2021-08-08T23:59:27","guid":{"rendered":"https:\/\/tintafresca.net\/?p=6587"},"modified":"2021-08-09T00:00:18","modified_gmt":"2021-08-09T00:00:18","slug":"dia-mundial-do-cerebro-a-importancia-de-controlar-os-fatores-de-risco-cerebrovascular","status":"publish","type":"post","link":"https:\/\/tintafresca.net\/index.php\/2021\/08\/08\/dia-mundial-do-cerebro-a-importancia-de-controlar-os-fatores-de-risco-cerebrovascular\/","title":{"rendered":"Dia Mundial do C\u00e9rebro: a import\u00e2ncia de controlar os fatores de risco cerebrovascular"},"content":{"rendered":"<div id=\"attachment_6588\" style=\"width: 360px\" class=\"wp-caption alignleft\"><img loading=\"lazy\" decoding=\"async\" aria-describedby=\"caption-attachment-6588\" class=\"wp-image-6588 size-full\" src=\"https:\/\/tintafresca.net\/wp-content\/uploads\/2021\/08\/Medico_Hipolito-Nzwalo10.jpg\" alt=\"\" width=\"350\" height=\"277\" \/><p id=\"caption-attachment-6588\" class=\"wp-caption-text\">Dr. Hip\u00f3lito Nzwalo<\/p><\/div>\n<p>O Dia Mundial do C\u00e9rebro, uma iniciativa da Federa\u00e7\u00e3o Mundial de Neurologia, comemora-se anualmente no dia 22 de Julho. Este ano \u00e9 dedicado a Esclerose M\u00faltipla, doen\u00e7a inflamat\u00f3ria do sistema nervoso central, que afeta mais de 2.8 milh\u00f5es de pessoas a n\u00edvel mundial. O contributo dos fatores de risco cerebrovascular no progn\u00f3stico da esclerose m\u00faltipla vem sendo progressivamente demonstrado.<\/p>\n<p>Tal como para a preven\u00e7\u00e3o prim\u00e1ria ou secund\u00e1ria do AVC, o tratamento adequado da hipertens\u00e3o arterial, diabetes, a redu\u00e7\u00e3o do peso, o exerc\u00edcio f\u00edsico adequado e a cessa\u00e7\u00e3o tab\u00e1gica s\u00e3o de import\u00e2ncia determinante para os doentes com esclerose m\u00faltipla. Um bom controlo destes fatores de risco est\u00e1 associado a redu\u00e7\u00e3o da inflama\u00e7\u00e3o e da ocorr\u00eancia de surtos ou agudiza\u00e7\u00f5es nos doentes com esclerose m\u00faltipla.<\/p>\n<p>Contudo, importa real\u00e7ar que, independentemente da presen\u00e7a dos tradicionais fatores de risco vascular, em indiv\u00edduos com mais de 40 anos, a esclerose m\u00faltipla est\u00e1 associada a um risco maior de ocorr\u00eancia do AVC. Numa meta-an\u00e1lise de 9 estudos com cerca de 380 mil participantes, concluiu-se que em compara\u00e7\u00e3o com adultos do mesmo grupo et\u00e1rio, os doentes com esclerose m\u00faltipla tinham pelo menos o dobro do risco de sofrer um AVC num ano.<\/p>\n<p>Assim, sendo verdade que a promo\u00e7\u00e3o de estilos de vida saud\u00e1veis \u00e9 uma arma universal para promo\u00e7\u00e3o da sa\u00fade do c\u00e9rebro, pelo crescente aumento da sobrevida em qualidade dos doentes com esclerose m\u00faltipla, \u00e9 fundamental uma aten\u00e7\u00e3o maior na preven\u00e7\u00e3o prim\u00e1ria de complica\u00e7\u00f5es vasculares, com particular enfase no AVC.<\/p>\n<p>Entre outros, os doentes com esclerose m\u00faltipla devem avaliar regularmente a sua tens\u00e3o arterial, ter pelo menos 150 minutos de atividade f\u00edsica moderada semanal, adotar uma alimenta\u00e7\u00e3o equilibrada e, quando indicado, cumprir com o tratamento da hipertens\u00e3o, diabetes ou dislipid\u00e9mia. O c\u00e9rebro agradece, contribui para o controlo da esclerose m\u00faltipla e ajuda a prevenir o AVC.<\/p>\n<p><strong> \u00a0 Prof. Doutor Hip\u00f3lito Nzwalo<\/strong><br \/>\nMembro da Comiss\u00e3o Cient\u00edfica da Sociedade Portuguesa de AVC<br \/>\nFaculdade de Medicina e Ci\u00eancias Biom\u00e9dicas, Universidade do Algarve<br \/>\nUnidade de AVC, Centro Hospitalar Universit\u00e1rio do Algarve<\/p>\n","protected":false},"excerpt":{"rendered":"<p>O Dia Mundial do C\u00e9rebro, uma iniciativa da Federa\u00e7\u00e3o Mundial de Neurologia, comemora-se anualmente no dia 22 de Julho. Este ano \u00e9 dedicado a Esclerose M\u00faltipla, doen\u00e7a inflamat\u00f3ria do sistema nervoso central, que afeta mais de 2.8 milh\u00f5es de pessoas a n\u00edvel mundial. O contributo dos fatores de risco cerebrovascular no progn\u00f3stico da esclerose m\u00faltipla [&hellip;]<\/p>\n","protected":false},"author":2,"featured_media":6589,"comment_status":"open","ping_status":"open","sticky":false,"template":"","format":"standard","meta":{"footnotes":""},"categories":[4],"tags":[],"class_list":["post-6587","post","type-post","status-publish","format-standard","has-post-thumbnail","hentry","category-opiniao"],"_links":{"self":[{"href":"https:\/\/tintafresca.net\/index.php\/wp-json\/wp\/v2\/posts\/6587","targetHints":{"allow":["GET"]}}],"collection":[{"href":"https:\/\/tintafresca.net\/index.php\/wp-json\/wp\/v2\/posts"}],"about":[{"href":"https:\/\/tintafresca.net\/index.php\/wp-json\/wp\/v2\/types\/post"}],"author":[{"embeddable":true,"href":"https:\/\/tintafresca.net\/index.php\/wp-json\/wp\/v2\/users\/2"}],"replies":[{"embeddable":true,"href":"https:\/\/tintafresca.net\/index.php\/wp-json\/wp\/v2\/comments?post=6587"}],"version-history":[{"count":1,"href":"https:\/\/tintafresca.net\/index.php\/wp-json\/wp\/v2\/posts\/6587\/revisions"}],"predecessor-version":[{"id":6590,"href":"https:\/\/tintafresca.net\/index.php\/wp-json\/wp\/v2\/posts\/6587\/revisions\/6590"}],"wp:featuredmedia":[{"embeddable":true,"href":"https:\/\/tintafresca.net\/index.php\/wp-json\/wp\/v2\/media\/6589"}],"wp:attachment":[{"href":"https:\/\/tintafresca.net\/index.php\/wp-json\/wp\/v2\/media?parent=6587"}],"wp:term":[{"taxonomy":"category","embeddable":true,"href":"https:\/\/tintafresca.net\/index.php\/wp-json\/wp\/v2\/categories?post=6587"},{"taxonomy":"post_tag","embeddable":true,"href":"https:\/\/tintafresca.net\/index.php\/wp-json\/wp\/v2\/tags?post=6587"}],"curies":[{"name":"wp","href":"https:\/\/api.w.org\/{rel}","templated":true}]}}