{"id":6591,"date":"2021-08-09T00:10:32","date_gmt":"2021-08-09T00:10:32","guid":{"rendered":"https:\/\/tintafresca.net\/?p=6591"},"modified":"2021-08-09T00:15:08","modified_gmt":"2021-08-09T00:15:08","slug":"confianca-politica-versus-influencia-politica","status":"publish","type":"post","link":"https:\/\/tintafresca.net\/index.php\/2021\/08\/09\/confianca-politica-versus-influencia-politica\/","title":{"rendered":"\u00abConfian\u00e7a pol\u00edtica\u00bb versus \u00abinflu\u00eancia pol\u00edtica\u00bb"},"content":{"rendered":"<p><img loading=\"lazy\" decoding=\"async\" class=\"alignleft wp-image-6593 size-full\" src=\"https:\/\/tintafresca.net\/wp-content\/uploads\/2021\/08\/BE_Leiria.png\" alt=\"\" width=\"225\" height=\"225\" \/>Ricardo Vicente, deputado eleito pelo c\u00edrculo eleitoral de Leiria pelo BE e l\u00edder da comiss\u00e3o coordenadora distrital do nosso partido, confrontado com a pergunta, assente na delibera\u00e7\u00e3o desse \u00f3rg\u00e3o pol\u00edtico de que \u00abn\u00e3o havia condi\u00e7\u00f5es pol\u00edticas para o BE concorrer \u00e0s elei\u00e7\u00f5es aut\u00e1rquicas em Alcoba\u00e7a\u00bb, referiu que nos 16 concelhos do distrito \u00abapenas sete re\u00fanem condi\u00e7\u00f5es pol\u00edticas para realizar candidaturas\u00bb, e, disse mais, \u00abo facto de n\u00e3o haver candidatura em Alcoba\u00e7a n\u00e3o resulta dos conflitos com estes tr\u00eas aderentes, resulta da influ\u00eancia pol\u00edtica<br \/>\nque Alcoba\u00e7a e outros t\u00eam\u00bb.<\/p>\n<p>Primeiro, \u00abestes tr\u00eas aderentes\u00bb s\u00e3o Adelino Granja, Ant\u00f3nio Delgado e Manuel Canelas, precisamente, os candidatos nas anteriores elei\u00e7\u00f5es aut\u00e1rquicas (2017).<\/p>\n<p>N\u00f3s questionamos, o que se entende por \u00abconfian\u00e7a pol\u00edtica\u00bb e \u00abinflu\u00eancia pol\u00edtica\u00bb? A Coordenadora de Leiria do BE, em 30 de abril \u00faltimo retirou-nos a \u00abconfian\u00e7a pol\u00edtica\u00bb, sem nos ter sido dado qualquer possibilidade de conhecer os factos e de expormos os nossos direitos de defesa. At\u00e9 hoje desconhecemos.<\/p>\n<p>Mais, nessa mesma delibera\u00e7\u00e3o consta a proibi\u00e7\u00e3o de n\u00f3s integrarmos \u00abos tr\u00eas primeiros lugares de listas do BE \u00e0s aut\u00e1rquicas em Alcoba\u00e7a\u00bb (!)<\/p>\n<p>At\u00e9 hoje ainda n\u00e3o nos receberam, nem sequer nos facultaram as provas em que assenta a referida delibera\u00e7\u00e3o.<\/p>\n<p>Aqui chegados, perguntamos o que se entende por \u00abconfian\u00e7a pol\u00edtica\u00bb? Onde come\u00e7a e acaba este ato? Quando n\u00e3o se concorda com a posi\u00e7\u00e3o pol\u00edtica de cada cidad\u00e3o, que expressa livremente a sua posi\u00e7\u00e3o pol\u00edtica, decide-se o caminho mais f\u00e1cil, retirar arbitrariamente a confian\u00e7a, dita pol\u00edtica.<\/p>\n<p>Daqui se conclui pela enorme contradi\u00e7\u00e3o de Ricardo Vicente quando refere que \u00abn\u00e3o haver candidatura em alcoba\u00e7a n\u00e3o resulta dos conflitos com estes tr\u00eas aderentes\u00bb, pelo facto de termos sido ao longo dos \u00faltimos anos a voz e a refer\u00eancia do BE em Alcoba\u00e7a. N\u00e3o nos ser permitida a participa\u00e7\u00e3o em listas, \u00e9 que levou a Coordenadora a considerar n\u00e3o existirem condi\u00e7\u00f5es pol\u00edticas para a constitui\u00e7\u00e3o de listas em Alcoba\u00e7a.<\/p>\n<p>E vejamos a enorme inverdade sobre a \u00abinflu\u00eancia pol\u00edtica\u00bb de Alcoba\u00e7a, relativamente a outros concelhos de Leiria. Ricardo Vicente ou est\u00e1 perturbado, ou desconhece a realidade enquanto foi funcion\u00e1rio do partido.<\/p>\n<p>Alcoba\u00e7a, em termos de resultados eleitorais para o BE, \u00e9 o quarto concelho de maior vulto em Leiria. Desde 2005 que foram constitu\u00eddas listas aut\u00e1rquicas neste concelho. Nas legislativas de 2019, a lista do BE encabe\u00e7ada por Ricardo Vicente, obteve 2.273 votos. Pelo que deveria respeitar todos esses eleitores que o mandataram para os representar.<\/p>\n<p>Que \u00abinflu\u00eancia pol\u00edtica\u00bb n\u00e3o existe em Alcoba\u00e7a? Os votantes no BE para as legislativas foram politicamente insuficientes? Nas aut\u00e1rquicas de 2005, 2009, 2013 e 2017, Alcoba\u00e7a n\u00e3o tinha \u00abinflu\u00eancia pol\u00edtica\u00bb?<\/p>\n<p>Um deputado, eleito com base nos votos dos eleitores de Alcoba\u00e7a, deveria congregar esfor\u00e7os para fazer crescer o partido em que se apoia, e n\u00e3o se dar ao prazer de, sabe-se l\u00e1 por que raz\u00e3o, e a mando de quem, retirar o concelho de Alcoba\u00e7a e os seus eleitores, do mapa de concelhos com falta de \u00abinflu\u00eancia pol\u00edtica\u00bb.<\/p>\n<p>Seguindo o pensamento de quem profere tais adjetivos, para n\u00f3s, lesados, sem o m\u00ednimo de prova e possibilidade de defesa, estamos perante algu\u00e9m ao qual se pode questionar se possui \u00abinflu\u00eancia pol\u00edtica\u00bb em Alcoba\u00e7a para ter \u00abconfian\u00e7a pol\u00edtica\u00bb por todos os eleitores, para o exerc\u00edcio do seu mandato de deputado. Alcoba\u00e7a e o Bloco mereciam melhor!<\/p>\n<p>A todos os eleitores de Alcoba\u00e7a que t\u00eam acreditado no Bloco de Esquerda, nomeadamente nas anteriores elei\u00e7\u00f5es aut\u00e1rquicas, expressamos o nosso respeito, o direito e o dever de os informar por que raz\u00e3o no pr\u00f3ximo dia 26 de setembro, n\u00e3o encontram o s\u00edmbolo do nosso partido nos boletins de voto.<\/p>\n<p>N\u00e3o s\u00e3o s\u00f3 os eleitores que perdem. \u00c9 acima de tudo o Bloco de Esquerda. E os respons\u00e1veis ter\u00e3o que ser chamados \u00e0 Raz\u00e3o!<\/p>\n<p><strong>Adelino Granja<\/strong><br \/>\n<strong>Ant\u00f3nio Delgado<\/strong><br \/>\n<strong>Manuel Canelas<\/strong><\/p>\n","protected":false},"excerpt":{"rendered":"<p>Ricardo Vicente, deputado eleito pelo c\u00edrculo eleitoral de Leiria pelo BE e l\u00edder da comiss\u00e3o coordenadora distrital do nosso partido, confrontado com a pergunta, assente na delibera\u00e7\u00e3o desse \u00f3rg\u00e3o pol\u00edtico de que \u00abn\u00e3o havia condi\u00e7\u00f5es pol\u00edticas para o BE concorrer \u00e0s elei\u00e7\u00f5es aut\u00e1rquicas em Alcoba\u00e7a\u00bb, referiu que nos 16 concelhos do distrito \u00abapenas sete re\u00fanem [&hellip;]<\/p>\n","protected":false},"author":2,"featured_media":6595,"comment_status":"open","ping_status":"open","sticky":false,"template":"","format":"standard","meta":{"footnotes":""},"categories":[4],"tags":[],"class_list":["post-6591","post","type-post","status-publish","format-standard","has-post-thumbnail","hentry","category-opiniao"],"_links":{"self":[{"href":"https:\/\/tintafresca.net\/index.php\/wp-json\/wp\/v2\/posts\/6591","targetHints":{"allow":["GET"]}}],"collection":[{"href":"https:\/\/tintafresca.net\/index.php\/wp-json\/wp\/v2\/posts"}],"about":[{"href":"https:\/\/tintafresca.net\/index.php\/wp-json\/wp\/v2\/types\/post"}],"author":[{"embeddable":true,"href":"https:\/\/tintafresca.net\/index.php\/wp-json\/wp\/v2\/users\/2"}],"replies":[{"embeddable":true,"href":"https:\/\/tintafresca.net\/index.php\/wp-json\/wp\/v2\/comments?post=6591"}],"version-history":[{"count":2,"href":"https:\/\/tintafresca.net\/index.php\/wp-json\/wp\/v2\/posts\/6591\/revisions"}],"predecessor-version":[{"id":6594,"href":"https:\/\/tintafresca.net\/index.php\/wp-json\/wp\/v2\/posts\/6591\/revisions\/6594"}],"wp:featuredmedia":[{"embeddable":true,"href":"https:\/\/tintafresca.net\/index.php\/wp-json\/wp\/v2\/media\/6595"}],"wp:attachment":[{"href":"https:\/\/tintafresca.net\/index.php\/wp-json\/wp\/v2\/media?parent=6591"}],"wp:term":[{"taxonomy":"category","embeddable":true,"href":"https:\/\/tintafresca.net\/index.php\/wp-json\/wp\/v2\/categories?post=6591"},{"taxonomy":"post_tag","embeddable":true,"href":"https:\/\/tintafresca.net\/index.php\/wp-json\/wp\/v2\/tags?post=6591"}],"curies":[{"name":"wp","href":"https:\/\/api.w.org\/{rel}","templated":true}]}}