{"id":6596,"date":"2021-08-09T00:37:32","date_gmt":"2021-08-09T00:37:32","guid":{"rendered":"https:\/\/tintafresca.net\/?p=6596"},"modified":"2021-08-09T00:37:32","modified_gmt":"2021-08-09T00:37:32","slug":"nos-cidadaos-por-alcobaca-o-inicio-do-futuro","status":"publish","type":"post","link":"https:\/\/tintafresca.net\/index.php\/2021\/08\/09\/nos-cidadaos-por-alcobaca-o-inicio-do-futuro\/","title":{"rendered":"N\u00f3s \u201cCidad\u00e3os por Alcoba\u00e7a\u201d: o in\u00edcio do Futuro"},"content":{"rendered":"<div id=\"attachment_6598\" style=\"width: 356px\" class=\"wp-caption alignleft\"><img loading=\"lazy\" decoding=\"async\" aria-describedby=\"caption-attachment-6598\" class=\"wp-image-6598 size-full\" src=\"https:\/\/tintafresca.net\/wp-content\/uploads\/2021\/08\/Alcobaca_Jose_Antonio_Correia.jpg\" alt=\"\" width=\"346\" height=\"468\" \/><p id=\"caption-attachment-6598\" class=\"wp-caption-text\">Jos\u00e9 Ant\u00f3nio Correia<\/p><\/div>\n<p>\u00c9 com esperan\u00e7a, discernimento e coragem que abra\u00e7amos um projecto cujo objetivo \u00e9 a mudan\u00e7a politica, oferecer uma alternativa, (a \u00fanica) que rompa com o poder local institu\u00eddo, din\u00e1stico, de amiguismos e abafismos, concertados nos interesses pessoais, deixando para tr\u00e1s cada um de n\u00f3s, aqueles que no trabalho com esfor\u00e7o, perseveran\u00e7a, humildade, integridade e car\u00e1cter, n\u00e3o alinham no \u201csistema\u201d, contestam n\u00e3o votando, porque n\u00e3o se incluem, n\u00e3o pertencem e n\u00e3o se reveem, nestas lideran\u00e7as, alicer\u00e7adas na vontade de uns quantos, pois mais de cinquenta por cento de n\u00f3s n\u00e3o vota, porque n\u00e3o acredita nesta \u201cgente\u201d pol\u00edtica.<\/p>\n<p>\u00c9 pois urgente iniciar um novo futuro com a mudan\u00e7a, nas pr\u00f3ximas elei\u00e7\u00f5es aut\u00e1rquicas, apostando no movimento de cidadania, que n\u00e3o depende das vontades e interesses partid\u00e1rios, que est\u00e3o nas m\u00e3os daqueles que defendem as suas agendas pessoais e partid\u00e1rias, estando de costas voltadas para os cidad\u00e3os comuns.<\/p>\n<p>Candidato-me, por amor e paix\u00e3o a esta terra, \u201ca minha terra\u201d, acredito que com vontade, entusiasmo, tranquilidade, humildade e muita experiencia de vida, que n\u00e3o resistiremos a esse des\u00edgnio, \u00e9 poss\u00edvel mudar. O Concelho de Alcoba\u00e7a precisa e necessita de mudan\u00e7a de modo a colocar Alcoba\u00e7a no rumo certo, dando-lhe visibilidade, respeitando o seu passado e a sua extraordin\u00e1ria hist\u00f3ria, pois quem n\u00e3o respeita o passado n\u00e3o tem futuro.<\/p>\n<p>Um lugar pol\u00edtico \u00e9 um lugar de servi\u00e7os tempor\u00e1rio como \u201cmeio\u201d e n\u00e3o um fim em si mesmo, sendo um ve\u00edculo de excel\u00eancia para servir os cidad\u00e3os e n\u00e3o para se servirem a si pr\u00f3prios, tirando vantagens do poder.<\/p>\n<p>A candidatura independente, \u201ccidad\u00e3os por Alcoba\u00e7a\u201d, com o trabalho de todos os candidatos, \u00e0 Assembleia Municipal, \u00e0 C\u00e2mara Municipal e \u00e0s Assembleias de Freguesias, ter\u00e1 a capacidade de fazer melhor, fazer diferente, romper com o passado.<\/p>\n<p>Estamos prontos para iniciar este novo ciclo, sem filtros partid\u00e1rios, contando com todos, com a convic\u00e7\u00e3o que somos as pessoas e as equipas certas, que se apresentam como alternativa, faremos a diferen\u00e7a pela \u201cmais-valia\u201d de n\u00e3o sermos pol\u00edtico-dependentes nem enfermamos dos v\u00edcios comuns a estes, mudar de \u201cgente\u201d por \u201cgente que gosta de gente, mesmo daquela gente que n\u00e3o gosta da gente\u201d. Vamos a isso!<\/p>\n<p><strong>\u00a0 \u00a0Jos\u00e9 Ant\u00f3nio Correia<br \/>\n<\/strong>Candidato a Presidente da Assembleia Municipal de Alcoba\u00e7a<\/p>\n","protected":false},"excerpt":{"rendered":"<p>\u00c9 com esperan\u00e7a, discernimento e coragem que abra\u00e7amos um projecto cujo objetivo \u00e9 a mudan\u00e7a politica, oferecer uma alternativa, (a \u00fanica) que rompa com o poder local institu\u00eddo, din\u00e1stico, de amiguismos e abafismos, concertados nos interesses pessoais, deixando para tr\u00e1s cada um de n\u00f3s, aqueles que no trabalho com esfor\u00e7o, perseveran\u00e7a, humildade, integridade e car\u00e1cter, [&hellip;]<\/p>\n","protected":false},"author":2,"featured_media":6599,"comment_status":"open","ping_status":"open","sticky":false,"template":"","format":"standard","meta":{"footnotes":""},"categories":[4],"tags":[],"class_list":["post-6596","post","type-post","status-publish","format-standard","has-post-thumbnail","hentry","category-opiniao"],"_links":{"self":[{"href":"https:\/\/tintafresca.net\/index.php\/wp-json\/wp\/v2\/posts\/6596","targetHints":{"allow":["GET"]}}],"collection":[{"href":"https:\/\/tintafresca.net\/index.php\/wp-json\/wp\/v2\/posts"}],"about":[{"href":"https:\/\/tintafresca.net\/index.php\/wp-json\/wp\/v2\/types\/post"}],"author":[{"embeddable":true,"href":"https:\/\/tintafresca.net\/index.php\/wp-json\/wp\/v2\/users\/2"}],"replies":[{"embeddable":true,"href":"https:\/\/tintafresca.net\/index.php\/wp-json\/wp\/v2\/comments?post=6596"}],"version-history":[{"count":2,"href":"https:\/\/tintafresca.net\/index.php\/wp-json\/wp\/v2\/posts\/6596\/revisions"}],"predecessor-version":[{"id":6600,"href":"https:\/\/tintafresca.net\/index.php\/wp-json\/wp\/v2\/posts\/6596\/revisions\/6600"}],"wp:featuredmedia":[{"embeddable":true,"href":"https:\/\/tintafresca.net\/index.php\/wp-json\/wp\/v2\/media\/6599"}],"wp:attachment":[{"href":"https:\/\/tintafresca.net\/index.php\/wp-json\/wp\/v2\/media?parent=6596"}],"wp:term":[{"taxonomy":"category","embeddable":true,"href":"https:\/\/tintafresca.net\/index.php\/wp-json\/wp\/v2\/categories?post=6596"},{"taxonomy":"post_tag","embeddable":true,"href":"https:\/\/tintafresca.net\/index.php\/wp-json\/wp\/v2\/tags?post=6596"}],"curies":[{"name":"wp","href":"https:\/\/api.w.org\/{rel}","templated":true}]}}