{"id":6719,"date":"2021-08-13T19:37:03","date_gmt":"2021-08-13T19:37:03","guid":{"rendered":"https:\/\/tintafresca.net\/?p=6719"},"modified":"2021-08-13T19:55:26","modified_gmt":"2021-08-13T19:55:26","slug":"falta-de-medicos-no-concelho-de-alcobaca-volta-a-preocupar-o-executivo-municipal","status":"publish","type":"post","link":"https:\/\/tintafresca.net\/index.php\/2021\/08\/13\/falta-de-medicos-no-concelho-de-alcobaca-volta-a-preocupar-o-executivo-municipal\/","title":{"rendered":"Falta de m\u00e9dicos no concelho de Alcoba\u00e7a volta a preocupar o executivo municipal"},"content":{"rendered":"<div id=\"attachment_6721\" style=\"width: 510px\" class=\"wp-caption alignleft\"><img loading=\"lazy\" decoding=\"async\" aria-describedby=\"caption-attachment-6721\" class=\"wp-image-6721 size-full\" src=\"https:\/\/tintafresca.net\/wp-content\/uploads\/2021\/08\/Alcobaca_Camara10.jpg\" alt=\"\" width=\"500\" height=\"375\" \/><p id=\"caption-attachment-6721\" class=\"wp-caption-text\">Reuni\u00e3o da C\u00e2mara Municipal de Alcoba\u00e7a de 10 de agosto<\/p><\/div>\n<p>A falta de m\u00e9dicos em algumas das unidades de cuidados de sa\u00fade prim\u00e1rios do concelho de Alcoba\u00e7a, como por exemplo Cela e S\u00e3o Martinho do Porto, volta a preocupar o executivo municipal de Alcoba\u00e7a, que voltou a abordar o assunto na reuni\u00e3o de C\u00e2mara de 10 de agosto. Segundo os autarcas, apesar da responsabilidade n\u00e3o ser do munic\u00edpio, este \u00e9 \u201cum problema que atinge todos\u201d e \u00e9 \u201cdram\u00e1tico\u201d sendo urgente uma solu\u00e7\u00e3o, admitindo-se \u201cuma posi\u00e7\u00e3o firme\u201d do munic\u00edpio junto da ARS de Lisboa e Vale do Tejo ou Minist\u00e9rio da Sa\u00fade.<\/p>\n<p>Segundo o vereador do CDS, Carlos Bonif\u00e1cio, \u201cn\u00f3s temos infraestruturas e n\u00e3o temos m\u00e9dicos\u201d e, se os utentes servidos por USF \u2013 Unidades de Sa\u00fade Familiar \u201cest\u00e3o a salvo, quem est\u00e1 fora est\u00e1 metido no cabo dos trabalhos. Isto \u00e9 absolutamente dram\u00e1tico.\u201d<\/p>\n<p>O vereador lembra que \u201cn\u00e3o \u00e9 a C\u00e2mara Municipal que resolve o problema, mas \u00e9 ela que vai ser mediadora e tentar resolver. Esta situa\u00e7\u00e3o arrasta-se h\u00e1 tempo demais. Estamos a recorrer a m\u00e9dicos de empresas de trabalho tempor\u00e1rio numa situa\u00e7\u00e3o de absoluta precariedade\u201d, uma situa\u00e7\u00e3o que entende ser \u201capenas um remendo\u201d.<\/p>\n<p>A preocupa\u00e7\u00e3o \u00e9 tamb\u00e9m partilhada pelo vice-presidente da C\u00e2mara, que presidiu \u00e0 reuni\u00e3o, em substitui\u00e7\u00e3o de Paulo In\u00e1cio. Segundo Herminio Rodrigues, o problema \u201cvai acentuar-se\u201d num per\u00edodo em que os m\u00e9dicos est\u00e3o de f\u00e9rias, outros est\u00e3o em situa\u00e7\u00e3o de reforma. Para Herm\u00ednio Rodrigues, a solu\u00e7\u00e3o poder\u00e1 \u201cpassar pela cria\u00e7\u00e3o de USF\u201d tamb\u00e9m nesses locais.<\/p>\n<p>Por sua vez, C\u00e9sar Santos referiu que al\u00e9m de garantir vagas e a substitui\u00e7\u00e3o dos m\u00e9dicos em situa\u00e7\u00e3o de reforma, o munic\u00edpio de Alcoba\u00e7a deve \u201cpensar como cativar\u201d os profissionais para o concelho, pois \u201ca dificuldade \u00e9 atrair um profissional para uma vaga onde possa fazer carreira\u201d, dando exemplo de munic\u00edpios que \u201cofereceram habita\u00e7\u00e3o e outros privil\u00e9gios que trazem mais-valia pr\u00e1tica e financeira\u201d aos cl\u00ednicos.<\/p>\n<p><strong>\u00a0 \u00a0 M\u00f3nica Alexandre<\/strong><\/p>\n","protected":false},"excerpt":{"rendered":"<p>A falta de m\u00e9dicos em algumas das unidades de cuidados de sa\u00fade prim\u00e1rios do concelho de Alcoba\u00e7a, como por exemplo Cela e S\u00e3o Martinho do Porto, volta a preocupar o executivo municipal de Alcoba\u00e7a, que voltou a abordar o assunto na reuni\u00e3o de C\u00e2mara de 10 de agosto. Segundo os autarcas, apesar da responsabilidade n\u00e3o [&hellip;]<\/p>\n","protected":false},"author":2,"featured_media":6722,"comment_status":"open","ping_status":"open","sticky":false,"template":"","format":"standard","meta":{"footnotes":""},"categories":[6],"tags":[],"class_list":["post-6719","post","type-post","status-publish","format-standard","has-post-thumbnail","hentry","category-saude"],"_links":{"self":[{"href":"https:\/\/tintafresca.net\/index.php\/wp-json\/wp\/v2\/posts\/6719","targetHints":{"allow":["GET"]}}],"collection":[{"href":"https:\/\/tintafresca.net\/index.php\/wp-json\/wp\/v2\/posts"}],"about":[{"href":"https:\/\/tintafresca.net\/index.php\/wp-json\/wp\/v2\/types\/post"}],"author":[{"embeddable":true,"href":"https:\/\/tintafresca.net\/index.php\/wp-json\/wp\/v2\/users\/2"}],"replies":[{"embeddable":true,"href":"https:\/\/tintafresca.net\/index.php\/wp-json\/wp\/v2\/comments?post=6719"}],"version-history":[{"count":2,"href":"https:\/\/tintafresca.net\/index.php\/wp-json\/wp\/v2\/posts\/6719\/revisions"}],"predecessor-version":[{"id":6723,"href":"https:\/\/tintafresca.net\/index.php\/wp-json\/wp\/v2\/posts\/6719\/revisions\/6723"}],"wp:featuredmedia":[{"embeddable":true,"href":"https:\/\/tintafresca.net\/index.php\/wp-json\/wp\/v2\/media\/6722"}],"wp:attachment":[{"href":"https:\/\/tintafresca.net\/index.php\/wp-json\/wp\/v2\/media?parent=6719"}],"wp:term":[{"taxonomy":"category","embeddable":true,"href":"https:\/\/tintafresca.net\/index.php\/wp-json\/wp\/v2\/categories?post=6719"},{"taxonomy":"post_tag","embeddable":true,"href":"https:\/\/tintafresca.net\/index.php\/wp-json\/wp\/v2\/tags?post=6719"}],"curies":[{"name":"wp","href":"https:\/\/api.w.org\/{rel}","templated":true}]}}