{"id":6743,"date":"2021-08-14T20:15:49","date_gmt":"2021-08-14T20:15:49","guid":{"rendered":"https:\/\/tintafresca.net\/?p=6743"},"modified":"2021-08-14T20:15:49","modified_gmt":"2021-08-14T20:15:49","slug":"73-da-populacao-do-concelho-da-nazare-ja-recebeu-pelo-menos-uma-dose-da-vacina-contra-a-covid-19","status":"publish","type":"post","link":"https:\/\/tintafresca.net\/index.php\/2021\/08\/14\/73-da-populacao-do-concelho-da-nazare-ja-recebeu-pelo-menos-uma-dose-da-vacina-contra-a-covid-19\/","title":{"rendered":"73% da popula\u00e7\u00e3o do concelho da Nazar\u00e9 j\u00e1 recebeu pelo menos uma dose da vacina contra a COVID-19"},"content":{"rendered":"<p><img loading=\"lazy\" decoding=\"async\" class=\"alignleft wp-image-3718 size-full\" src=\"https:\/\/tintafresca.net\/wp-content\/uploads\/2021\/05\/Nazare_testes_antigenio10.jpg\" alt=\"\" width=\"500\" height=\"333\" \/>Cerca de 73 por cento da popula\u00e7\u00e3o do concelho da Nazar\u00e9 recebeu, pelo menos, uma dose da vacina contra a Covid-19, de acordo com a informa\u00e7\u00e3o divulgada pela Coordena\u00e7\u00e3o da Task Force do Plano Vacina\u00e7\u00e3o Covid 19 em Portugal.<\/p>\n<p>A percentagem da popula\u00e7\u00e3o do Concelho da Nazar\u00e9, e respetivas faixas et\u00e1rias que se encontra vacinada com pelo menos 1 dose para o Covid 19, s\u00e3o as seguintes:<\/p>\n<p>Idades &#8211;\u00a0 %<\/p>\n<p>15-19 \u2013 1%<br \/>\n20-24 \u2013 11%<br \/>\n25-29 \u2013 47%<br \/>\n30-34 \u2013 53%<br \/>\n35-39 \u2013 63%<br \/>\n40-44 \u2013 76%<br \/>\n45-49 \u2013 77%<br \/>\n50-54 \u2013 83%<br \/>\n55-59 \u2013 86%<br \/>\n60-64 \u2013 93%<br \/>\n65-79 \u2013 94%<br \/>\n&gt;80 \u2013 88%<\/p>\n<p>Os dados foram apresentados ap\u00f3s o protesto do Munic\u00edpio da Nazar\u00e9, em sede da Comiss\u00e3o Distrital da Prote\u00e7\u00e3o Civil Leiria, pela aus\u00eancia de informa\u00e7\u00e3o atualizada acerca a evolu\u00e7\u00e3o da vacina\u00e7\u00e3o da popula\u00e7\u00e3o.<\/p>\n<p>Recorde-se que a campanha de vacina\u00e7\u00e3o contra a covid-19 em Portugal iniciou-se em 27 de dezembro de 2020, sendo estando a ser administradas as vacinas de dose \u00fanica (Janssen) e de dose dupla (Pfizer\/BioNTech, Moderna e AstraZeneca).<\/p>\n<p>Por regi\u00f5es, o Alentejo e o Centro apresentam o processo de vacina\u00e7\u00e3o mais avan\u00e7ado, com 61% e 60% da popula\u00e7\u00e3o, respetivamente, inoculada.<\/p>\n<p>Lisboa e Vale do Tejo e o Norte, t\u00eam 55% e 56% da popula\u00e7\u00e3o, respetivamente, com a vacina\u00e7\u00e3o conclu\u00edda.<\/p>\n<p><strong>\u00a0 \u00a0 Fonte: SM|GC|CMN<\/strong><\/p>\n","protected":false},"excerpt":{"rendered":"<p>Cerca de 73 por cento da popula\u00e7\u00e3o do concelho da Nazar\u00e9 recebeu, pelo menos, uma dose da vacina contra a Covid-19, de acordo com a informa\u00e7\u00e3o divulgada pela Coordena\u00e7\u00e3o da Task Force do Plano Vacina\u00e7\u00e3o Covid 19 em Portugal. A percentagem da popula\u00e7\u00e3o do Concelho da Nazar\u00e9, e respetivas faixas et\u00e1rias que se encontra vacinada [&hellip;]<\/p>\n","protected":false},"author":2,"featured_media":3719,"comment_status":"open","ping_status":"open","sticky":false,"template":"","format":"standard","meta":{"footnotes":""},"categories":[6],"tags":[],"class_list":["post-6743","post","type-post","status-publish","format-standard","has-post-thumbnail","hentry","category-saude"],"_links":{"self":[{"href":"https:\/\/tintafresca.net\/index.php\/wp-json\/wp\/v2\/posts\/6743","targetHints":{"allow":["GET"]}}],"collection":[{"href":"https:\/\/tintafresca.net\/index.php\/wp-json\/wp\/v2\/posts"}],"about":[{"href":"https:\/\/tintafresca.net\/index.php\/wp-json\/wp\/v2\/types\/post"}],"author":[{"embeddable":true,"href":"https:\/\/tintafresca.net\/index.php\/wp-json\/wp\/v2\/users\/2"}],"replies":[{"embeddable":true,"href":"https:\/\/tintafresca.net\/index.php\/wp-json\/wp\/v2\/comments?post=6743"}],"version-history":[{"count":2,"href":"https:\/\/tintafresca.net\/index.php\/wp-json\/wp\/v2\/posts\/6743\/revisions"}],"predecessor-version":[{"id":6745,"href":"https:\/\/tintafresca.net\/index.php\/wp-json\/wp\/v2\/posts\/6743\/revisions\/6745"}],"wp:featuredmedia":[{"embeddable":true,"href":"https:\/\/tintafresca.net\/index.php\/wp-json\/wp\/v2\/media\/3719"}],"wp:attachment":[{"href":"https:\/\/tintafresca.net\/index.php\/wp-json\/wp\/v2\/media?parent=6743"}],"wp:term":[{"taxonomy":"category","embeddable":true,"href":"https:\/\/tintafresca.net\/index.php\/wp-json\/wp\/v2\/categories?post=6743"},{"taxonomy":"post_tag","embeddable":true,"href":"https:\/\/tintafresca.net\/index.php\/wp-json\/wp\/v2\/tags?post=6743"}],"curies":[{"name":"wp","href":"https:\/\/api.w.org\/{rel}","templated":true}]}}