{"id":6756,"date":"2021-08-15T10:04:55","date_gmt":"2021-08-15T10:04:55","guid":{"rendered":"https:\/\/tintafresca.net\/?p=6756"},"modified":"2021-08-15T10:26:33","modified_gmt":"2021-08-15T10:26:33","slug":"terapeutica-termal-reduz-risco-de-doencas-cronicas-relacionadas-com-os-casos-mais-severos-de-covid-19","status":"publish","type":"post","link":"https:\/\/tintafresca.net\/index.php\/2021\/08\/15\/terapeutica-termal-reduz-risco-de-doencas-cronicas-relacionadas-com-os-casos-mais-severos-de-covid-19\/","title":{"rendered":"Termas reduzem risco de doen\u00e7as cr\u00f3nicas relacionadas com casos mais severos de Covid19"},"content":{"rendered":"<div id=\"attachment_6758\" style=\"width: 510px\" class=\"wp-caption alignleft\"><img loading=\"lazy\" decoding=\"async\" aria-describedby=\"caption-attachment-6758\" class=\"wp-image-6758 size-full\" src=\"https:\/\/tintafresca.net\/wp-content\/uploads\/2021\/08\/Termas10.jpg\" alt=\"\" width=\"500\" height=\"333\" \/><p id=\"caption-attachment-6758\" class=\"wp-caption-text\">Termas de Portugal considera a atua\u00e7\u00e3o do Governo de discriminat\u00f3ria e err\u00e1tica face ao enquadramento das Termas nas medidas no \u00e2mbito da pandemia<\/p><\/div>\n<p>A associa\u00e7\u00e3o que representa as Termas em Portugal divulgou esta semana os n\u00fameros da atividade do setor no primeiro semestre de 2021. S\u00e3o resultados preocupantes para a sa\u00fade dos portugueses, uma vez que, apesar de refletirem uma ligeira recupera\u00e7\u00e3o em rela\u00e7\u00e3o a 2020, demonstram que a atividade termal est\u00e1 ainda muito longe dos n\u00fameros registados no primeiro semestre de 2019.<\/p>\n<p>De facto, se no final de 2020 os n\u00fameros refletiam uma perda de mais de 75.000 clientes e de perto de 9 milh\u00f5es de euros de fatura\u00e7\u00e3o face a 2019, o n\u00famero de clientes que fizeram Termas no primeiro semestre de 2021 \u00e9 76% inferior a igual per\u00edodo de 2019 e o volume de fatura\u00e7\u00e3o regista perdas de 72,2%.<\/p>\n<p>O presidente da Associa\u00e7\u00e3o das Termas de Portugal, Victor Leal, considera que estes n\u00fameros preocupantes refletem a atua\u00e7\u00e3o discriminat\u00f3ria e err\u00e1tica do Governo relativamente ao enquadramento das Termas nas medidas aplic\u00e1veis no \u00e2mbito da atual pandemia.<\/p>\n<p>Discriminat\u00f3ria porque as Termas foram a \u00fanica tipologia de unidades prestadoras de cuidados de sa\u00fade com obrigatoriedade de encerramento, o que aconteceu durante 193 dias: entre 18 de mar\u00e7o e 15 de junho de 2020 e entre 15 de janeiro e 1 de maio de 2021.<\/p>\n<p>Err\u00e1tica pelo facto de, apesar do levantamento da proibi\u00e7\u00e3o de encerramento, decretada na RCM n\u00ba 45-C\/2021, no \u00e2mbito das medidas aplic\u00e1veis aos concelhos de risco elevado e de risco muito elevado, as Termas terem sido de novo obrigadas a encerrar, exceto se integradas em empreendimentos tur\u00edsticos, exce\u00e7\u00e3o decretada no final do m\u00eas de junho.<\/p>\n<p>\u201cA desconsidera\u00e7\u00e3o das Termas como unidades prestadoras de cuidados de sa\u00fade provocou perdas no n\u00famero de clientes, no volume de neg\u00f3cios, mas tamb\u00e9m trouxe efeitos catastr\u00f3ficos no emprego e noutras atividades econ\u00f3micas dependentes da atividade, como s\u00e3o os casos da hotelaria, restaura\u00e7\u00e3o e com\u00e9rcio local\u201d, lamenta Victor Leal.<\/p>\n<p>O presidente da Associa\u00e7\u00e3o das Termas de Portugal destaca ainda o facto de um n\u00famero crescente de estudos internacionais indicar que a terap\u00eautica termal desempenha um papel fundamental na redu\u00e7\u00e3o de risco de doen\u00e7as cr\u00f3nicas que t\u00eam maior correla\u00e7\u00e3o com os casos mais severos de Covid-19, como Diabetes, Obesidade e Hipertens\u00e3o, entre outras.<\/p>\n<p>Al\u00e9m disso, est\u00e1 comprovado o efeito ben\u00e9fico do termalismo na recupera\u00e7\u00e3o de quem sofre consequ\u00eancias nefastas de longos per\u00edodos de confinamento, provocadas por deficientes condi\u00e7\u00f5es de teletrabalho e de comportamentos que podem causar risco \u00e0 sa\u00fade, como o sedentarismo e o consumo de \u00e1lcool, de tabaco e de alimenta\u00e7\u00e3o pouco saud\u00e1vel.<\/p>\n<p>Por isso, Victor Leal reitera que \u201co encerramento das Termas colocou em causa a sa\u00fade de mais de 75.000 portugueses, sendo urgente que o Governo e as Autoridades de Sa\u00fade entendam o impacto destes n\u00fameros e o efeito que est\u00e1 a provocar na sa\u00fade e qualidade de vida dos portugueses. \u00c9 o momento de os decisores das pol\u00edticas de Sa\u00fade demonstrarem de forma inequ\u00edvoca que as Termas s\u00e3o parte integrante do Sistema Nacional de Sa\u00fade, atrav\u00e9s de medidas que n\u00e3o discriminem este setor face \u00e0s restantes tipologias de unidades prestadoras de cuidados de sa\u00fade\u201d.<\/p>\n<p><strong>\u00a0 \u00a0 Fonte: ATP<\/strong><\/p>\n","protected":false},"excerpt":{"rendered":"<p>A associa\u00e7\u00e3o que representa as Termas em Portugal divulgou esta semana os n\u00fameros da atividade do setor no primeiro semestre de 2021. S\u00e3o resultados preocupantes para a sa\u00fade dos portugueses, uma vez que, apesar de refletirem uma ligeira recupera\u00e7\u00e3o em rela\u00e7\u00e3o a 2020, demonstram que a atividade termal est\u00e1 ainda muito longe dos n\u00fameros registados [&hellip;]<\/p>\n","protected":false},"author":2,"featured_media":6759,"comment_status":"open","ping_status":"open","sticky":false,"template":"","format":"standard","meta":{"footnotes":""},"categories":[6],"tags":[],"class_list":["post-6756","post","type-post","status-publish","format-standard","has-post-thumbnail","hentry","category-saude"],"_links":{"self":[{"href":"https:\/\/tintafresca.net\/index.php\/wp-json\/wp\/v2\/posts\/6756","targetHints":{"allow":["GET"]}}],"collection":[{"href":"https:\/\/tintafresca.net\/index.php\/wp-json\/wp\/v2\/posts"}],"about":[{"href":"https:\/\/tintafresca.net\/index.php\/wp-json\/wp\/v2\/types\/post"}],"author":[{"embeddable":true,"href":"https:\/\/tintafresca.net\/index.php\/wp-json\/wp\/v2\/users\/2"}],"replies":[{"embeddable":true,"href":"https:\/\/tintafresca.net\/index.php\/wp-json\/wp\/v2\/comments?post=6756"}],"version-history":[{"count":5,"href":"https:\/\/tintafresca.net\/index.php\/wp-json\/wp\/v2\/posts\/6756\/revisions"}],"predecessor-version":[{"id":6763,"href":"https:\/\/tintafresca.net\/index.php\/wp-json\/wp\/v2\/posts\/6756\/revisions\/6763"}],"wp:featuredmedia":[{"embeddable":true,"href":"https:\/\/tintafresca.net\/index.php\/wp-json\/wp\/v2\/media\/6759"}],"wp:attachment":[{"href":"https:\/\/tintafresca.net\/index.php\/wp-json\/wp\/v2\/media?parent=6756"}],"wp:term":[{"taxonomy":"category","embeddable":true,"href":"https:\/\/tintafresca.net\/index.php\/wp-json\/wp\/v2\/categories?post=6756"},{"taxonomy":"post_tag","embeddable":true,"href":"https:\/\/tintafresca.net\/index.php\/wp-json\/wp\/v2\/tags?post=6756"}],"curies":[{"name":"wp","href":"https:\/\/api.w.org\/{rel}","templated":true}]}}