{"id":6790,"date":"2021-08-16T17:32:22","date_gmt":"2021-08-16T17:32:22","guid":{"rendered":"https:\/\/tintafresca.net\/?p=6790"},"modified":"2021-08-16T17:45:24","modified_gmt":"2021-08-16T17:45:24","slug":"pj-detem-suspeito-de-incendio-florestal-nas-imediacoes-no-concelho-de-ourem","status":"publish","type":"post","link":"https:\/\/tintafresca.net\/index.php\/2021\/08\/16\/pj-detem-suspeito-de-incendio-florestal-nas-imediacoes-no-concelho-de-ourem\/","title":{"rendered":"PJ det\u00e9m suspeito de inc\u00eandios no concelho de Our\u00e9m"},"content":{"rendered":"<p><img loading=\"lazy\" decoding=\"async\" class=\"alignleft wp-image-2036 size-full\" src=\"https:\/\/tintafresca.net\/wp-content\/uploads\/2021\/03\/PJ1.jpg\" alt=\"\" width=\"311\" height=\"448\" \/>A Pol\u00edcia Judici\u00e1ria, atrav\u00e9s do Departamento de Investiga\u00e7\u00e3o Criminal de Leiria, em colabora\u00e7\u00e3o com a GNR de Our\u00e9m, recolheu elementos de prova que determinaram a deten\u00e7\u00e3o, fora de flagrante delito, do autor de um inc\u00eandio florestal ocorrido no dia 13 de agosto, nas imedia\u00e7\u00f5es da localidade de Freixianda \u2013 Our\u00e9m.<\/p>\n<p>O autor, um homem de 46 anos de idade, desempregado, ateou o inc\u00eandio com recurso a chama direta, havendo suspeitas de que outras igni\u00e7\u00f5es naquela zona possam estar relacionadas com o mesmo. O local do inc\u00eandio insere-se numa vasta regi\u00e3o de floresta com uma geografia acidentada de montes e vales onde se localizam pequenas povoa\u00e7\u00f5es.<\/p>\n<p>A pronta interven\u00e7\u00e3o dos bombeiros evitou que o inc\u00eandio tomasse outras propor\u00e7\u00f5es, que pusesse em perigo a vida, a integridade f\u00edsica ou bens patrimoniais de terceiros.<\/p>\n<p>Presente \u00e0s autoridades judici\u00e1rias competentes foi-lhe aplicada a medida de coa\u00e7\u00e3o de obriga\u00e7\u00e3o de apresenta\u00e7\u00e3o peri\u00f3dica a \u00f3rg\u00e3o de pol\u00edcia criminal.<\/p>\n<p><strong>\u00a0 \u00a0 Fonte: GIC|PJ<\/strong><\/p>\n","protected":false},"excerpt":{"rendered":"<p>A Pol\u00edcia Judici\u00e1ria, atrav\u00e9s do Departamento de Investiga\u00e7\u00e3o Criminal de Leiria, em colabora\u00e7\u00e3o com a GNR de Our\u00e9m, recolheu elementos de prova que determinaram a deten\u00e7\u00e3o, fora de flagrante delito, do autor de um inc\u00eandio florestal ocorrido no dia 13 de agosto, nas imedia\u00e7\u00f5es da localidade de Freixianda \u2013 Our\u00e9m. O autor, um homem de [&hellip;]<\/p>\n","protected":false},"author":2,"featured_media":3434,"comment_status":"open","ping_status":"open","sticky":false,"template":"","format":"standard","meta":{"footnotes":""},"categories":[1],"tags":[],"class_list":["post-6790","post","type-post","status-publish","format-standard","has-post-thumbnail","hentry","category-uncategorized"],"_links":{"self":[{"href":"https:\/\/tintafresca.net\/index.php\/wp-json\/wp\/v2\/posts\/6790","targetHints":{"allow":["GET"]}}],"collection":[{"href":"https:\/\/tintafresca.net\/index.php\/wp-json\/wp\/v2\/posts"}],"about":[{"href":"https:\/\/tintafresca.net\/index.php\/wp-json\/wp\/v2\/types\/post"}],"author":[{"embeddable":true,"href":"https:\/\/tintafresca.net\/index.php\/wp-json\/wp\/v2\/users\/2"}],"replies":[{"embeddable":true,"href":"https:\/\/tintafresca.net\/index.php\/wp-json\/wp\/v2\/comments?post=6790"}],"version-history":[{"count":3,"href":"https:\/\/tintafresca.net\/index.php\/wp-json\/wp\/v2\/posts\/6790\/revisions"}],"predecessor-version":[{"id":6793,"href":"https:\/\/tintafresca.net\/index.php\/wp-json\/wp\/v2\/posts\/6790\/revisions\/6793"}],"wp:featuredmedia":[{"embeddable":true,"href":"https:\/\/tintafresca.net\/index.php\/wp-json\/wp\/v2\/media\/3434"}],"wp:attachment":[{"href":"https:\/\/tintafresca.net\/index.php\/wp-json\/wp\/v2\/media?parent=6790"}],"wp:term":[{"taxonomy":"category","embeddable":true,"href":"https:\/\/tintafresca.net\/index.php\/wp-json\/wp\/v2\/categories?post=6790"},{"taxonomy":"post_tag","embeddable":true,"href":"https:\/\/tintafresca.net\/index.php\/wp-json\/wp\/v2\/tags?post=6790"}],"curies":[{"name":"wp","href":"https:\/\/api.w.org\/{rel}","templated":true}]}}