{"id":6816,"date":"2021-08-17T18:21:38","date_gmt":"2021-08-17T18:21:38","guid":{"rendered":"https:\/\/tintafresca.net\/?p=6816"},"modified":"2021-08-17T18:28:21","modified_gmt":"2021-08-17T18:28:21","slug":"camara-da-batalha-investe-49-mil-euros-em-obras-no-centro-de-saude-de-sao-mamede","status":"publish","type":"post","link":"https:\/\/tintafresca.net\/index.php\/2021\/08\/17\/camara-da-batalha-investe-49-mil-euros-em-obras-no-centro-de-saude-de-sao-mamede\/","title":{"rendered":"C\u00e2mara da Batalha investe 49 mil euros em obras no Centro de Sa\u00fade de S\u00e3o Mamede"},"content":{"rendered":"<div id=\"attachment_6818\" style=\"width: 510px\" class=\"wp-caption alignleft\"><img loading=\"lazy\" decoding=\"async\" aria-describedby=\"caption-attachment-6818\" class=\"wp-image-6818\" src=\"https:\/\/tintafresca.net\/wp-content\/uploads\/2021\/08\/Batalha_CS_Sao_Mamede_01.jpg\" alt=\"\" width=\"500\" height=\"375\" \/><p id=\"caption-attachment-6818\" class=\"wp-caption-text\">Visita ao Centro de Sa\u00fade requalificado<\/p><\/div>\n<p>A C\u00e2mara da Batalha concluiu a empreitada para a realiza\u00e7\u00e3o de obras de beneficia\u00e7\u00e3o do Centro de Sa\u00fade, localizado na vila de S\u00e3o Mamede, concelho da Batalha, no valor global de 48.762,98\u20ac e que resulta das novas compet\u00eancias municipais na \u00e1rea da Sa\u00fade.<\/p>\n<p>Em visita de trabalho realizada esta segunda-feira, dia 16 de agosto, por membros do executivo municipal, juntaram-se os respons\u00e1veis da Junta de Freguesia de S\u00e3o Mamede e o respetivo Coordenador da Unidade de Sa\u00fade Familiar (USF), o m\u00e9dico Jo\u00e3o Paulo Sim\u00f5es.<\/p>\n<p>A empreitada desta estrutura de Sa\u00fade que integra a USF Condest\u00e1vel consistiu na execu\u00e7\u00e3o de obras de conserva\u00e7\u00e3o e beneficia\u00e7\u00e3o, uma vez que o edif\u00edcio apresentava v\u00e1rios problemas de conserva\u00e7\u00e3o, com necessidade de interven\u00e7\u00f5es tanto no exterior como no interior, por forma a sanar algumas das patologias existentes e renovar equipamentos.<\/p>\n<div id=\"attachment_6819\" style=\"width: 510px\" class=\"wp-caption alignleft\"><img loading=\"lazy\" decoding=\"async\" aria-describedby=\"caption-attachment-6819\" class=\"wp-image-6819\" src=\"https:\/\/tintafresca.net\/wp-content\/uploads\/2021\/08\/Batalha_CS_Sao_Mamede_2.jpg\" alt=\"\" width=\"500\" height=\"375\" \/><p id=\"caption-attachment-6819\" class=\"wp-caption-text\">Centro de Sa\u00fade de S\u00e3o Mamede<\/p><\/div>\n<p>Com a requalifica\u00e7\u00e3o\/beneficia\u00e7\u00e3o do Centro de Sa\u00fade de S\u00e3o Mamede, pretendeu-se tamb\u00e9m dotar esta USF (Unidade de Sa\u00fade Familiar), de melhores condi\u00e7\u00f5es de conforto que permitam beneficiar o atendimento dos seus utentes e a atividade dos seus profissionais.<\/p>\n<p>Trata-se de uma interven\u00e7\u00e3o s\u00f3 poss\u00edvel, porque est\u00e1 enquadrada nas novas compet\u00eancias municipais exercidas no \u00e2mbito do Decreto-Lei n.\u00ba 23\/2019, de 30 de janeiro, que concretiza o quadro de transfer\u00eancia de compet\u00eancias para os \u00f3rg\u00e3os municipais e para as entidades intermunicipais no dom\u00ednio da sa\u00fade, e em pleno exerc\u00edcio na Batalha desde 01 de abril de 2021.<\/p>\n<div id=\"attachment_6820\" style=\"width: 360px\" class=\"wp-caption alignleft\"><img loading=\"lazy\" decoding=\"async\" aria-describedby=\"caption-attachment-6820\" class=\"wp-image-6820\" src=\"https:\/\/tintafresca.net\/wp-content\/uploads\/2021\/08\/Batalha_CS_Sao_Mamede_03.jpg\" alt=\"\" width=\"350\" height=\"467\" \/><p id=\"caption-attachment-6820\" class=\"wp-caption-text\">Consult\u00f3rio m\u00e9dico<\/p><\/div>\n<p>Anteriormente foi poss\u00edvel realizar interven\u00e7\u00e3o de conserva\u00e7\u00e3o e beneficia\u00e7\u00e3o no Centro de Sa\u00fade do Reguengo do Fetal, seguindo-se uma interven\u00e7\u00e3o na sede da Unidade de Sa\u00fade Familiar na Batalha, projeto para o qual a C\u00e2mara da Batalha apresentou candidatura junto da CCDRC para obter as verbas necess\u00e1rias para a requalifica\u00e7\u00e3o e moderniza\u00e7\u00e3o de equipamentos e do edif\u00edcio, esse cuja constru\u00e7\u00e3o remonta ao final dos anos 80 do s\u00e9culo XX.<\/p>\n<p><strong>\u00a0 \u00a0 Fonte: MB<\/strong><\/p>\n","protected":false},"excerpt":{"rendered":"<p>A C\u00e2mara da Batalha concluiu a empreitada para a realiza\u00e7\u00e3o de obras de beneficia\u00e7\u00e3o do Centro de Sa\u00fade, localizado na vila de S\u00e3o Mamede, concelho da Batalha, no valor global de 48.762,98\u20ac e que resulta das novas compet\u00eancias municipais na \u00e1rea da Sa\u00fade. Em visita de trabalho realizada esta segunda-feira, dia 16 de agosto, por [&hellip;]<\/p>\n","protected":false},"author":2,"featured_media":6822,"comment_status":"open","ping_status":"open","sticky":false,"template":"","format":"standard","meta":{"footnotes":""},"categories":[6],"tags":[],"class_list":["post-6816","post","type-post","status-publish","format-standard","has-post-thumbnail","hentry","category-saude"],"_links":{"self":[{"href":"https:\/\/tintafresca.net\/index.php\/wp-json\/wp\/v2\/posts\/6816","targetHints":{"allow":["GET"]}}],"collection":[{"href":"https:\/\/tintafresca.net\/index.php\/wp-json\/wp\/v2\/posts"}],"about":[{"href":"https:\/\/tintafresca.net\/index.php\/wp-json\/wp\/v2\/types\/post"}],"author":[{"embeddable":true,"href":"https:\/\/tintafresca.net\/index.php\/wp-json\/wp\/v2\/users\/2"}],"replies":[{"embeddable":true,"href":"https:\/\/tintafresca.net\/index.php\/wp-json\/wp\/v2\/comments?post=6816"}],"version-history":[{"count":2,"href":"https:\/\/tintafresca.net\/index.php\/wp-json\/wp\/v2\/posts\/6816\/revisions"}],"predecessor-version":[{"id":6821,"href":"https:\/\/tintafresca.net\/index.php\/wp-json\/wp\/v2\/posts\/6816\/revisions\/6821"}],"wp:featuredmedia":[{"embeddable":true,"href":"https:\/\/tintafresca.net\/index.php\/wp-json\/wp\/v2\/media\/6822"}],"wp:attachment":[{"href":"https:\/\/tintafresca.net\/index.php\/wp-json\/wp\/v2\/media?parent=6816"}],"wp:term":[{"taxonomy":"category","embeddable":true,"href":"https:\/\/tintafresca.net\/index.php\/wp-json\/wp\/v2\/categories?post=6816"},{"taxonomy":"post_tag","embeddable":true,"href":"https:\/\/tintafresca.net\/index.php\/wp-json\/wp\/v2\/tags?post=6816"}],"curies":[{"name":"wp","href":"https:\/\/api.w.org\/{rel}","templated":true}]}}