{"id":685,"date":"2021-01-19T12:43:41","date_gmt":"2021-01-19T11:43:41","guid":{"rendered":"https:\/\/tintafresca.net\/?p=685"},"modified":"2021-01-20T10:19:44","modified_gmt":"2021-01-20T09:19:44","slug":"vereador-da-camara-do-cartaxo-testou-positivo-ao-virus-sars-cov-2","status":"publish","type":"post","link":"https:\/\/tintafresca.net\/index.php\/2021\/01\/19\/vereador-da-camara-do-cartaxo-testou-positivo-ao-virus-sars-cov-2\/","title":{"rendered":"Vereador da C\u00e2mara do Cartaxo testou positivo ao v\u00edrus SARS-COV-2"},"content":{"rendered":"<div id=\"attachment_686\" style=\"width: 510px\" class=\"wp-caption alignleft\"><img loading=\"lazy\" decoding=\"async\" aria-describedby=\"caption-attachment-686\" class=\"wp-image-686 size-full\" src=\"https:\/\/tintafresca.net\/wp-content\/uploads\/2021\/01\/Cartaxo_vereador_Pedro_Nobre10.jpg\" alt=\"\" width=\"500\" height=\"281\" srcset=\"https:\/\/tintafresca.net\/wp-content\/uploads\/2021\/01\/Cartaxo_vereador_Pedro_Nobre10.jpg 500w, https:\/\/tintafresca.net\/wp-content\/uploads\/2021\/01\/Cartaxo_vereador_Pedro_Nobre10-300x169.jpg 300w\" sizes=\"auto, (max-width: 500px) 100vw, 500px\" \/><p id=\"caption-attachment-686\" class=\"wp-caption-text\">Vereador Pedro Nobre<\/p><\/div>\n<p>O vereador Pedro Nobre, respons\u00e1vel pelos pelouros de planeamento urban\u00edstico, fiscaliza\u00e7\u00e3o, desporto e ambiente, na C\u00e2mara Municipal do Cartaxo, testou positivo ao v\u00edrus Sars-Cov-2. O autarca encontra-se desde s\u00e1bado, dia 16 de janeiro, em isolamento profil\u00e1tico, apresenta sintomas da doen\u00e7a Covid-19, mas a sua situa\u00e7\u00e3o \u00e9 est\u00e1vel.<\/p>\n<p>Na sequ\u00eancia do teste positivo, as autoridades de sa\u00fade identificaram os contactos de risco. Por precau\u00e7\u00e3o, o presidente da C\u00e2mara Municipal, Pedro Magalh\u00e3es Ribeiro, assim como, o vice-presidente da C\u00e2mara Municipal, Fernando Amorim e elementos dos gabinetes de apoio \u00e0 presid\u00eancia e \u00e0 verea\u00e7\u00e3o \u2013 com os quais o vereador Pedro Nobre esteve em reuni\u00e3o de trabalho na passada sexta-feira \u2013, est\u00e3o desde segunda-feira em isolamento e v\u00e3o ser submetidos a teste durante esta semana e continuam a assegurar as suas fun\u00e7\u00f5es em teletrabalho.<\/p>\n<p>O presidente da C\u00e2mara Municipal que esta segunda-feira, dia 18 de janeiro, conduziu os trabalhos da reuni\u00e3o da C\u00e2mara Municipal que decorreu por videoconfer\u00eancia apelou ao refor\u00e7o dos cuidados e do cumprimento das medidas do Estado de Emerg\u00eancia \u2013 \u201ctravamos juntos uma batalha que est\u00e1 longe de terminar. Nesta luta e a \u00fanica arma que cada um de n\u00f3s controla \u00e9 o nosso comportamento respons\u00e1vel\u201d, afirmou o autarca, lembrando que \u201capesar de todos os cuidados tidos nas nossas reuni\u00f5es de trabalho, do uso obrigat\u00f3rio de m\u00e1scara, do distanciamento, de privilegiarmos os contactos de trabalho por meios digitais, o v\u00edrus est\u00e1 presente na nossa comunidade e continua sem dar tr\u00e9guas, apesar do cansa\u00e7o, precisamos manter-nos em alerta\u201d.<\/p>\n<p><strong> \u00a0 Fonte: GIC|CMC<\/strong><\/p>\n","protected":false},"excerpt":{"rendered":"<p>O vereador Pedro Nobre, respons\u00e1vel pelos pelouros de planeamento urban\u00edstico, fiscaliza\u00e7\u00e3o, desporto e ambiente, na C\u00e2mara Municipal do Cartaxo, testou positivo ao v\u00edrus Sars-Cov-2. O autarca encontra-se desde s\u00e1bado, dia 16 de janeiro, em isolamento profil\u00e1tico, apresenta sintomas da doen\u00e7a Covid-19, mas a sua situa\u00e7\u00e3o \u00e9 est\u00e1vel. Na sequ\u00eancia do teste positivo, as autoridades de [&hellip;]<\/p>\n","protected":false},"author":2,"featured_media":687,"comment_status":"open","ping_status":"open","sticky":false,"template":"","format":"standard","meta":{"footnotes":""},"categories":[6],"tags":[],"class_list":["post-685","post","type-post","status-publish","format-standard","has-post-thumbnail","hentry","category-saude"],"_links":{"self":[{"href":"https:\/\/tintafresca.net\/index.php\/wp-json\/wp\/v2\/posts\/685","targetHints":{"allow":["GET"]}}],"collection":[{"href":"https:\/\/tintafresca.net\/index.php\/wp-json\/wp\/v2\/posts"}],"about":[{"href":"https:\/\/tintafresca.net\/index.php\/wp-json\/wp\/v2\/types\/post"}],"author":[{"embeddable":true,"href":"https:\/\/tintafresca.net\/index.php\/wp-json\/wp\/v2\/users\/2"}],"replies":[{"embeddable":true,"href":"https:\/\/tintafresca.net\/index.php\/wp-json\/wp\/v2\/comments?post=685"}],"version-history":[{"count":1,"href":"https:\/\/tintafresca.net\/index.php\/wp-json\/wp\/v2\/posts\/685\/revisions"}],"predecessor-version":[{"id":688,"href":"https:\/\/tintafresca.net\/index.php\/wp-json\/wp\/v2\/posts\/685\/revisions\/688"}],"wp:featuredmedia":[{"embeddable":true,"href":"https:\/\/tintafresca.net\/index.php\/wp-json\/wp\/v2\/media\/687"}],"wp:attachment":[{"href":"https:\/\/tintafresca.net\/index.php\/wp-json\/wp\/v2\/media?parent=685"}],"wp:term":[{"taxonomy":"category","embeddable":true,"href":"https:\/\/tintafresca.net\/index.php\/wp-json\/wp\/v2\/categories?post=685"},{"taxonomy":"post_tag","embeddable":true,"href":"https:\/\/tintafresca.net\/index.php\/wp-json\/wp\/v2\/tags?post=685"}],"curies":[{"name":"wp","href":"https:\/\/api.w.org\/{rel}","templated":true}]}}