{"id":6860,"date":"2021-08-18T23:09:58","date_gmt":"2021-08-18T23:09:58","guid":{"rendered":"https:\/\/tintafresca.net\/?p=6860"},"modified":"2021-08-18T23:13:26","modified_gmt":"2021-08-18T23:13:26","slug":"musica-e-teatro-prossegue-em-santa-cruz-com-o-programa-onda-de-verao","status":"publish","type":"post","link":"https:\/\/tintafresca.net\/index.php\/2021\/08\/18\/musica-e-teatro-prossegue-em-santa-cruz-com-o-programa-onda-de-verao\/","title":{"rendered":"M\u00fasica e teatro prossegue em Santa Cruz com o programa &#8220;Onda de Ver\u00e3o&#8221;"},"content":{"rendered":"<div id=\"attachment_6862\" style=\"width: 510px\" class=\"wp-caption alignleft\"><img loading=\"lazy\" decoding=\"async\" aria-describedby=\"caption-attachment-6862\" class=\"wp-image-6862 size-full\" src=\"https:\/\/tintafresca.net\/wp-content\/uploads\/2021\/08\/TV_paul-soir10.jpg\" alt=\"\" width=\"500\" height=\"352\" \/><p id=\"caption-attachment-6862\" class=\"wp-caption-text\">DJ Paul Soir<\/p><\/div>\n<p>O programa &#8220;Onda de Ver\u00e3o&#8221; continua a apresentar programa\u00e7\u00e3o cultural que anima Santa Cruz at\u00e9 ao dia 19 de setembro, numa edi\u00e7\u00e3o adaptada \u00e0 atual situa\u00e7\u00e3o de pandemia.<\/p>\n<p>No pr\u00f3ximo s\u00e1bado, dia 21 de agosto, decorre mais uma edi\u00e7\u00e3o da Feira de Ver\u00e3o. Entre as 15h00 e as 20h00, visite bancas dedicadas ao que de melhor se produz na regi\u00e3o no Largo Jaime Batista da Costa. Aproveite para fazer as suas compras enquanto desfruta da beleza e viv\u00eancia \u00fanica da praia de Santa Cruz.<\/p>\n<p>No s\u00e1bado, no mesmo local, decorre o espet\u00e1culo Vertical Boom, \u00e0s 21h00. A Companhia Vaya apresenta um espet\u00e1culo de rua que ir\u00e1 surpreender, com quatro acrobatas a desempenhar diferentes pap\u00e9is dentro de uma fam\u00edlia de palha\u00e7os, onde amizade, confian\u00e7a e loucura s\u00e3o os pilares para realizar incr\u00edveis acrobacias.<\/p>\n<p>Obrigada, Obrigada Am\u00e1lia! assume-se como uma homenagem \u00e0 mulher que trazia a alegria do folclore depois da tristeza do Fado, no dia 25 de agosto, quarta-feira, \u00e0s 21h00, na plataforma adjacente \u00e0 escadaria J\u00falio Vieira. O espet\u00e1culo re\u00fane os fadistas Andreia Matias, Avelino Santos, Cristina Santos e Leonor Madeira, que contam com Henrique Leit\u00e3o na guitarra e voz e Eduardo Lemos, na viola e voz. O m\u00fasico Ant\u00f3nio Lu\u00eds Valente \u00e9 respons\u00e1vel pelo piano, acorde\u00e3o, cavaquinho e percuss\u00e3o.<\/p>\n<p>J\u00e1 no dia 26 de agosto, quinta-feira, o final de tarde naquele local faz-se ao som do DJ Paul Soir e do guitarrista Pedro Mourato. Uma fus\u00e3o musical ao entardecer, para ouvir a partir das 17h30.<\/p>\n<p>Ao longo dos pr\u00f3ximos dias, a programa\u00e7\u00e3o do &#8220;Onda de Ver\u00e3o&#8221; conta, ainda, com o projeto \u201cTrim\u2026Trim\u2026 Hist\u00f3rias ao telefone para rir at\u00e9 ao fim\u2026\u201d, que decorre no dia 26 de agosto, entre as 21h30 e as 23h00. Nesta sess\u00e3o, v\u00e1rios contadores ir\u00e3o ligar para os seus ouvintes e contar hist\u00f3rias divertidas, de tradi\u00e7\u00e3o oral e n\u00e3o s\u00f3. Os interessados em receber um telefonema no \u00e2mbito desta atividade dever\u00e3o inscrever-se atrav\u00e9s do n\u00famero 261 933 543 ou do e-mail bibliotecadepraia@cm-tvedras.pt (at\u00e9 24 de agosto).<\/p>\n<p>O programa &#8220;Onda de Ver\u00e3o&#8221; \u00e9 organizado pela C\u00e2mara Municipal de Torres Vedras com a parceria de v\u00e1rias entidades e tem como \u00e1gua oficial a \u00c1gua do Vimeiro.<\/p>\n<p><strong>\u00a0 \u00a0Agenda<\/strong><\/p>\n<p>21 agosto 2021 | s\u00e1bado<br \/>\nVertical Boom<\/p>\n<p>Quatro acrobatas desempenham os diferentes pap\u00e9is dentro de uma fam\u00edlia de palha\u00e7os, onde amizade, confian\u00e7a e loucura s\u00e3o os pilares para realizar incr\u00edveis acrobacias. O espet\u00e1culo resgata t\u00e9cnicas acrob\u00e1ticas tradicionais sob um olhar contempor\u00e2neo, fundindo as disciplinas de banquine, percha, for\u00e7as combinadas e rola-bola com muito humor.<\/p>\n<p>21 agosto 2021 | s\u00e1bado<br \/>\nFeira de Ver\u00e3o<\/p>\n<p>Depois da interrup\u00e7\u00e3o do ano passado motivada pela pandemia, a Feira de Ver\u00e3o regressa numa vers\u00e3o adaptada, decorrendo no Largo Jaime Batista da Costa, em Santa Cruz. A primeira edi\u00e7\u00e3o deste ano decorre a 31 de julho, voltando a realizar-se todos os s\u00e1bados do m\u00eas de agosto, entre as 15h00 (&#8230;)<\/p>\n<p>25 agosto 2021 | quarta<br \/>\nO ouri\u00e7o-do-mar e o Oceano<\/p>\n<p>O litoral de Torres Vedras, com cerca de 20 km de extens\u00e3o, \u00e9 particularmente rico em carater\u00edsticas geoecol\u00f3gicas, apresentando um interessante perfil costeiro, de praias rochosas e arenosas, arribas e dois importantes sistemas dunares.<\/p>\n<p>25 agosto 2021 | quarta<br \/>\nObrigada, Obrigada Am\u00e1lia!<\/p>\n<p>Homenagem \u00e0 Mulher que trazia a alegria do folclore depois da tristeza do Fado. A diva de cora\u00e7\u00e3o portugu\u00eas e com a alma da sua Lisboa, t\u00e3o eterna como ela. Num ros\u00e1rio de penas cantou os maiores poetas portugueses e escreveu o pr\u00f3prio fado.<\/p>\n<p>26 agosto 2021 | quinta<br \/>\nTrim&#8230;Trim&#8230;Hist\u00f3rias ao telefone para rir at\u00e9 ao fim&#8230;<\/p>\n<p>Sess\u00e3o de Leitura<br \/>\n\u201cTrim\u2026Trim\u2026 Hist\u00f3rias ao telefone para rir at\u00e9 ao fim\u2026\u201d, \u00e9 um projeto que envolve v\u00e1rios contadores, com hist\u00f3rias divertidas! Nos meses de julho e agosto, estas hist\u00f3rias divertidas, parar rir at\u00e9 ao fim, ir\u00e3o entrar em casa dos ouvintes pela voz de um contador.<\/p>\n<p>26 agosto 2021 | quinta<br \/>\nDJ Paul Soir + Guitarrista Pedro Mourato<\/p>\n<p>Paul SoirDesde muito novo que a m\u00fasica \u00e9 algo muito intenso na sua vida, come\u00e7ando a explorar programas de produ\u00e7\u00e3o e fazendo os primeiros projectos desde os 14 anos. \u00c9 produtor, compositor de temas dentro da vertente funky, deep e soulfull house.<\/p>\n","protected":false},"excerpt":{"rendered":"<p>O programa &#8220;Onda de Ver\u00e3o&#8221; continua a apresentar programa\u00e7\u00e3o cultural que anima Santa Cruz at\u00e9 ao dia 19 de setembro, numa edi\u00e7\u00e3o adaptada \u00e0 atual situa\u00e7\u00e3o de pandemia. No pr\u00f3ximo s\u00e1bado, dia 21 de agosto, decorre mais uma edi\u00e7\u00e3o da Feira de Ver\u00e3o. Entre as 15h00 e as 20h00, visite bancas dedicadas ao que de [&hellip;]<\/p>\n","protected":false},"author":2,"featured_media":6863,"comment_status":"open","ping_status":"open","sticky":false,"template":"","format":"standard","meta":{"footnotes":""},"categories":[1],"tags":[],"class_list":["post-6860","post","type-post","status-publish","format-standard","has-post-thumbnail","hentry","category-uncategorized"],"_links":{"self":[{"href":"https:\/\/tintafresca.net\/index.php\/wp-json\/wp\/v2\/posts\/6860","targetHints":{"allow":["GET"]}}],"collection":[{"href":"https:\/\/tintafresca.net\/index.php\/wp-json\/wp\/v2\/posts"}],"about":[{"href":"https:\/\/tintafresca.net\/index.php\/wp-json\/wp\/v2\/types\/post"}],"author":[{"embeddable":true,"href":"https:\/\/tintafresca.net\/index.php\/wp-json\/wp\/v2\/users\/2"}],"replies":[{"embeddable":true,"href":"https:\/\/tintafresca.net\/index.php\/wp-json\/wp\/v2\/comments?post=6860"}],"version-history":[{"count":2,"href":"https:\/\/tintafresca.net\/index.php\/wp-json\/wp\/v2\/posts\/6860\/revisions"}],"predecessor-version":[{"id":6864,"href":"https:\/\/tintafresca.net\/index.php\/wp-json\/wp\/v2\/posts\/6860\/revisions\/6864"}],"wp:featuredmedia":[{"embeddable":true,"href":"https:\/\/tintafresca.net\/index.php\/wp-json\/wp\/v2\/media\/6863"}],"wp:attachment":[{"href":"https:\/\/tintafresca.net\/index.php\/wp-json\/wp\/v2\/media?parent=6860"}],"wp:term":[{"taxonomy":"category","embeddable":true,"href":"https:\/\/tintafresca.net\/index.php\/wp-json\/wp\/v2\/categories?post=6860"},{"taxonomy":"post_tag","embeddable":true,"href":"https:\/\/tintafresca.net\/index.php\/wp-json\/wp\/v2\/tags?post=6860"}],"curies":[{"name":"wp","href":"https:\/\/api.w.org\/{rel}","templated":true}]}}