{"id":6866,"date":"2021-08-19T13:56:30","date_gmt":"2021-08-19T13:56:30","guid":{"rendered":"https:\/\/tintafresca.net\/?p=6866"},"modified":"2021-08-19T16:34:00","modified_gmt":"2021-08-19T16:34:00","slug":"centro-de-vacinacao-do-cartaxo-ja-administrou-mais-de-70-de-segundas-doses-contra-a-covid-19","status":"publish","type":"post","link":"https:\/\/tintafresca.net\/index.php\/2021\/08\/19\/centro-de-vacinacao-do-cartaxo-ja-administrou-mais-de-70-de-segundas-doses-contra-a-covid-19\/","title":{"rendered":"Centro de Vacina\u00e7\u00e3o do Cartaxo j\u00e1 administrou mais de 70% de segundas doses para a COVID-19"},"content":{"rendered":"<p><img loading=\"lazy\" decoding=\"async\" class=\"alignleft wp-image-6868 size-full\" src=\"https:\/\/tintafresca.net\/wp-content\/uploads\/2021\/08\/Cartaxo_Centro-vacinacao10.jpg\" alt=\"\" width=\"500\" height=\"333\" \/>At\u00e9 ao dia 15 de agosto, as equipas da \u00e1rea da sa\u00fade, prote\u00e7\u00e3o civil municipal, bombeiros municipais e trabalhadores de outras \u00e1reas de servi\u00e7os da C\u00e2mara Municipal que asseguram o Centro de Vacina\u00e7\u00e3o do Cartaxo, administraram 32277 vacinas \u00e0 popula\u00e7\u00e3o \u2013 15684 foram primeiras doses e 16593 foram segundas doses. De referir que o Cartaxo conta com 23 mil habitantes, de acordo com os Censos 2021.<\/p>\n<p>O agendamento para a vacina\u00e7\u00e3o contra a Covid-19 pode ser feito no Portal de Agendamento \u2013 <a href=\"https:\/\/bit.ly\/3tJtnJy?fbclid=IwAR1V9BQmqpWYGI5u2orMNerQYCMbFAXqE92Muobuc-XqFYoj-r4UNgiUIjM\">https:\/\/bit.ly\/3tJtnJy<\/a> -, no qual apenas \u00e9 poss\u00edvel agendar a primeira inocula\u00e7\u00e3o da vacina. \u00c0 data, est\u00e1 dispon\u00edvel o agendamento para pessoas maiores de 18 anos.<\/p>\n<p>Durante o \u00faltimo fim de semana, dias 14 e 15 de agosto, o Centro de Vacina\u00e7\u00e3o recebeu os jovens com 16 e 17 anos que previamente autoagendaram a sua vacina\u00e7\u00e3o \u2013 as esquipas que asseguraram o Centro de Vacina\u00e7\u00e3o do Cartaxo, administraram a vacina a 342 jovens.<\/p>\n<p>Os jovens com idades entre os 16 e 17 anos que n\u00e3o tenham recebido a vacina durante o fim de semana, podem recorrer \u00e0 modalidade \u00abCasa Aberta\u00bb.<\/p>\n<p>A modalidade \u201cCasa Aberta\u201d est\u00e1 dispon\u00edvel para a vacina\u00e7\u00e3o de primeiras doses de utentes eleg\u00edveis que n\u00e3o estejam agendados, com idade igual ou superior a 16 anos e que n\u00e3o tenham sido infetados com Covid-19 nos \u00faltimos seis meses. Para usufruir do sistema de senha digital da modalidade \u201cCasa Aberta\u201d \u00e9 necess\u00e1rio que o utente tire uma senha no dia em que pretende ser vacinado, devendo consultar a aflu\u00eancia ao seu Centro de Vacina\u00e7\u00e3o (portal da aflu\u00eancia &#8211; <a href=\"https:\/\/covid19.min-saude.pt\/cvc\/\">https:\/\/covid19.min-saude.pt\/cvc\/<\/a>) , preencher o formul\u00e1rio para receber a senha digital, e ter em aten\u00e7\u00e3o que a segunda dose ser\u00e1 necess\u00e1ria administrada, no mesmo centro de vacina\u00e7\u00e3o.<\/p>\n<p>\ud83d\udc49\ud83c\udffb Para ser vacinado na modalidade &#8220;Casa Aberta&#8221; \u00e9 necess\u00e1rio &#8220;tirar&#8221; a senha digital<\/p>\n<p><a href=\"https:\/\/covid19.min-saude.pt\/senha-digital-casa-aberta\/\">https:\/\/covid19.min-saude.pt\/senha-digital-casa-aberta\/<\/a><\/p>\n<p>No Portal de agendamento, os interessados devem preencher os seus dados, receber\u00e3o depois uma mensagem SMS no telem\u00f3vel para confirma\u00e7\u00e3o do dia, hora e local da vacina\u00e7\u00e3o. \u00c9 necess\u00e1rio responder a esta mensagem com a palavra SIM &#8211; sem esta resposta o agendamento n\u00e3o fica confirmado.<\/p>\n<p>Para qualquer d\u00favida deve ser contactada a respetiva unidade de sa\u00fade ou a linha direta do Centro de Vacina\u00e7\u00e3o do Cartaxo:<\/p>\n<p>\u2714 Centro de Vacina\u00e7\u00e3o \u2013 243 700 255 | 963 967 936<br \/>\n\u2714 USF D. Sancho I \u2013 243 700 810<br \/>\n\u2714 USF Cartaxo Terra Viva \u2013 243 700 658<br \/>\n\u2714 UCSP Cartaxo &#8211; 243 700 666<\/p>\n<p>A C\u00e2mara Municipal apela aos utentes que possam n\u00e3o ter a sua informa\u00e7\u00e3o de contacto atualizada, que o fa\u00e7am junto da unidade de sa\u00fade em que estiverem inscritos.<\/p>\n<p><strong>\u00a0 \u00a0 Fonte: GC|CMC<\/strong><\/p>\n","protected":false},"excerpt":{"rendered":"<p>At\u00e9 ao dia 15 de agosto, as equipas da \u00e1rea da sa\u00fade, prote\u00e7\u00e3o civil municipal, bombeiros municipais e trabalhadores de outras \u00e1reas de servi\u00e7os da C\u00e2mara Municipal que asseguram o Centro de Vacina\u00e7\u00e3o do Cartaxo, administraram 32277 vacinas \u00e0 popula\u00e7\u00e3o \u2013 15684 foram primeiras doses e 16593 foram segundas doses. De referir que o Cartaxo [&hellip;]<\/p>\n","protected":false},"author":2,"featured_media":6869,"comment_status":"open","ping_status":"open","sticky":false,"template":"","format":"standard","meta":{"footnotes":""},"categories":[6],"tags":[],"class_list":["post-6866","post","type-post","status-publish","format-standard","has-post-thumbnail","hentry","category-saude"],"_links":{"self":[{"href":"https:\/\/tintafresca.net\/index.php\/wp-json\/wp\/v2\/posts\/6866","targetHints":{"allow":["GET"]}}],"collection":[{"href":"https:\/\/tintafresca.net\/index.php\/wp-json\/wp\/v2\/posts"}],"about":[{"href":"https:\/\/tintafresca.net\/index.php\/wp-json\/wp\/v2\/types\/post"}],"author":[{"embeddable":true,"href":"https:\/\/tintafresca.net\/index.php\/wp-json\/wp\/v2\/users\/2"}],"replies":[{"embeddable":true,"href":"https:\/\/tintafresca.net\/index.php\/wp-json\/wp\/v2\/comments?post=6866"}],"version-history":[{"count":4,"href":"https:\/\/tintafresca.net\/index.php\/wp-json\/wp\/v2\/posts\/6866\/revisions"}],"predecessor-version":[{"id":6872,"href":"https:\/\/tintafresca.net\/index.php\/wp-json\/wp\/v2\/posts\/6866\/revisions\/6872"}],"wp:featuredmedia":[{"embeddable":true,"href":"https:\/\/tintafresca.net\/index.php\/wp-json\/wp\/v2\/media\/6869"}],"wp:attachment":[{"href":"https:\/\/tintafresca.net\/index.php\/wp-json\/wp\/v2\/media?parent=6866"}],"wp:term":[{"taxonomy":"category","embeddable":true,"href":"https:\/\/tintafresca.net\/index.php\/wp-json\/wp\/v2\/categories?post=6866"},{"taxonomy":"post_tag","embeddable":true,"href":"https:\/\/tintafresca.net\/index.php\/wp-json\/wp\/v2\/tags?post=6866"}],"curies":[{"name":"wp","href":"https:\/\/api.w.org\/{rel}","templated":true}]}}