{"id":692,"date":"2021-01-19T19:09:51","date_gmt":"2021-01-19T18:09:51","guid":{"rendered":"https:\/\/tintafresca.net\/?p=692"},"modified":"2021-01-20T10:16:19","modified_gmt":"2021-01-20T09:16:19","slug":"presidente-da-camara-municipal-de-obidos-defende-encerramento-temporario-das-escolas","status":"publish","type":"post","link":"https:\/\/tintafresca.net\/index.php\/2021\/01\/19\/presidente-da-camara-municipal-de-obidos-defende-encerramento-temporario-das-escolas\/","title":{"rendered":"Presidente da C\u00e2mara Municipal de \u00d3bidos defende encerramento tempor\u00e1rio das escolas"},"content":{"rendered":"<div id=\"attachment_691\" style=\"width: 510px\" class=\"wp-caption alignleft\"><img loading=\"lazy\" decoding=\"async\" aria-describedby=\"caption-attachment-691\" class=\"wp-image-691\" src=\"https:\/\/tintafresca.net\/wp-content\/uploads\/2021\/01\/Obidos_Testes_Alunos_Escolas-294x300.jpeg\" alt=\"\" width=\"500\" height=\"511\" srcset=\"https:\/\/tintafresca.net\/wp-content\/uploads\/2021\/01\/Obidos_Testes_Alunos_Escolas-294x300.jpeg 294w, https:\/\/tintafresca.net\/wp-content\/uploads\/2021\/01\/Obidos_Testes_Alunos_Escolas-768x785.jpeg 768w, https:\/\/tintafresca.net\/wp-content\/uploads\/2021\/01\/Obidos_Testes_Alunos_Escolas.jpeg 1002w\" sizes=\"auto, (max-width: 500px) 100vw, 500px\" \/><p id=\"caption-attachment-691\" class=\"wp-caption-text\">\u00d3bidos vai testar, at\u00e9 sexta-feira, 1300 alunos<\/p><\/div>\n<p>Come\u00e7aram a ser testados \u00e0 Covid-19 esta ter\u00e7a-feira alunos do Agrupamento de Escolas Josefa de \u00d3bidos. Ao todo ser\u00e3o 1300 alunos que far\u00e3o o teste de forma volunt\u00e1ria e de todos os anos de escolaridade, desde os jardins-de-inf\u00e2ncia ao 12.\u00ba ano. No dia 19 de Janeiro, foi dia dos mais pequenos, que fizeram o teste acompanhados pelos pais.<\/p>\n<p>Os 1500 testes antig\u00e9nio de leitura r\u00e1pida destinados a toda a comunidade escolar foram adquiridos pelo Munic\u00edpio de \u00d3bidos. Os testes j\u00e1 come\u00e7aram a ser realizados e v\u00e3o terminar na pr\u00f3xima sexta-feira. Participam na testagem, uma m\u00e9dica, quatro enfermeiros e quatro elementos de apoio administrativo e da Prote\u00e7\u00e3o Civil Municipal. Todo o processo ser\u00e1 coordenado pela delegada de sa\u00fade, a m\u00e9dica F\u00e1tima Pais.<\/p>\n<p>O presidente da C\u00e2mara Municipal de \u00d3bidos afirma que \u201cnesta fase, se queremos achatar ao m\u00e1ximo a curva no menor espa\u00e7o de tempo, as escolas deveriam encerrar, como, de resto, se mostra pelas mais recentes proje\u00e7\u00f5es\u201d. \u201cLamento que at\u00e9 hoje a Administra\u00e7\u00e3o Central n\u00e3o tenha assumido essa prioridade\u201d, desabafa Humberto Marques, sublinhando que \u201ch\u00e1 necessidade de haver apoios efetivos e c\u00e9leres \u00e0s fam\u00edlias em caso de encerramento tempor\u00e1rio dos estabelecimentos de ensino\u201d.<\/p>\n<p>Humberto Marques explica ainda que esta testagem da comunidade escolar \u201cvem em linha com o que vimos a fazer, em articula\u00e7\u00e3o com a autoridade de sa\u00fade local\u201d, ou seja, \u201ctestar, rastrear, isolar para anteciparmos, de modo a evitar a transmiss\u00e3o descontrolada\u201d. \u201cDesde do in\u00edcio da pandemia que come\u00e7amos a testar todos os professores, pessoal n\u00e3o docente e agora todos os alunos para chegarmos \u00e0 origem de eventuais focos de infe\u00e7\u00e3o\u201d, recorda o presidente da C\u00e2mara Municipal de \u00d3bidos, que considera \u201cque s\u00f3 assim podemos ter um efeito mais duradouro, em conjunto com as restantes medidas de confinamento\u201d.<\/p>\n<p>Recorde-se que, at\u00e9 \u00e0 data (18 de Janeiro), o concelho de \u00d3bidos tem 357 casos acumulados, dos quais 115 ativos neste momento e 227 recuperados da doen\u00e7a. H\u00e1 a lamentar a morte de 15 pessoas, a maior parte (13 \u00f3bitos) utentes de uma Estrutura Residencial para Idosos localizada no concelho.<\/p>\n<p><strong>\u00a0 \u00a0 \u00a0Fonte: GCI|CMO<\/strong><\/p>\n","protected":false},"excerpt":{"rendered":"<p>Come\u00e7aram a ser testados \u00e0 Covid-19 esta ter\u00e7a-feira alunos do Agrupamento de Escolas Josefa de \u00d3bidos. Ao todo ser\u00e3o 1300 alunos que far\u00e3o o teste de forma volunt\u00e1ria e de todos os anos de escolaridade, desde os jardins-de-inf\u00e2ncia ao 12.\u00ba ano. No dia 19 de Janeiro, foi dia dos mais pequenos, que fizeram o teste [&hellip;]<\/p>\n","protected":false},"author":2,"featured_media":693,"comment_status":"open","ping_status":"open","sticky":false,"template":"","format":"standard","meta":{"footnotes":""},"categories":[14,6],"tags":[],"class_list":["post-692","post","type-post","status-publish","format-standard","has-post-thumbnail","hentry","category-educacao","category-saude"],"_links":{"self":[{"href":"https:\/\/tintafresca.net\/index.php\/wp-json\/wp\/v2\/posts\/692","targetHints":{"allow":["GET"]}}],"collection":[{"href":"https:\/\/tintafresca.net\/index.php\/wp-json\/wp\/v2\/posts"}],"about":[{"href":"https:\/\/tintafresca.net\/index.php\/wp-json\/wp\/v2\/types\/post"}],"author":[{"embeddable":true,"href":"https:\/\/tintafresca.net\/index.php\/wp-json\/wp\/v2\/users\/2"}],"replies":[{"embeddable":true,"href":"https:\/\/tintafresca.net\/index.php\/wp-json\/wp\/v2\/comments?post=692"}],"version-history":[{"count":1,"href":"https:\/\/tintafresca.net\/index.php\/wp-json\/wp\/v2\/posts\/692\/revisions"}],"predecessor-version":[{"id":694,"href":"https:\/\/tintafresca.net\/index.php\/wp-json\/wp\/v2\/posts\/692\/revisions\/694"}],"wp:featuredmedia":[{"embeddable":true,"href":"https:\/\/tintafresca.net\/index.php\/wp-json\/wp\/v2\/media\/693"}],"wp:attachment":[{"href":"https:\/\/tintafresca.net\/index.php\/wp-json\/wp\/v2\/media?parent=692"}],"wp:term":[{"taxonomy":"category","embeddable":true,"href":"https:\/\/tintafresca.net\/index.php\/wp-json\/wp\/v2\/categories?post=692"},{"taxonomy":"post_tag","embeddable":true,"href":"https:\/\/tintafresca.net\/index.php\/wp-json\/wp\/v2\/tags?post=692"}],"curies":[{"name":"wp","href":"https:\/\/api.w.org\/{rel}","templated":true}]}}