{"id":6968,"date":"2021-08-22T21:57:07","date_gmt":"2021-08-22T21:57:07","guid":{"rendered":"https:\/\/tintafresca.net\/?p=6968"},"modified":"2021-08-22T21:57:07","modified_gmt":"2021-08-22T21:57:07","slug":"camara-municipal-do-cartaxo-mantem-abertas-inscricoes-para-workshop-e-residencias-artisticas","status":"publish","type":"post","link":"https:\/\/tintafresca.net\/index.php\/2021\/08\/22\/camara-municipal-do-cartaxo-mantem-abertas-inscricoes-para-workshop-e-residencias-artisticas\/","title":{"rendered":"C\u00e2mara Municipal do Cartaxo mant\u00e9m abertas inscri\u00e7\u00f5es para workshop e resid\u00eancias art\u00edsticas"},"content":{"rendered":"<div id=\"attachment_6970\" style=\"width: 510px\" class=\"wp-caption alignleft\"><img loading=\"lazy\" decoding=\"async\" aria-describedby=\"caption-attachment-6970\" class=\"wp-image-6970 size-full\" src=\"https:\/\/tintafresca.net\/wp-content\/uploads\/2021\/08\/Cartaxo_open-call-redes-sociais-novasdatas20.jpg\" alt=\"\" width=\"500\" height=\"500\" \/><p id=\"caption-attachment-6970\" class=\"wp-caption-text\">Cartaz<\/p><\/div>\n<p>No \u00e2mbito da programa\u00e7\u00e3o em Rede, a C\u00e2mara Municipal do Cartaxo mant\u00e9m abertas inscri\u00e7\u00f5es \u2013 Open Call \u2013, para um workshop e tr\u00eas resid\u00eancias art\u00edsticas em \u00e1reas como a dan\u00e7a, o cinema, a arte urbana ou as artes de rua. As inscri\u00e7\u00f5es s\u00e3o gratuitas, mas sujeitas \u00e0s vagas dispon\u00edveis.<\/p>\n<p>Do workshop e das resid\u00eancias art\u00edsticas, resultar\u00e3o apresenta\u00e7\u00f5es p\u00fablicas, resultado do trabalho desenvolvido pelos participantes.<\/p>\n<p><strong>EST\u00c1TUAS VIVAS<\/strong><\/p>\n<p>Valoriz\u2019ARTE<\/p>\n<p>19 a 23 de outubro<\/p>\n<p>INSCRI\u00c7\u00d5ES<br \/>\nquideia.animacoes@gmail.com<\/p>\n<p>assunto: Open call Cartaxo<br \/>\na partir dos 15 anos<br \/>\n10 participantes<\/p>\n<p>TEMA:\u00a0Baco e outros personagens m\u00edticos ou hist\u00f3ricos<\/p>\n<p>Dinamizador QUIDEIA<\/p>\n<p>Constru\u00e7\u00e3o de fatos e maquilhagem, cria\u00e7\u00e3o de personagem e performance, reflex\u00e3o sobre \u00e9tica e postura de trabalho. No \u00faltimo dia da resid\u00eancia art\u00edstica, os(as) participantes v\u00e3o apresentar o resultado da sua aprendizagem num evento p\u00fablico, a decorrer no concelho, no qual cada participante ser\u00e1 desafiado a representar a personagem que criou, diante da popula\u00e7\u00e3o.<\/p>\n<p><strong>APRESENTA\u00c7\u00c3O FINAL<br \/>\n<\/strong>23 de outubro . 10h00 \u2014 12h00<br \/>\nPra\u00e7a 15 de Dezembro<br \/>\nCartaxo<\/p>\n<p><strong>ARTE URBAN<br \/>\n<\/strong>Workshop<br \/>\n14 a 17 outubro<\/p>\n<p>INSCRI\u00c7\u00d5ES<br \/>\na partir dos 15 anos<br \/>\n12 participantes<br \/>\nbigodpt@gmail.com<br \/>\nassunto: Open call Cartaxo<\/p>\n<p>TEMA:\u00a0A vinha e o vinho<br \/>\nDinamizador Jo\u00e3o Domingos (BIGOD)<br \/>\nWorkshop de pintura com stencil.<\/p>\n<p>Programa do workshop: apresenta\u00e7\u00e3o da t\u00e9cnica de stencil; apresenta\u00e7\u00e3o do trabalho, evolu\u00e7\u00e3o da t\u00e9cnica; experimenta\u00e7\u00e3o de corte de stencil; pintura do stencil em outros suportes; escolha da imagem a trabalhar para a pintura em mural; explica\u00e7\u00e3o de processos at\u00e9 ao stencil final; corte e aplica\u00e7\u00e3o do stencil. Os(as) participantes v\u00e3o usar a t\u00e9cnica aprendida na cria\u00e7\u00e3o de um mural, no Museu Rural e do Vinho.<\/p>\n<p><strong>APRESENTA\u00c7\u00c3O FINAL<br \/>\n<\/strong>17 de outubro . 17h00<\/p>\n<p>Museu Rural e do Vinho<br \/>\nCartaxo<\/p>\n<p><strong>Dan\u00e7ar com VINDIMAS\u00a0\u00a0\u00a0\u00a0\u00a0\u00a0\u00a0\u00a0 <\/strong><\/p>\n<p>24 a 27 de agosto<\/p>\n<p>INSCRI\u00c7\u00d5ES:\u00a0a partir dos 15 anos<br \/>\n10 participantes<br \/>\ncirculoscalabitano@gmail.com<br \/>\nassunto: Open call Cartaxo<\/p>\n<p>TEMA:\u00a0As vindimas<br \/>\nDinamizador<br \/>\nCCS \u2013 Circulo Cultural Scalabitano<\/p>\n<p>Resid\u00eancia art\u00edstica, conduzida por bailarinos profissionais que desafiam os(as) participantes a descobrir novos modos de express\u00e3o atrav\u00e9s da dan\u00e7a. O trabalho decorrer\u00e1 de forma intensiva, ao longo de uma semana, culminando na apresenta\u00e7\u00e3o p\u00fablica de um espet\u00e1culo final. A escolha do tema recaiu sobre um patrim\u00f3nio imaterial comum aos munic\u00edpios da Lez\u00edria do Tejo: As Vindimas.<\/p>\n<p><strong>APRESENTA\u00c7\u00c3O FINAL<br \/>\n<\/strong>28 agosto . 21h30<br \/>\nCentro Cultural do Cartaxo<\/p>\n<p><strong>CINEMA DOCUMENTAL<\/strong><\/p>\n<p><strong>Vale<\/strong><\/p>\n<p>25 a 29 outubro<\/p>\n<p>INSCRI\u00c7\u00d5ES:\u00a0entre os 15 e 18 anos\u00a0(preferencialmente)<br \/>\n10 participantes<br \/>\nhello@wavesofyouth.com<br \/>\nassunto: Open call Cartaxo<\/p>\n<p>TEMA:\u00a0A vinha e o vinho<br \/>\nDinamizador<\/p>\n<p>WAVES OF YOUTH<\/p>\n<p>Esta resid\u00eancia art\u00edstica \u00e9 dedicada ao cinema documental. Coordenados(as) por Miguel Canaverde e Pedro Mourinha \u2014 Waves Of Youth \u2014, os(as) participantes v\u00e3o construir um document\u00e1rio sobre o patrim\u00f3nio imaterial do concelho do Cartaxo ligado \u00e0 vinha e ao vinho. O document\u00e1rio final ser\u00e1 exibido ao p\u00fablico no Dia Internacional do Cinema.<\/p>\n<p><strong>APRESENTA\u00c7\u00c3O FINAL<br \/>\n<\/strong>5 novembro . 21h30<br \/>\nCentro Cultural do Cartaxo<\/p>\n<p><strong>Programa\u00e7\u00e3o em Rede valoriza a rela\u00e7\u00e3o com a comunidade local<\/strong><\/p>\n<p>O <em>Plano de A\u00e7\u00e3o Programa\u00e7\u00e3o em Rede \/ Lez\u00edria do Tejo<\/em> \u00e9 uma iniciativa da Comunidade Intermunicipal da Lez\u00edria do Tejo (CIMLT) em parceria com os 11 munic\u00edpios que a integram e conta com o apoio financeiro da Uni\u00e3o Europeia (Fundo Europeu de Desenvolvimento Regional), Portugal 2020 e Alentejo 2020.<\/p>\n<p>Como objetivo central, destaca-se a promo\u00e7\u00e3o e dinamiza\u00e7\u00e3o do patrim\u00f3nio cultural, enquanto instrumento de diferencia\u00e7\u00e3o e competitividade do territ\u00f3rio, atrav\u00e9s da sua qualifica\u00e7\u00e3o e valoriza\u00e7\u00e3o tur\u00edstica.<\/p>\n<p>Para alcan\u00e7ar este objetivo, privilegiou-se uma metodologia assente na capacidade art\u00edstica e criativa do territ\u00f3rio \u2013\u00a0 promovendo a participa\u00e7\u00e3o da popula\u00e7\u00e3o \u2013, e uma aposta forte no patrim\u00f3nio imaterial.<\/p>\n<p>Em 2021, est\u00e1 em execu\u00e7\u00e3o o <em>Eixo 1 \u2013 Lez\u00edria Imaterial<\/em> que prev\u00ea seis projetos transversais, com execu\u00e7\u00e3o em todos os munic\u00edpios e um projeto que assume a especificidade de cada concelho.<\/p>\n","protected":false},"excerpt":{"rendered":"<p>No \u00e2mbito da programa\u00e7\u00e3o em Rede, a C\u00e2mara Municipal do Cartaxo mant\u00e9m abertas inscri\u00e7\u00f5es \u2013 Open Call \u2013, para um workshop e tr\u00eas resid\u00eancias art\u00edsticas em \u00e1reas como a dan\u00e7a, o cinema, a arte urbana ou as artes de rua. As inscri\u00e7\u00f5es s\u00e3o gratuitas, mas sujeitas \u00e0s vagas dispon\u00edveis. Do workshop e das resid\u00eancias art\u00edsticas, [&hellip;]<\/p>\n","protected":false},"author":2,"featured_media":6971,"comment_status":"open","ping_status":"open","sticky":false,"template":"","format":"standard","meta":{"footnotes":""},"categories":[1],"tags":[],"class_list":["post-6968","post","type-post","status-publish","format-standard","has-post-thumbnail","hentry","category-uncategorized"],"_links":{"self":[{"href":"https:\/\/tintafresca.net\/index.php\/wp-json\/wp\/v2\/posts\/6968","targetHints":{"allow":["GET"]}}],"collection":[{"href":"https:\/\/tintafresca.net\/index.php\/wp-json\/wp\/v2\/posts"}],"about":[{"href":"https:\/\/tintafresca.net\/index.php\/wp-json\/wp\/v2\/types\/post"}],"author":[{"embeddable":true,"href":"https:\/\/tintafresca.net\/index.php\/wp-json\/wp\/v2\/users\/2"}],"replies":[{"embeddable":true,"href":"https:\/\/tintafresca.net\/index.php\/wp-json\/wp\/v2\/comments?post=6968"}],"version-history":[{"count":2,"href":"https:\/\/tintafresca.net\/index.php\/wp-json\/wp\/v2\/posts\/6968\/revisions"}],"predecessor-version":[{"id":6972,"href":"https:\/\/tintafresca.net\/index.php\/wp-json\/wp\/v2\/posts\/6968\/revisions\/6972"}],"wp:featuredmedia":[{"embeddable":true,"href":"https:\/\/tintafresca.net\/index.php\/wp-json\/wp\/v2\/media\/6971"}],"wp:attachment":[{"href":"https:\/\/tintafresca.net\/index.php\/wp-json\/wp\/v2\/media?parent=6968"}],"wp:term":[{"taxonomy":"category","embeddable":true,"href":"https:\/\/tintafresca.net\/index.php\/wp-json\/wp\/v2\/categories?post=6968"},{"taxonomy":"post_tag","embeddable":true,"href":"https:\/\/tintafresca.net\/index.php\/wp-json\/wp\/v2\/tags?post=6968"}],"curies":[{"name":"wp","href":"https:\/\/api.w.org\/{rel}","templated":true}]}}