{"id":725,"date":"2021-01-20T20:42:06","date_gmt":"2021-01-20T19:42:06","guid":{"rendered":"https:\/\/tintafresca.net\/?p=725"},"modified":"2021-01-20T20:42:06","modified_gmt":"2021-01-20T19:42:06","slug":"servicos-e-equipamentos-do-municipio-da-nazare-encerrados-durante-o-confinamento","status":"publish","type":"post","link":"https:\/\/tintafresca.net\/index.php\/2021\/01\/20\/servicos-e-equipamentos-do-municipio-da-nazare-encerrados-durante-o-confinamento\/","title":{"rendered":"Servi\u00e7os e Equipamentos do Munic\u00edpio da Nazar\u00e9 encerrados durante o confinamento"},"content":{"rendered":"<div id=\"attachment_726\" style=\"width: 324px\" class=\"wp-caption alignleft\"><img loading=\"lazy\" decoding=\"async\" aria-describedby=\"caption-attachment-726\" class=\"wp-image-726 size-full\" src=\"https:\/\/tintafresca.net\/wp-content\/uploads\/2021\/01\/Camara_Nazare02.jpg\" alt=\"\" width=\"314\" height=\"235\" srcset=\"https:\/\/tintafresca.net\/wp-content\/uploads\/2021\/01\/Camara_Nazare02.jpg 314w, https:\/\/tintafresca.net\/wp-content\/uploads\/2021\/01\/Camara_Nazare02-300x225.jpg 300w\" sizes=\"auto, (max-width: 314px) 100vw, 314px\" \/><p id=\"caption-attachment-726\" class=\"wp-caption-text\">Sede da C\u00e2mara Municipal da Nazar\u00e9<\/p><\/div>\n<p>Servi\u00e7os e equipamentos do Munic\u00edpio da Nazar\u00e9 encerraram ao p\u00fablico no \u00e2mbito do novo per\u00edodo confinamento no pa\u00eds, mantendo-se, na maioria, o atendimento por telefone e por vias digitais.<\/p>\n<p>No edif\u00edcio dos Pa\u00e7os do Concelho s\u00f3 ser\u00e1 poss\u00edvel o atendimento presencial do p\u00fablico mediante marca\u00e7\u00e3o pr\u00e9via, e se se verificar que as alternativas, por telefone ou online, n\u00e3o s\u00e3o vi\u00e1veis para tratar do assunto exposto.<\/p>\n<p>Os interessados dever\u00e3o fundamentar a necessidade de se deslocar ao edif\u00edcio camar\u00e1rio, atrav\u00e9s do Servi\u00e7o de Atendimento Telef\u00f3nico (262 550 010), de segunda a sexta-feira, das 9 \u00e0s 16 horas.<\/p>\n<p>A Universidade S\u00e9nior (USN), o Cemit\u00e9rio, os Sanit\u00e1rios P\u00fablicos, os Equipamentos Desportivos e Culturais encerraram os seus servi\u00e7os ao p\u00fablico.<\/p>\n<p>As aulas da USN voltaram a ser dadas online, mantendo-se o contacto regular com os alunos em situa\u00e7\u00e3o de isolamento e o apoio \u00e0 restante comunidade educativa, por via digital e telef\u00f3nica.<\/p>\n<p>O Cemit\u00e9rio da Pederneira tamb\u00e9m se encontra encerrado, abrindo para os funerais, tal como a casa mortu\u00e1ria, e com regras de funcionamento que est\u00e3o de acordo com as divulgadas pelo Governo.<\/p>\n<p>Quanto aos mercados e feiras, foi decidido o cancelamento da Feira Semanal das sextas-feiras e mantido o funcionamento do Mercado Municipal para a aquisi\u00e7\u00e3o de bens alimentares.<\/p>\n<p>Os equipamentos desportivos tamb\u00e9m alteraram a sua rotina. Todo o complexo desportivo e as Piscinas Municipais est\u00e3o encerradas ao p\u00fablico, tendo o programa de manuten\u00e7\u00e3o \u201cNazar\u00e9 Fit&amp;Well\u201d sido suspenso e transposto para aulas on-line, com a disponibiliza\u00e7\u00e3o de treinos em v\u00eddeo no facebook do Munic\u00edpio da Nazar\u00e9.<\/p>\n<p>J\u00e1 quanto aos equipamentos culturais sob gest\u00e3o aut\u00e1rquica, encerraram o Centro Cultural da Nazar\u00e9 (em obras de conserva\u00e7\u00e3o) e a Biblioteca Municipal da Nazar\u00e9, mantendo-se, neste servi\u00e7o, o atendimento ao p\u00fablico mediante marca\u00e7\u00e3o pr\u00e9via.<\/p>\n<p>Para os mun\u00edcipes que precisarem de tratar de assuntos com o balc\u00e3o dos Servi\u00e7os Municipalizados, a funcionar no mercado municipal, \u00e9 disponibilizada a linha telef\u00f3nica 939\u00a0100\u00a0088 uma vez que o atendimento passou a ser feito por marca\u00e7\u00e3o pr\u00e9via.<\/p>\n<p>Foram, tamb\u00e9m, disponibilizadas as linhas telef\u00f3nicas da a\u00e7\u00e3o social para Apoio Social, Popula\u00e7\u00e3o +65 e Apoio Psicol\u00f3gico (931\u00a0114\u00a0672; 936\u00a0858\u00a0375 e 932\u00a0230\u00a0749, respetivamente).<\/p>\n<p><strong>\u00a0 \u00a0 Fonte: SML|GCI|CMN<\/strong><\/p>\n","protected":false},"excerpt":{"rendered":"<p>Servi\u00e7os e equipamentos do Munic\u00edpio da Nazar\u00e9 encerraram ao p\u00fablico no \u00e2mbito do novo per\u00edodo confinamento no pa\u00eds, mantendo-se, na maioria, o atendimento por telefone e por vias digitais. No edif\u00edcio dos Pa\u00e7os do Concelho s\u00f3 ser\u00e1 poss\u00edvel o atendimento presencial do p\u00fablico mediante marca\u00e7\u00e3o pr\u00e9via, e se se verificar que as alternativas, por telefone [&hellip;]<\/p>\n","protected":false},"author":2,"featured_media":726,"comment_status":"open","ping_status":"open","sticky":false,"template":"","format":"standard","meta":{"footnotes":""},"categories":[6,11],"tags":[],"class_list":["post-725","post","type-post","status-publish","format-standard","has-post-thumbnail","hentry","category-saude","category-sociedade"],"_links":{"self":[{"href":"https:\/\/tintafresca.net\/index.php\/wp-json\/wp\/v2\/posts\/725","targetHints":{"allow":["GET"]}}],"collection":[{"href":"https:\/\/tintafresca.net\/index.php\/wp-json\/wp\/v2\/posts"}],"about":[{"href":"https:\/\/tintafresca.net\/index.php\/wp-json\/wp\/v2\/types\/post"}],"author":[{"embeddable":true,"href":"https:\/\/tintafresca.net\/index.php\/wp-json\/wp\/v2\/users\/2"}],"replies":[{"embeddable":true,"href":"https:\/\/tintafresca.net\/index.php\/wp-json\/wp\/v2\/comments?post=725"}],"version-history":[{"count":1,"href":"https:\/\/tintafresca.net\/index.php\/wp-json\/wp\/v2\/posts\/725\/revisions"}],"predecessor-version":[{"id":727,"href":"https:\/\/tintafresca.net\/index.php\/wp-json\/wp\/v2\/posts\/725\/revisions\/727"}],"wp:featuredmedia":[{"embeddable":true,"href":"https:\/\/tintafresca.net\/index.php\/wp-json\/wp\/v2\/media\/726"}],"wp:attachment":[{"href":"https:\/\/tintafresca.net\/index.php\/wp-json\/wp\/v2\/media?parent=725"}],"wp:term":[{"taxonomy":"category","embeddable":true,"href":"https:\/\/tintafresca.net\/index.php\/wp-json\/wp\/v2\/categories?post=725"},{"taxonomy":"post_tag","embeddable":true,"href":"https:\/\/tintafresca.net\/index.php\/wp-json\/wp\/v2\/tags?post=725"}],"curies":[{"name":"wp","href":"https:\/\/api.w.org\/{rel}","templated":true}]}}