{"id":731,"date":"2021-01-21T09:46:22","date_gmt":"2021-01-21T08:46:22","guid":{"rendered":"https:\/\/tintafresca.net\/?p=731"},"modified":"2021-01-21T09:47:12","modified_gmt":"2021-01-21T08:47:12","slug":"camara-de-santarem-proibe-acesso-a-espacos-publicos-em-santarem","status":"publish","type":"post","link":"https:\/\/tintafresca.net\/index.php\/2021\/01\/21\/camara-de-santarem-proibe-acesso-a-espacos-publicos-em-santarem\/","title":{"rendered":"C\u00e2mara de Santar\u00e9m pro\u00edbe acesso a espa\u00e7os p\u00fablicos da cidade"},"content":{"rendered":"<div id=\"attachment_732\" style=\"width: 510px\" class=\"wp-caption alignleft\"><img loading=\"lazy\" decoding=\"async\" aria-describedby=\"caption-attachment-732\" class=\"wp-image-732 size-full\" src=\"https:\/\/tintafresca.net\/wp-content\/uploads\/2021\/01\/Santarem_Interdicao_Parques10.jpg\" alt=\"\" width=\"500\" height=\"292\" srcset=\"https:\/\/tintafresca.net\/wp-content\/uploads\/2021\/01\/Santarem_Interdicao_Parques10.jpg 500w, https:\/\/tintafresca.net\/wp-content\/uploads\/2021\/01\/Santarem_Interdicao_Parques10-300x175.jpg 300w\" sizes=\"auto, (max-width: 500px) 100vw, 500px\" \/><p id=\"caption-attachment-732\" class=\"wp-caption-text\">Encerramento dos parques p\u00fablicos v\u00e3o estar sinalizados com fitas vermelhas<\/p><\/div>\n<p>No \u00e2mbito do artigo 35\u00ba-A do Decreto n.\u00ba 3-B\/2021 de 19 de janeiro, o Munic\u00edpio de Santar\u00e9m informa o encerramento de espa\u00e7os p\u00fablicos onde se verifique aglomera\u00e7\u00e3o de pessoas, a proibi\u00e7\u00e3o da utiliza\u00e7\u00e3o de bancos de jardim, parques infantis, espa\u00e7os de jogo e recreio, equipamentos p\u00fablicos para a pr\u00e1ticas desportiva (fitness) e espa\u00e7os polidesportivos.<\/p>\n<p>Neste sentido, encontra-se interdita a utiliza\u00e7\u00e3o do skate parque, o acesso ao Coreto no Jardim da Rep\u00fablica e ao Jardim das Portas do Sol.<\/p>\n<p>Todos os espa\u00e7os encerrados est\u00e3o devidamente assinalados com fitas inibidoras de utiliza\u00e7\u00e3o e com afixa\u00e7\u00e3o de cartazes onde se informa sobre esta proibi\u00e7\u00e3o.<\/p>\n<p>A C\u00e2mara Municipal de Santar\u00e9m solicita a todos os mun\u00edcipes o cumprimento de todas estas determina\u00e7\u00f5es, de forma a atenuar ou suprimir a propaga\u00e7\u00e3o do v\u00edrus Covid-19 pela comunidade local.<\/p>\n<p><strong> Fonte: IV|GRPC|CMS<\/strong><\/p>\n","protected":false},"excerpt":{"rendered":"<p>No \u00e2mbito do artigo 35\u00ba-A do Decreto n.\u00ba 3-B\/2021 de 19 de janeiro, o Munic\u00edpio de Santar\u00e9m informa o encerramento de espa\u00e7os p\u00fablicos onde se verifique aglomera\u00e7\u00e3o de pessoas, a proibi\u00e7\u00e3o da utiliza\u00e7\u00e3o de bancos de jardim, parques infantis, espa\u00e7os de jogo e recreio, equipamentos p\u00fablicos para a pr\u00e1ticas desportiva (fitness) e espa\u00e7os polidesportivos. Neste [&hellip;]<\/p>\n","protected":false},"author":2,"featured_media":733,"comment_status":"open","ping_status":"open","sticky":false,"template":"","format":"standard","meta":{"footnotes":""},"categories":[6,11],"tags":[],"class_list":["post-731","post","type-post","status-publish","format-standard","has-post-thumbnail","hentry","category-saude","category-sociedade"],"_links":{"self":[{"href":"https:\/\/tintafresca.net\/index.php\/wp-json\/wp\/v2\/posts\/731","targetHints":{"allow":["GET"]}}],"collection":[{"href":"https:\/\/tintafresca.net\/index.php\/wp-json\/wp\/v2\/posts"}],"about":[{"href":"https:\/\/tintafresca.net\/index.php\/wp-json\/wp\/v2\/types\/post"}],"author":[{"embeddable":true,"href":"https:\/\/tintafresca.net\/index.php\/wp-json\/wp\/v2\/users\/2"}],"replies":[{"embeddable":true,"href":"https:\/\/tintafresca.net\/index.php\/wp-json\/wp\/v2\/comments?post=731"}],"version-history":[{"count":2,"href":"https:\/\/tintafresca.net\/index.php\/wp-json\/wp\/v2\/posts\/731\/revisions"}],"predecessor-version":[{"id":735,"href":"https:\/\/tintafresca.net\/index.php\/wp-json\/wp\/v2\/posts\/731\/revisions\/735"}],"wp:featuredmedia":[{"embeddable":true,"href":"https:\/\/tintafresca.net\/index.php\/wp-json\/wp\/v2\/media\/733"}],"wp:attachment":[{"href":"https:\/\/tintafresca.net\/index.php\/wp-json\/wp\/v2\/media?parent=731"}],"wp:term":[{"taxonomy":"category","embeddable":true,"href":"https:\/\/tintafresca.net\/index.php\/wp-json\/wp\/v2\/categories?post=731"},{"taxonomy":"post_tag","embeddable":true,"href":"https:\/\/tintafresca.net\/index.php\/wp-json\/wp\/v2\/tags?post=731"}],"curies":[{"name":"wp","href":"https:\/\/api.w.org\/{rel}","templated":true}]}}